{"id":1120,"date":"2022-11-15T11:56:55","date_gmt":"2022-11-15T10:56:55","guid":{"rendered":"https:\/\/www.menschenrechte.org\/blog\/?p=1120"},"modified":"2022-11-15T11:58:08","modified_gmt":"2022-11-15T10:58:08","slug":"nichtunserewm-10-dinge-die-auch-du-gegen-die-wm-in-katar-2022-tun-kannst-und-solltest","status":"publish","type":"post","link":"https:\/\/www.menschenrechte.org\/blog\/nichtunserewm-10-dinge-die-auch-du-gegen-die-wm-in-katar-2022-tun-kannst-und-solltest\/","title":{"rendered":"#NichtUnsereWM &#8211; 10 Dinge, die auch DU gegen die WM in Katar 2022 tun kannst und solltest!"},"content":{"rendered":"\n<p>In K\u00fcrze findet die Fu\u00dfball-Weltmeisterschaft der M\u00e4nner in Katar statt. Vom 20. November bis zum 18. Dezember 2022 wird damit ein Sportturnier stattfinden, das, als menschenrechtlich besonders problematisch einzustufen ist. Insbesondere die katastrophalen Arbeitsbedingungen vor Ort, das ausbeuterische System der Gastarbeiter:innen, unzureichende Frauenrechte, mangelhafte Presse- und Meinungsfreiheit, Unterst\u00fctzung von extremistischen Organisationen und die diskriminierende LGBTIQ+ Gesetzgebung (z.B. Verbot von homosexueller Partnerschaft) in Katar sind hinreichend dokumentiert und m\u00fcssen scharf kritisiert werden.<\/p>\n\n\n\n<p>Menschenrechtsproblematische Regime sowie menschenrechtsfeindliche Strukturen d\u00fcrfen durch die Fu\u00dfballweltmeisterschaft nicht aufgewertet und legitimiert werden.<\/p>\n\n\n\n<p>Damit den Verantwortlichen klar wird, dass wir es damit ernst meinen, m\u00fcssen wir das h\u00f6chst profitable Zusammenspiel zwischen FIFA, Sponsoren und autokratischen Regimen st\u00f6ren. Wir m\u00fcssen deutlich zum Ausdruck bringen, dass ein \u201eweiter so\u201c v\u00f6llig inakzeptabel ist und wir echte Ver\u00e4nderungen brauchen.<\/p>\n\n\n\n<h3 class=\"wp-block-heading\">Was auch DU gegen die WM in Katar 2022 tun kannst und solltest?<\/h3>\n\n\n\n<ul class=\"wp-block-list\"><li><strong>Beteilige dich an der Social-Media-Aktion #NichtUnsereWM am Tag des Er\u00f6ffnungsspiels<\/strong>: Da unser Protest gegen diese WM umso wirkungsvoller ist, je mehr Akteure sich \u00f6ffentlich dagegen aussprechen, starten wir eine Social-Media-Aktion am Tag des Er\u00f6ffnungsspiels der WM. <strong>Hierzu schreiben wir \u201e#NichtUnsereWM\u201c gut lesbar auf einen Karton, fotografieren uns selbst und teilen das Bild am Er\u00f6ffnungsspieltag der WM (Sonntag, den 20. November) via Social Media.<\/strong> Genau durch solche Protestaktionen k\u00f6nnen wir in dieser Phase der WM unseren \u00c4rger zum Ausdruck bringen und \u00f6ffentlichkeitswirksam bekennen, dass wir die WM in Katar 2022 nicht unterst\u00fctzen. Je mehr Menschen und Organisationen bei dieser Aktion mitmachen, desto st\u00e4rker nat\u00fcrlich der Protest. Aus diesem Grund: Werde aktiv und unterst\u00fctze die Kampagne selbst und leite sie an Freunde, Bekannte, Kolleg:innen und Interessierte weiter! Du bist zu sp\u00e4t dran? Macht nichts. Die Kampagne l\u00e4uft bis zum 18. Dezember!<\/li><\/ul>\n\n\n\n<div class=\"wp-block-image\"><figure class=\"aligncenter size-large is-resized\"><img loading=\"lazy\" decoding=\"async\" src=\"https:\/\/www.menschenrechte.org\/blog\/wp-content\/uploads\/2022\/11\/Protestbeispielbild_Social-Media-597x1024.png\" alt=\"\" class=\"wp-image-1126\" width=\"428\" height=\"734\" srcset=\"https:\/\/www.menschenrechte.org\/blog\/wp-content\/uploads\/2022\/11\/Protestbeispielbild_Social-Media-597x1024.png 597w, https:\/\/www.menschenrechte.org\/blog\/wp-content\/uploads\/2022\/11\/Protestbeispielbild_Social-Media-175x300.png 175w, https:\/\/www.menschenrechte.org\/blog\/wp-content\/uploads\/2022\/11\/Protestbeispielbild_Social-Media-768x1316.png 768w, https:\/\/www.menschenrechte.org\/blog\/wp-content\/uploads\/2022\/11\/Protestbeispielbild_Social-Media-896x1536.png 896w, https:\/\/www.menschenrechte.org\/blog\/wp-content\/uploads\/2022\/11\/Protestbeispielbild_Social-Media-640x1097.png 640w, https:\/\/www.menschenrechte.org\/blog\/wp-content\/uploads\/2022\/11\/Protestbeispielbild_Social-Media.png 1014w\" sizes=\"auto, (max-width: 428px) 100vw, 428px\" \/><figcaption>Fiktiver Beispielpost<\/figcaption><\/figure><\/div>\n\n\n\n<ul class=\"wp-block-list\"><li><strong>Unterzeichne den Aufruf \u201e<a href=\"https:\/\/www.boycott-qatar.de\/aufruf\/\" target=\"_blank\" rel=\"noreferrer noopener\">Boycott Qatar 2022<\/a>\u201c<\/strong>: Sei Teil einer stark wachsenden Boykott-Bewegung, die bereits von \u00fcber 100 Gruppen, Organisationen sowie tausenden Einzelpersonen unterst\u00fctzt wird! Je weniger Menschen die WM-Spiele schauen werden, desto unattraktiver ist die gesamte Veranstaltung f\u00fcr die Verantwortlichen sowie f\u00fcr die offiziellen WM-Sponsoren. Mache dich daf\u00fcr in deinem Freundeskreis und innerhalb deiner Familie stark und werbe daf\u00fcr, die WM-Spiele dieses Jahr <em>nicht <\/em>anzuschauen!<\/li><li><strong>Unterst\u00fctze die Petition <a href=\"https:\/\/www.amnesty.de\/wm-katar-2022\" target=\"_blank\" rel=\"noreferrer noopener\">#PayUpFIFA<\/a><\/strong>: Neben Katar hat auch die FIFA eine besondere Verantwortung, an die wir den Verband erinnern m\u00fcssen. Dies bedeutet, dass die FIFA Wiedergutmachung f\u00fcr vergangene Arbeitsrechtsverst\u00f6\u00dfe leisten muss, die mit der Fu\u00dfball-WM&nbsp;2022 in Verbindung stehen. Hierunter fallen Arbeitende, die an Bau und Instandhaltung der Stadien, Transportinfrastruktur, Unterk\u00fcnfte und anderen turnierbezogenen Projekten beteiligt sind. Die FIFA muss mit Katar und anderen Partnern zusammenarbeiten, um ein Entsch\u00e4digungssystem f\u00fcr hunderttausende Arbeitende einzurichten, die an Projekten f\u00fcr die Weltmeisterschaft beteiligt sind bzw. waren. Um dies zu finanzieren, sollte die FIFA mindestens eine Summe im Wert des WM-Preisgeldes, also 440 Mio. US-Dollar, bereitstellen. Laut Amnesty International wird die FIFA mit der WM voraussichtlich 6 Milliarden Dollar einnehmen und kann es sich daher leisten, die Opfer der Menschenrechtsverletzungen vor Ort und deren Familien zu entsch\u00e4digen. Aus diesem Grund unterzeichne die diesbez\u00fcgliche <a href=\"https:\/\/www.amnesty.de\/wm-katar-2022\" target=\"_blank\" rel=\"noreferrer noopener\">Petition von Amnesty International<\/a>!<\/li><li><strong>Wende dich an die FIFA, den DFB und an die Deutsche Nationalmannschaft<\/strong>: Neben den Entscheidungstr\u00e4ger:innen in Katar kannst dich auch direkt an die Verantwortlichen und Teilnehmenden des Fu\u00dfballturniers wenden. Du kannst dem Pr\u00e4sidenten der FIFA, Giovanni Infantino, entweder \u00fcber die <a href=\"https:\/\/www.hrw.org\/de\/PayUpFIFA\" target=\"_blank\" rel=\"noreferrer noopener\">Seite von Human Rights Watch<\/a> schreiben oder direkt postalisch an:<br><br>F\u00e9d\u00e9ration Internationale de Football Association<br>z.H. Pr\u00e4sident Giovanni Infantino<br>FIFA-Strasse 20<br>P.O. Box 8044 Z\u00fcrich<br>Schweiz<br><br>An den Pr\u00e4sidenten des DFB, Bernd Neuendorf, kannst du dich postalisch \u00fcber folgende Adresse wenden:<br><br>Deutscher Fu\u00dfball-Bund e.V.<br>z.H. Pr\u00e4sident Bernd Neuendorf<br>Kennedyallee 274<br>60528 Frankfurt am Main<\/li><\/ul>\n\n\n\n<ul class=\"wp-block-list\"><li><strong>Beziehe deine Stammkneipe und die Sportsbars deiner Region mit ein<\/strong>: Gewinne sie f\u00fcr die Initiative #KeinKatarinmeinerKneipe. Einen w\u00f6chentlich aktualisierten \u00dcberblick \u00fcber die stets wachsende Anzahl an teilnehmenden Betrieben ver\u00f6ffentlicht der Twitter-Account der Fortuna Br\u00f6tchen, eine D\u00fcsseldorfer Fan-Gruppe (<a href=\"https:\/\/twitter.com\/f95broetchen\" target=\"_blank\" rel=\"noreferrer noopener\">@f95broetchen<\/a>) unter dem Hashtag #KeinKatarinmeinerKneipe.<\/li><li><strong>\u00dcberzeuge deinen Sportverein und die Fu\u00dfballvereine deiner Region<\/strong>: Gewinne sie neben der oben genannten Social-Media-Aktion (#NichtUnsereWM) f\u00fcr die Initiative <em>Back2Bolzen<\/em>. Ganz nach dem Motto \u201eKicken statt Gucken\u201c werden eigene Spiele und Turniere w\u00e4hrend der WM-Spieltage organisiert \u2013 vielleicht gerade auch ein ganz besonderes Fu\u00dfballturnier am Samstag, den 10. Dezember 2022, am Tag der Menschenrechte. Zum Teil werden auch gro\u00dfe Alternativturniere stattfinden, wie z.B. in Berlin (<a href=\"https:\/\/kickenstattgucken.de\/\" target=\"_blank\" rel=\"noreferrer noopener\">Kicken statt Gucken<\/a>) und in Leipzig (<a href=\"https:\/\/www.globalcup.de\/\" target=\"_blank\" rel=\"noreferrer noopener\">ASAP Global Cup<\/a>). Aber vielleicht auch bei dir vor Ort? Mach dich schlau und sei dabei! Du bist zu sp\u00e4t f\u00fcr die Anmeldung bei einem Turnier dran? Dann ist der <a href=\"http:\/\/Boycott-Run for Human Rights: Jede:r kann an jedem Ort mitmachen und dabei Gutes tun: https:\/\/my.raceresult.com\/216585\/info?fbclid=IwAR3hm396EEt5d7TFK1iMKvm6t6zBBK4bb2MGJNc86UB2g9BDkf7bkf7stiM\" target=\"_blank\" rel=\"noreferrer noopener\">Boycott-Run<\/a> perfekt f\u00fcr dich. Jede:r kann an jedem Ort mitmachen und dabei Gutes tun!<\/li><li><strong>Zeige Flagge und weis \u00f6ffentlich auf das problematische Turnier hin<\/strong>: Mache mithilfe von Boykott-Fahnen in Fu\u00dfballstadions, bei \u00f6ffentlichen Veranstaltungen oder sogar von deinem Wohnungsfenster oder Balkon aus auf den Boykott aufmerksam und rege damit deine Mitmenschen zum Nach- und Umdenken an. <\/li><li><strong>Mach mit bei der Aktion <a href=\"http:\/\/footballblackout.org\/\" target=\"_blank\" rel=\"noreferrer noopener\">#FootballBlackout<\/a>:<\/strong> Das Ziel ist es, dass am Samstag, den 10. Dezember 2022, m\u00f6glichst viele Menschen weltweit die WM <em>nicht <\/em>schauen und stattdessen etwas anderes tun. Es geht ganz einfach: Einfach kurz in die sog. Pledge-List eintragen und eines oder mehrere Statements in deinen Sozialen Kan\u00e4len mit #footballblackout posten. <\/li><\/ul>\n\n\n\n<div class=\"wp-block-image\"><figure class=\"aligncenter size-large\"><img loading=\"lazy\" decoding=\"async\" width=\"490\" height=\"383\" src=\"https:\/\/www.menschenrechte.org\/blog\/wp-content\/uploads\/2022\/11\/FootballBlackout.jpg\" alt=\"\" class=\"wp-image-1127\" srcset=\"https:\/\/www.menschenrechte.org\/blog\/wp-content\/uploads\/2022\/11\/FootballBlackout.jpg 490w, https:\/\/www.menschenrechte.org\/blog\/wp-content\/uploads\/2022\/11\/FootballBlackout-300x234.jpg 300w\" sizes=\"auto, (max-width: 490px) 100vw, 490px\" \/><\/figure><\/div>\n\n\n\n<ul class=\"wp-block-list\"><li><strong>Kaufe keine WM-Produkte und auch keine Produkte von Unternehmen, die im Rahmen der WM aktiv werben<\/strong>: Damit den Verantwortlichen klar wird, dass wir es mit unserem Protest ernst meinen, m\u00fcssen wir das h\u00f6chst profitable Zusammenspiel zwischen FIFA, Sponsoren und autokratischen Regimen st\u00f6ren. Daher verzichte auf WM-Merchandise! Zu den Hauptsponsoren der WM z\u00e4hlen VISA, Adidas, Coca Cola, Wanda Group, Budweiser, Byjus, Crypto, Hyundai und KIA Motors, QatarAirways, QatarEnergy, McDonald&#8217;s, Hisense, VIVO und Mengniu. Sponsoren f\u00fcr die deutsche Mannschaft bei der diesj\u00e4hrigen WM sind neben Adidas die Deutsche Telekom, die Commerzbank und Volkswagen.<\/li><li><strong>Engagiere dich ehrenamtlich oder spende f\u00fcr WM-kritische Initiativen und Menschenrechtsorganisationen: <\/strong>Die \u00d6ffentlichkeitsarbeit sowie die umfassende Arbeit vor Ort von zahlreichen Menschenrechtsorganisationen und Initiativen w\u00e4re durch das ehrenamtliche Engagement vieler nicht in dieser Form m\u00f6glich. Neben dem pers\u00f6nlichen Engagement ist nat\u00fcrlich auch die finanzielle Unterst\u00fctzung ein wesentlicher Beitrag f\u00fcr kritische Menschenrechtsarbeit &#8211; auch jenseits der Fu\u00dfball-WM in Katar. Spende an Initiativen und Organisationen deines Vertrauens, die sich kritisch mit der WM auseinandersetzen und\/oder sich anderweitig f\u00fcr unterst\u00fctzenswerte Anliegen starkmachen.<\/li><\/ul>\n\n\n\n<p>Du hast nach dieser Auflistung noch nicht genug? Dann lass dich doch vom<strong> <a href=\"https:\/\/www.boycott-qatar.de\/ideenkasten\/\" target=\"_blank\" rel=\"noreferrer noopener\">Ideenkasten<\/a> <\/strong>inspirieren: Auf dieser Seite werden Ideen pr\u00e4sentiert, was Kneipen, Fanprojekte oder Begegnungszentren w\u00e4hrend der WM als Alternative anbieten k\u00f6nnen. Die Sammlung wird fortlaufend erg\u00e4nzt.<\/p>\n\n\n\n<p>Lasst uns gemeinsam ein Zeichen f\u00fcr die Menschenrechte setzen!<\/p>\n\n\n\n<p>Du hast auch eine Initiative oder eine kreative M\u00f6glichkeit gefunden, um deinen Protest gegen diese WM auszudr\u00fccken? Dann lass es uns gerne unten in den Kommentaren wissen!<\/p>\n\n\n\n<p><\/p>\n","protected":false},"excerpt":{"rendered":"<p>In K\u00fcrze findet die Fu\u00dfball-Weltmeisterschaft der M\u00e4nner in Katar statt. Vom 20. November bis zum 18. Dezember 2022 wird damit&#8230;<\/p>\n","protected":false},"author":2,"featured_media":1131,"comment_status":"open","ping_status":"open","sticky":false,"template":"","format":"standard","meta":{"footnotes":""},"categories":[1],"tags":[114,186,189,68,91,190,187,188],"coauthors":[22],"class_list":["post-1120","post","type-post","status-publish","format-standard","has-post-thumbnail","hentry","category-allgemein","tag-frauenrechte","tag-fussball","tag-katar","tag-lgbtiq","tag-menschenrechte","tag-qatar","tag-weltmeisterschaft","tag-wm","post-archive"],"yoast_head":"<!-- This site is optimized with the Yoast SEO plugin v26.5 - https:\/\/yoast.com\/wordpress\/plugins\/seo\/ -->\n<title>#NichtUnsereWM - 10 Dinge, die auch DU gegen die WM in Katar 2022 tun kannst und solltest! - Menschenrechte - der Blog.<\/title>\n<meta name=\"robots\" content=\"index, follow, max-snippet:-1, max-image-preview:large, max-video-preview:-1\" \/>\n<link rel=\"canonical\" href=\"https:\/\/www.menschenrechte.org\/blog\/nichtunserewm-10-dinge-die-auch-du-gegen-die-wm-in-katar-2022-tun-kannst-und-solltest\/\" \/>\n<meta property=\"og:locale\" content=\"de_DE\" \/>\n<meta property=\"og:type\" content=\"article\" \/>\n<meta property=\"og:title\" content=\"#NichtUnsereWM - 10 Dinge, die auch DU gegen die WM in Katar 2022 tun kannst und solltest! - Menschenrechte - der Blog.\" \/>\n<meta property=\"og:description\" content=\"In K\u00fcrze findet die Fu\u00dfball-Weltmeisterschaft der M\u00e4nner in Katar statt. Vom 20. November bis zum 18. Dezember 2022 wird damit...\" \/>\n<meta property=\"og:url\" content=\"https:\/\/www.menschenrechte.org\/blog\/nichtunserewm-10-dinge-die-auch-du-gegen-die-wm-in-katar-2022-tun-kannst-und-solltest\/\" \/>\n<meta property=\"og:site_name\" content=\"Menschenrechte - der Blog.\" \/>\n<meta property=\"article:publisher\" content=\"https:\/\/www.facebook.com\/NuernbergerMenschenrechtszentrum\/?eid=ARAoGFhiOGk5kmEnso1qow5TUUEWiHvB739MeabiJgTeX-H10uOy1x45ym-gISJGHPSkma6NciCJ1mFN\" \/>\n<meta property=\"article:published_time\" content=\"2022-11-15T10:56:55+00:00\" \/>\n<meta property=\"article:modified_time\" content=\"2022-11-15T10:58:08+00:00\" \/>\n<meta property=\"og:image\" content=\"https:\/\/www.menschenrechte.org\/blog\/wp-content\/uploads\/2022\/11\/NichtUnsereWM.jpeg\" \/>\n\t<meta property=\"og:image:width\" content=\"577\" \/>\n\t<meta property=\"og:image:height\" content=\"372\" \/>\n\t<meta property=\"og:image:type\" content=\"image\/jpeg\" \/>\n<meta name=\"author\" content=\"Felix Krau\u00df\" \/>\n<meta name=\"twitter:label1\" content=\"Verfasst von\" \/>\n\t<meta name=\"twitter:data1\" content=\"Felix Krau\u00df\" \/>\n\t<meta name=\"twitter:label2\" content=\"Gesch\u00e4tzte Lesezeit\" \/>\n\t<meta name=\"twitter:data2\" content=\"6\u00a0Minuten\" \/>\n\t<meta name=\"twitter:label3\" content=\"Written by\" \/>\n\t<meta name=\"twitter:data3\" content=\"Felix Krau\u00df\" \/>\n<script type=\"application\/ld+json\" class=\"yoast-schema-graph\">{\"@context\":\"https:\/\/schema.org\",\"@graph\":[{\"@type\":\"Article\",\"@id\":\"https:\/\/www.menschenrechte.org\/blog\/nichtunserewm-10-dinge-die-auch-du-gegen-die-wm-in-katar-2022-tun-kannst-und-solltest\/#article\",\"isPartOf\":{\"@id\":\"https:\/\/www.menschenrechte.org\/blog\/nichtunserewm-10-dinge-die-auch-du-gegen-die-wm-in-katar-2022-tun-kannst-und-solltest\/\"},\"author\":{\"name\":\"Felix Krau\u00df\",\"@id\":\"https:\/\/www.menschenrechte.org\/blog\/#\/schema\/person\/47c1596a73689fdbe6861973eb29a002\"},\"headline\":\"#NichtUnsereWM &#8211; 10 Dinge, die auch DU gegen die WM in Katar 2022 tun kannst und solltest!\",\"datePublished\":\"2022-11-15T10:56:55+00:00\",\"dateModified\":\"2022-11-15T10:58:08+00:00\",\"mainEntityOfPage\":{\"@id\":\"https:\/\/www.menschenrechte.org\/blog\/nichtunserewm-10-dinge-die-auch-du-gegen-die-wm-in-katar-2022-tun-kannst-und-solltest\/\"},\"wordCount\":1169,\"commentCount\":1,\"publisher\":{\"@id\":\"https:\/\/www.menschenrechte.org\/blog\/#organization\"},\"image\":{\"@id\":\"https:\/\/www.menschenrechte.org\/blog\/nichtunserewm-10-dinge-die-auch-du-gegen-die-wm-in-katar-2022-tun-kannst-und-solltest\/#primaryimage\"},\"thumbnailUrl\":\"https:\/\/www.menschenrechte.org\/blog\/wp-content\/uploads\/2022\/11\/NichtUnsereWM.jpeg\",\"keywords\":[\"Frauenrechte\",\"Fu\u00dfball\",\"Katar\",\"LGBTIQ*\",\"Menschenrechte\",\"Qatar\",\"Weltmeisterschaft\",\"WM\"],\"inLanguage\":\"de\",\"potentialAction\":[{\"@type\":\"CommentAction\",\"name\":\"Comment\",\"target\":[\"https:\/\/www.menschenrechte.org\/blog\/nichtunserewm-10-dinge-die-auch-du-gegen-die-wm-in-katar-2022-tun-kannst-und-solltest\/#respond\"]}]},{\"@type\":\"WebPage\",\"@id\":\"https:\/\/www.menschenrechte.org\/blog\/nichtunserewm-10-dinge-die-auch-du-gegen-die-wm-in-katar-2022-tun-kannst-und-solltest\/\",\"url\":\"https:\/\/www.menschenrechte.org\/blog\/nichtunserewm-10-dinge-die-auch-du-gegen-die-wm-in-katar-2022-tun-kannst-und-solltest\/\",\"name\":\"#NichtUnsereWM - 10 Dinge, die auch DU gegen die WM in Katar 2022 tun kannst und solltest! - Menschenrechte - der Blog.\",\"isPartOf\":{\"@id\":\"https:\/\/www.menschenrechte.org\/blog\/#website\"},\"primaryImageOfPage\":{\"@id\":\"https:\/\/www.menschenrechte.org\/blog\/nichtunserewm-10-dinge-die-auch-du-gegen-die-wm-in-katar-2022-tun-kannst-und-solltest\/#primaryimage\"},\"image\":{\"@id\":\"https:\/\/www.menschenrechte.org\/blog\/nichtunserewm-10-dinge-die-auch-du-gegen-die-wm-in-katar-2022-tun-kannst-und-solltest\/#primaryimage\"},\"thumbnailUrl\":\"https:\/\/www.menschenrechte.org\/blog\/wp-content\/uploads\/2022\/11\/NichtUnsereWM.jpeg\",\"datePublished\":\"2022-11-15T10:56:55+00:00\",\"dateModified\":\"2022-11-15T10:58:08+00:00\",\"breadcrumb\":{\"@id\":\"https:\/\/www.menschenrechte.org\/blog\/nichtunserewm-10-dinge-die-auch-du-gegen-die-wm-in-katar-2022-tun-kannst-und-solltest\/#breadcrumb\"},\"inLanguage\":\"de\",\"potentialAction\":[{\"@type\":\"ReadAction\",\"target\":[\"https:\/\/www.menschenrechte.org\/blog\/nichtunserewm-10-dinge-die-auch-du-gegen-die-wm-in-katar-2022-tun-kannst-und-solltest\/\"]}]},{\"@type\":\"ImageObject\",\"inLanguage\":\"de\",\"@id\":\"https:\/\/www.menschenrechte.org\/blog\/nichtunserewm-10-dinge-die-auch-du-gegen-die-wm-in-katar-2022-tun-kannst-und-solltest\/#primaryimage\",\"url\":\"https:\/\/www.menschenrechte.org\/blog\/wp-content\/uploads\/2022\/11\/NichtUnsereWM.jpeg\",\"contentUrl\":\"https:\/\/www.menschenrechte.org\/blog\/wp-content\/uploads\/2022\/11\/NichtUnsereWM.jpeg\",\"width\":577,\"height\":372},{\"@type\":\"BreadcrumbList\",\"@id\":\"https:\/\/www.menschenrechte.org\/blog\/nichtunserewm-10-dinge-die-auch-du-gegen-die-wm-in-katar-2022-tun-kannst-und-solltest\/#breadcrumb\",\"itemListElement\":[{\"@type\":\"ListItem\",\"position\":1,\"name\":\"Startseite\",\"item\":\"https:\/\/www.menschenrechte.org\/blog\/\"},{\"@type\":\"ListItem\",\"position\":2,\"name\":\"#NichtUnsereWM &#8211; 10 Dinge, die auch DU gegen die WM in Katar 2022 tun kannst und solltest!\"}]},{\"@type\":\"WebSite\",\"@id\":\"https:\/\/www.menschenrechte.org\/blog\/#website\",\"url\":\"https:\/\/www.menschenrechte.org\/blog\/\",\"name\":\"Menschenrechte - der Blog.\",\"description\":\"N\u00fcrnberger Menschenrechtszentrum\",\"publisher\":{\"@id\":\"https:\/\/www.menschenrechte.org\/blog\/#organization\"},\"potentialAction\":[{\"@type\":\"SearchAction\",\"target\":{\"@type\":\"EntryPoint\",\"urlTemplate\":\"https:\/\/www.menschenrechte.org\/blog\/?s={search_term_string}\"},\"query-input\":{\"@type\":\"PropertyValueSpecification\",\"valueRequired\":true,\"valueName\":\"search_term_string\"}}],\"inLanguage\":\"de\"},{\"@type\":\"Organization\",\"@id\":\"https:\/\/www.menschenrechte.org\/blog\/#organization\",\"name\":\"N\u00fcrnberger Menschenrechtszentrum\",\"url\":\"https:\/\/www.menschenrechte.org\/blog\/\",\"logo\":{\"@type\":\"ImageObject\",\"inLanguage\":\"de\",\"@id\":\"https:\/\/www.menschenrechte.org\/blog\/#\/schema\/logo\/image\/\",\"url\":\"https:\/\/www.menschenrechte.org\/blog\/wp-content\/uploads\/2020\/02\/NMRZ_jpg-scaled.jpg\",\"contentUrl\":\"https:\/\/www.menschenrechte.org\/blog\/wp-content\/uploads\/2020\/02\/NMRZ_jpg-scaled.jpg\",\"width\":2560,\"height\":345,\"caption\":\"N\u00fcrnberger Menschenrechtszentrum\"},\"image\":{\"@id\":\"https:\/\/www.menschenrechte.org\/blog\/#\/schema\/logo\/image\/\"},\"sameAs\":[\"https:\/\/www.facebook.com\/NuernbergerMenschenrechtszentrum\/?eid=ARAoGFhiOGk5kmEnso1qow5TUUEWiHvB739MeabiJgTeX-H10uOy1x45ym-gISJGHPSkma6NciCJ1mFN\",\"https:\/\/www.instagram.com\/nbg_menschenrechtszentrum\/\"]},{\"@type\":\"Person\",\"@id\":\"https:\/\/www.menschenrechte.org\/blog\/#\/schema\/person\/47c1596a73689fdbe6861973eb29a002\",\"name\":\"Felix Krau\u00df\",\"image\":{\"@type\":\"ImageObject\",\"inLanguage\":\"de\",\"@id\":\"https:\/\/www.menschenrechte.org\/blog\/#\/schema\/person\/image\/8d69cdda7239ce520319cb08f55f5fe7\",\"url\":\"https:\/\/secure.gravatar.com\/avatar\/d51fb7555bfbe2b27f3c1f5fc99d8dcdaa724b3420c7601ccb101298d497289d?s=96&d=mm&r=g\",\"contentUrl\":\"https:\/\/secure.gravatar.com\/avatar\/d51fb7555bfbe2b27f3c1f5fc99d8dcdaa724b3420c7601ccb101298d497289d?s=96&d=mm&r=g\",\"caption\":\"Felix Krau\u00df\"},\"url\":\"https:\/\/www.menschenrechte.org\/blog\/author\/felix\/\"}]}<\/script>\n<!-- \/ Yoast SEO plugin. -->","yoast_head_json":{"title":"#NichtUnsereWM - 10 Dinge, die auch DU gegen die WM in Katar 2022 tun kannst und solltest! - Menschenrechte - der Blog.","robots":{"index":"index","follow":"follow","max-snippet":"max-snippet:-1","max-image-preview":"max-image-preview:large","max-video-preview":"max-video-preview:-1"},"canonical":"https:\/\/www.menschenrechte.org\/blog\/nichtunserewm-10-dinge-die-auch-du-gegen-die-wm-in-katar-2022-tun-kannst-und-solltest\/","og_locale":"de_DE","og_type":"article","og_title":"#NichtUnsereWM - 10 Dinge, die auch DU gegen die WM in Katar 2022 tun kannst und solltest! - Menschenrechte - der Blog.","og_description":"In K\u00fcrze findet die Fu\u00dfball-Weltmeisterschaft der M\u00e4nner in Katar statt. Vom 20. November bis zum 18. Dezember 2022 wird damit...","og_url":"https:\/\/www.menschenrechte.org\/blog\/nichtunserewm-10-dinge-die-auch-du-gegen-die-wm-in-katar-2022-tun-kannst-und-solltest\/","og_site_name":"Menschenrechte - der Blog.","article_publisher":"https:\/\/www.facebook.com\/NuernbergerMenschenrechtszentrum\/?eid=ARAoGFhiOGk5kmEnso1qow5TUUEWiHvB739MeabiJgTeX-H10uOy1x45ym-gISJGHPSkma6NciCJ1mFN","article_published_time":"2022-11-15T10:56:55+00:00","article_modified_time":"2022-11-15T10:58:08+00:00","og_image":[{"width":577,"height":372,"url":"https:\/\/www.menschenrechte.org\/blog\/wp-content\/uploads\/2022\/11\/NichtUnsereWM.jpeg","type":"image\/jpeg"}],"author":"Felix Krau\u00df","twitter_misc":{"Verfasst von":"Felix Krau\u00df","Gesch\u00e4tzte Lesezeit":"6\u00a0Minuten","Written by":"Felix Krau\u00df"},"schema":{"@context":"https:\/\/schema.org","@graph":[{"@type":"Article","@id":"https:\/\/www.menschenrechte.org\/blog\/nichtunserewm-10-dinge-die-auch-du-gegen-die-wm-in-katar-2022-tun-kannst-und-solltest\/#article","isPartOf":{"@id":"https:\/\/www.menschenrechte.org\/blog\/nichtunserewm-10-dinge-die-auch-du-gegen-die-wm-in-katar-2022-tun-kannst-und-solltest\/"},"author":{"name":"Felix Krau\u00df","@id":"https:\/\/www.menschenrechte.org\/blog\/#\/schema\/person\/47c1596a73689fdbe6861973eb29a002"},"headline":"#NichtUnsereWM &#8211; 10 Dinge, die auch DU gegen die WM in Katar 2022 tun kannst und solltest!","datePublished":"2022-11-15T10:56:55+00:00","dateModified":"2022-11-15T10:58:08+00:00","mainEntityOfPage":{"@id":"https:\/\/www.menschenrechte.org\/blog\/nichtunserewm-10-dinge-die-auch-du-gegen-die-wm-in-katar-2022-tun-kannst-und-solltest\/"},"wordCount":1169,"commentCount":1,"publisher":{"@id":"https:\/\/www.menschenrechte.org\/blog\/#organization"},"image":{"@id":"https:\/\/www.menschenrechte.org\/blog\/nichtunserewm-10-dinge-die-auch-du-gegen-die-wm-in-katar-2022-tun-kannst-und-solltest\/#primaryimage"},"thumbnailUrl":"https:\/\/www.menschenrechte.org\/blog\/wp-content\/uploads\/2022\/11\/NichtUnsereWM.jpeg","keywords":["Frauenrechte","Fu\u00dfball","Katar","LGBTIQ*","Menschenrechte","Qatar","Weltmeisterschaft","WM"],"inLanguage":"de","potentialAction":[{"@type":"CommentAction","name":"Comment","target":["https:\/\/www.menschenrechte.org\/blog\/nichtunserewm-10-dinge-die-auch-du-gegen-die-wm-in-katar-2022-tun-kannst-und-solltest\/#respond"]}]},{"@type":"WebPage","@id":"https:\/\/www.menschenrechte.org\/blog\/nichtunserewm-10-dinge-die-auch-du-gegen-die-wm-in-katar-2022-tun-kannst-und-solltest\/","url":"https:\/\/www.menschenrechte.org\/blog\/nichtunserewm-10-dinge-die-auch-du-gegen-die-wm-in-katar-2022-tun-kannst-und-solltest\/","name":"#NichtUnsereWM - 10 Dinge, die auch DU gegen die WM in Katar 2022 tun kannst und solltest! - Menschenrechte - der Blog.","isPartOf":{"@id":"https:\/\/www.menschenrechte.org\/blog\/#website"},"primaryImageOfPage":{"@id":"https:\/\/www.menschenrechte.org\/blog\/nichtunserewm-10-dinge-die-auch-du-gegen-die-wm-in-katar-2022-tun-kannst-und-solltest\/#primaryimage"},"image":{"@id":"https:\/\/www.menschenrechte.org\/blog\/nichtunserewm-10-dinge-die-auch-du-gegen-die-wm-in-katar-2022-tun-kannst-und-solltest\/#primaryimage"},"thumbnailUrl":"https:\/\/www.menschenrechte.org\/blog\/wp-content\/uploads\/2022\/11\/NichtUnsereWM.jpeg","datePublished":"2022-11-15T10:56:55+00:00","dateModified":"2022-11-15T10:58:08+00:00","breadcrumb":{"@id":"https:\/\/www.menschenrechte.org\/blog\/nichtunserewm-10-dinge-die-auch-du-gegen-die-wm-in-katar-2022-tun-kannst-und-solltest\/#breadcrumb"},"inLanguage":"de","potentialAction":[{"@type":"ReadAction","target":["https:\/\/www.menschenrechte.org\/blog\/nichtunserewm-10-dinge-die-auch-du-gegen-die-wm-in-katar-2022-tun-kannst-und-solltest\/"]}]},{"@type":"ImageObject","inLanguage":"de","@id":"https:\/\/www.menschenrechte.org\/blog\/nichtunserewm-10-dinge-die-auch-du-gegen-die-wm-in-katar-2022-tun-kannst-und-solltest\/#primaryimage","url":"https:\/\/www.menschenrechte.org\/blog\/wp-content\/uploads\/2022\/11\/NichtUnsereWM.jpeg","contentUrl":"https:\/\/www.menschenrechte.org\/blog\/wp-content\/uploads\/2022\/11\/NichtUnsereWM.jpeg","width":577,"height":372},{"@type":"BreadcrumbList","@id":"https:\/\/www.menschenrechte.org\/blog\/nichtunserewm-10-dinge-die-auch-du-gegen-die-wm-in-katar-2022-tun-kannst-und-solltest\/#breadcrumb","itemListElement":[{"@type":"ListItem","position":1,"name":"Startseite","item":"https:\/\/www.menschenrechte.org\/blog\/"},{"@type":"ListItem","position":2,"name":"#NichtUnsereWM &#8211; 10 Dinge, die auch DU gegen die WM in Katar 2022 tun kannst und solltest!"}]},{"@type":"WebSite","@id":"https:\/\/www.menschenrechte.org\/blog\/#website","url":"https:\/\/www.menschenrechte.org\/blog\/","name":"Menschenrechte - der Blog.","description":"N\u00fcrnberger Menschenrechtszentrum","publisher":{"@id":"https:\/\/www.menschenrechte.org\/blog\/#organization"},"potentialAction":[{"@type":"SearchAction","target":{"@type":"EntryPoint","urlTemplate":"https:\/\/www.menschenrechte.org\/blog\/?s={search_term_string}"},"query-input":{"@type":"PropertyValueSpecification","valueRequired":true,"valueName":"search_term_string"}}],"inLanguage":"de"},{"@type":"Organization","@id":"https:\/\/www.menschenrechte.org\/blog\/#organization","name":"N\u00fcrnberger Menschenrechtszentrum","url":"https:\/\/www.menschenrechte.org\/blog\/","logo":{"@type":"ImageObject","inLanguage":"de","@id":"https:\/\/www.menschenrechte.org\/blog\/#\/schema\/logo\/image\/","url":"https:\/\/www.menschenrechte.org\/blog\/wp-content\/uploads\/2020\/02\/NMRZ_jpg-scaled.jpg","contentUrl":"https:\/\/www.menschenrechte.org\/blog\/wp-content\/uploads\/2020\/02\/NMRZ_jpg-scaled.jpg","width":2560,"height":345,"caption":"N\u00fcrnberger Menschenrechtszentrum"},"image":{"@id":"https:\/\/www.menschenrechte.org\/blog\/#\/schema\/logo\/image\/"},"sameAs":["https:\/\/www.facebook.com\/NuernbergerMenschenrechtszentrum\/?eid=ARAoGFhiOGk5kmEnso1qow5TUUEWiHvB739MeabiJgTeX-H10uOy1x45ym-gISJGHPSkma6NciCJ1mFN","https:\/\/www.instagram.com\/nbg_menschenrechtszentrum\/"]},{"@type":"Person","@id":"https:\/\/www.menschenrechte.org\/blog\/#\/schema\/person\/47c1596a73689fdbe6861973eb29a002","name":"Felix Krau\u00df","image":{"@type":"ImageObject","inLanguage":"de","@id":"https:\/\/www.menschenrechte.org\/blog\/#\/schema\/person\/image\/8d69cdda7239ce520319cb08f55f5fe7","url":"https:\/\/secure.gravatar.com\/avatar\/d51fb7555bfbe2b27f3c1f5fc99d8dcdaa724b3420c7601ccb101298d497289d?s=96&d=mm&r=g","contentUrl":"https:\/\/secure.gravatar.com\/avatar\/d51fb7555bfbe2b27f3c1f5fc99d8dcdaa724b3420c7601ccb101298d497289d?s=96&d=mm&r=g","caption":"Felix Krau\u00df"},"url":"https:\/\/www.menschenrechte.org\/blog\/author\/felix\/"}]}},"_links":{"self":[{"href":"https:\/\/www.menschenrechte.org\/blog\/wp-json\/wp\/v2\/posts\/1120","targetHints":{"allow":["GET"]}}],"collection":[{"href":"https:\/\/www.menschenrechte.org\/blog\/wp-json\/wp\/v2\/posts"}],"about":[{"href":"https:\/\/www.menschenrechte.org\/blog\/wp-json\/wp\/v2\/types\/post"}],"author":[{"embeddable":true,"href":"https:\/\/www.menschenrechte.org\/blog\/wp-json\/wp\/v2\/users\/2"}],"replies":[{"embeddable":true,"href":"https:\/\/www.menschenrechte.org\/blog\/wp-json\/wp\/v2\/comments?post=1120"}],"version-history":[{"count":11,"href":"https:\/\/www.menschenrechte.org\/blog\/wp-json\/wp\/v2\/posts\/1120\/revisions"}],"predecessor-version":[{"id":1134,"href":"https:\/\/www.menschenrechte.org\/blog\/wp-json\/wp\/v2\/posts\/1120\/revisions\/1134"}],"wp:featuredmedia":[{"embeddable":true,"href":"https:\/\/www.menschenrechte.org\/blog\/wp-json\/wp\/v2\/media\/1131"}],"wp:attachment":[{"href":"https:\/\/www.menschenrechte.org\/blog\/wp-json\/wp\/v2\/media?parent=1120"}],"wp:term":[{"taxonomy":"category","embeddable":true,"href":"https:\/\/www.menschenrechte.org\/blog\/wp-json\/wp\/v2\/categories?post=1120"},{"taxonomy":"post_tag","embeddable":true,"href":"https:\/\/www.menschenrechte.org\/blog\/wp-json\/wp\/v2\/tags?post=1120"},{"taxonomy":"author","embeddable":true,"href":"https:\/\/www.menschenrechte.org\/blog\/wp-json\/wp\/v2\/coauthors?post=1120"}],"curies":[{"name":"wp","href":"https:\/\/api.w.org\/{rel}","templated":true}]}}