{"id":1155,"date":"2023-06-05T21:16:24","date_gmt":"2023-06-05T19:16:24","guid":{"rendered":"https:\/\/www.menschenrechte.org\/blog\/?p=1155"},"modified":"2023-06-05T21:20:41","modified_gmt":"2023-06-05T19:20:41","slug":"thomas-buergenthal-holocaustueberlebender-und-menschenrechtspionier","status":"publish","type":"post","link":"https:\/\/www.menschenrechte.org\/blog\/thomas-buergenthal-holocaustueberlebender-und-menschenrechtspionier\/","title":{"rendered":"Thomas Buergenthal \u2013 Holocaust\u00fcberlebender und Menschenrechtspionier"},"content":{"rendered":"\n<p>Am 29. Mai 2023 verstarb in Florida im Alter von 89 Jahren der V\u00f6lker- und Menschenrechtler Thomas Buergenthal. Wer je das Privileg hatte, ihn pers\u00f6nlich zu erleben, wei\u00df, dass damit ein gl\u00fcckliches Leben zu Ende ging, und das, obwohl Buergenthal in diesem Leben mit dem Schlimmsten konfrontiert war, was Menschen begegnen kann.<\/p>\n\n\n\n<p>In der Geschichte der Menschenrechte nach dem Zweiten Weltkrieg ist der Name Thomas Buergenthal an herausragender Stelle verzeichnet. Als der Interamerikanische Menschenrechtsgerichtshof 1988 sein erstes Urteil (<a href=\"https:\/\/www.corteidh.or.cr\/docs\/casos\/articulos\/seriec_04_ing.pdf\" target=\"_blank\" rel=\"noreferrer noopener\">Vel\u00e1squez-Rodr\u00edguez v. Honduras<\/a>) ver\u00f6ffentlichte, in dem er nicht nur erstmals das Recht nicht \u201everschwunden zu werden\u201c entwickelte, sondern grunds\u00e4tzlich den Weg f\u00fcr eine wirkungsvolle Verteidigung der Menschenrechte vor internationalen Instanzen pr\u00e4gte, war Thomas Buergenthal einer der sieben Richter, die dieses bahnbrechende Urteil schrieben. Dass es dazu kommen konnte, ist im R\u00fcckblick h\u00f6chst erstaunlich. Thomas Buergenthal ist bis heute der einzige US-B\u00fcrger, der je diesem Gericht angeh\u00f6rte, denn die USA haben den Gerichtshof nie anerkannt. Sein Wahl als einer der Gr\u00fcndungsrichter kann nur als au\u00dfergew\u00f6hnliche Anerkennung seiner bis dahin als Menschenrechtsjurist in den USA erworbenen Verdienste verstanden werden, wie sie sich z.B. in einem der fr\u00fchesten Lehrb\u00fccher \u00fcber das Sachgebiet Menschenrechte (<a href=\"https:\/\/catalog.loc.gov\/vwebv\/holdingsInfo?searchId=15662&amp;recCount=25&amp;recPointer=6&amp;bibId=1965192\" target=\"_blank\" rel=\"noreferrer noopener\">International Human Rights in a Nutshell<\/a>) niederschlugen, das damals noch kaum Gegenstand systematischer Lehre war, wie Buergenthal in seinem Vorwort konstatierte. Bis heute ist es ein in zahlreichen erweiterten Neuauflagen erh\u00e4ltliches Standardwerk. Als Buergenthal sein Amt als Richter am Sitz des Gerichts in Costa Rica antrat, initiierte er zugleich die Gr\u00fcndung des am Gericht ans\u00e4ssigen <a href=\"https:\/\/www.iidh.ed.cr\/\">Interamerikanischen Instituts f\u00fcr Menschenrechte<\/a>, einer wichtigen Forschungs- und Bildungseinrichtung.<\/p>\n\n\n\n<p>Ein paar Jahre sp\u00e4ter war Buergenthal wieder an einem Meilenstein der Menschenrechtsarbeit beteiligt. Die UNO ernannte ihn zu einem der drei Leiter der Wahrheitskommission, die nach dem Ende des B\u00fcrgerkriegs in El Salvador die Verbrechen der Vergangenheit aufarbeiten sollte. Unter dem Titel \u201e<a href=\"https:\/\/digitallibrary.un.org\/record\/183599\" target=\"_blank\" rel=\"noreferrer noopener\">Vom Wahnsinn zur Hoffnung<\/a>\u201c wurde der Bericht 1992 ver\u00f6ffentlicht und zeichnet sich bis heute vor allem durch seine au\u00dfergew\u00f6hnlich differenzierten und detaillierten Empfehlungen aus, um \u00e4hnliche Verbrechen in Zukunft zu verhindern.<\/p>\n\n\n\n<div class=\"wp-block-image\"><figure class=\"aligncenter size-large is-resized\"><img loading=\"lazy\" decoding=\"async\" src=\"https:\/\/www.menschenrechte.org\/blog\/wp-content\/uploads\/2023\/06\/cover-Glueckskind-675x1024.jpeg\" alt=\"\" class=\"wp-image-1157\" width=\"403\" height=\"611\" srcset=\"https:\/\/www.menschenrechte.org\/blog\/wp-content\/uploads\/2023\/06\/cover-Glueckskind-675x1024.jpeg 675w, https:\/\/www.menschenrechte.org\/blog\/wp-content\/uploads\/2023\/06\/cover-Glueckskind-198x300.jpeg 198w, https:\/\/www.menschenrechte.org\/blog\/wp-content\/uploads\/2023\/06\/cover-Glueckskind-768x1166.jpeg 768w, https:\/\/www.menschenrechte.org\/blog\/wp-content\/uploads\/2023\/06\/cover-Glueckskind-1012x1536.jpeg 1012w, https:\/\/www.menschenrechte.org\/blog\/wp-content\/uploads\/2023\/06\/cover-Glueckskind-1349x2048.jpeg 1349w, https:\/\/www.menschenrechte.org\/blog\/wp-content\/uploads\/2023\/06\/cover-Glueckskind-1040x1579.jpeg 1040w, https:\/\/www.menschenrechte.org\/blog\/wp-content\/uploads\/2023\/06\/cover-Glueckskind-640x971.jpeg 640w, https:\/\/www.menschenrechte.org\/blog\/wp-content\/uploads\/2023\/06\/cover-Glueckskind-1320x2004.jpeg 1320w, https:\/\/www.menschenrechte.org\/blog\/wp-content\/uploads\/2023\/06\/cover-Glueckskind.jpeg 1400w\" sizes=\"auto, (max-width: 403px) 100vw, 403px\" \/><\/figure><\/div>\n\n\n\n<p><\/p>\n\n\n\n<p>Das also war der Thomas Buergenthal, den ich kannte, als 2007 das Buch <em>Ein Gl\u00fcckskind &#8211; Wie ein kleiner Junge zwei Ghettos, Auschwitz und den Todesmarsch \u00fcberlebte und ein zweites Leben fand<\/em> erschien, und zwar auf Deutsch (erst zwei Jahre sp\u00e4ter erschien es auch im originalen Englisch und inzwischen in weiteren Sprachen). Die <a href=\"https:\/\/www.menschenrechte.org\/de\/2007\/05\/20\/glueckskind\/\" target=\"_blank\" rel=\"noreferrer noopener\">Lekt\u00fcre<\/a> war in vieler Hinsicht ein Schock. Wegen der unglaublichen Dramen, die der kleine Tommy im Ghetto und den Lagern Auschwitz und Sachsenhausen durchleben musste, ehe er als Elfj\u00e4hriger befreit wurde und dann noch die Todesm\u00e4rsche und Wirren der letzten Kriegsmonate \u00fcberlebte, die ihn u.a. zwei erfrorene Zehen kosteten. Schockierend war f\u00fcr mich aber auch, dass ich von dieser \u00dcberlebensgeschichte bis dahin nichts wusste. Buergenthal hat im Vorwort des Buches und auch in Gespr\u00e4chen erkl\u00e4rt, dass er sich keineswegs zu den Holocaust\u00fcberlebenden z\u00e4hlte, die \u00fcber ihre Erlebnisse schweigen wollten, er sei einfach nicht dringlich gefragt worden, sodass er sich erst im hohen Alter entschloss, seine \u00dcberlebensgeschichte, die mit der Auswanderung in die USA endet, zu erz\u00e4hlen. Seine KollegInnen in Costa Rica und anderswo haben wohl zumindest eine ungef\u00e4hre Vorstellung von seiner Lebensgeschichte gehabt, aber weder sie noch Buergenthal hielten es offenbar f\u00fcr angemessen, das publik zu machen \u2013 vielleicht um zu demonstrieren, dass pers\u00f6nliche Schicksale keine Qualifikation f\u00fcr professionelle Menschenrechtsarbeit darstellen. So fanden das Gl\u00fcckskind Tommy und der gelehrte Menschenrechtsprofessor und aktive Gestalter des internationalen Menschenrechtsschutzsystems erst sp\u00e4t in der \u00d6ffentlichkeit zusammen. Bei aller Zur\u00fcckhaltung war es f\u00fcr Buergenthal aber doch klar, dass auch die Schreckenserfahrung des Nationalsozialismus und die der Menschen, die in unterschiedlicher Weise zu seiner Rettung beitrugen, seine Arbeit als international t\u00e4tiger Menschenrechtler pr\u00e4gten, denn er wusste &#8222;auch gef\u00fchlsm\u00e4\u00dfig, was es hei\u00dft, ein Opfer von Menschenrechtsverletzungen zu sein,\u201d wie er in <em>Ein Gl\u00fcckskind<\/em> schrieb und wie es gewiss die Menschen erlebten, auch ohne um seine Vergangenheit zu wissen.<\/p>\n\n\n\n<p>Einblicke in Buergenthals Leben insgesamt, in dem die von seine Erfahrung der Schrecken des Nationalsozialismus gepr\u00e4gte tiefe Humanit\u00e4t ebenso wie seine professionellen Leistungen sichtbar werden, gibt ein <a href=\"https:\/\/www.nurembergacademy.org\/resources\/documentary-peace-through-justice\/\">Film<\/a> der International Nuremberg Principles Academy, zu deren Kuratorium Buergenthal bis vor wenigen Jahren, zeitweise als Pr\u00e4sident, geh\u00f6rte. Ein ausf\u00fchrliches <a href=\"https:\/\/www.geschichte-menschenrechte.de\/personen\/thomas-buergenthal\">lebensgeschichtliches Interview<\/a> haben 2015 Claus Kre\u00df und Daniel Stahl mit Buergenthal gef\u00fchrt.<\/p>\n\n\n\n<p><em>Titelbild: Thomas Buergenthal im August 2012 im Memorium N\u00fcrnberg; Foto von Rainer Huhle<\/em>.<br><\/p>\n","protected":false},"excerpt":{"rendered":"<p>Am 29. Mai 2023 verstarb in Florida im Alter von 89 Jahren der V\u00f6lker- und Menschenrechtler Thomas Buergenthal. Wer je&#8230;<\/p>\n","protected":false},"author":8,"featured_media":1156,"comment_status":"open","ping_status":"open","sticky":false,"template":"","format":"standard","meta":{"footnotes":""},"categories":[1],"tags":[],"coauthors":[29],"class_list":["post-1155","post","type-post","status-publish","format-standard","has-post-thumbnail","hentry","category-allgemein","post-archive"],"yoast_head":"<!-- This site is optimized with the Yoast SEO plugin v26.5 - https:\/\/yoast.com\/wordpress\/plugins\/seo\/ -->\n<title>Thomas Buergenthal \u2013 Holocaust\u00fcberlebender und Menschenrechtspionier - Menschenrechte - der Blog.<\/title>\n<meta name=\"robots\" content=\"index, follow, max-snippet:-1, max-image-preview:large, max-video-preview:-1\" \/>\n<link rel=\"canonical\" href=\"https:\/\/www.menschenrechte.org\/blog\/thomas-buergenthal-holocaustueberlebender-und-menschenrechtspionier\/\" \/>\n<meta property=\"og:locale\" content=\"de_DE\" \/>\n<meta property=\"og:type\" content=\"article\" \/>\n<meta property=\"og:title\" content=\"Thomas Buergenthal \u2013 Holocaust\u00fcberlebender und Menschenrechtspionier - Menschenrechte - der Blog.\" \/>\n<meta property=\"og:description\" content=\"Am 29. Mai 2023 verstarb in Florida im Alter von 89 Jahren der V\u00f6lker- und Menschenrechtler Thomas Buergenthal. Wer je...\" \/>\n<meta property=\"og:url\" content=\"https:\/\/www.menschenrechte.org\/blog\/thomas-buergenthal-holocaustueberlebender-und-menschenrechtspionier\/\" \/>\n<meta property=\"og:site_name\" content=\"Menschenrechte - der Blog.\" \/>\n<meta property=\"article:publisher\" content=\"https:\/\/www.facebook.com\/NuernbergerMenschenrechtszentrum\/?eid=ARAoGFhiOGk5kmEnso1qow5TUUEWiHvB739MeabiJgTeX-H10uOy1x45ym-gISJGHPSkma6NciCJ1mFN\" \/>\n<meta property=\"article:published_time\" content=\"2023-06-05T19:16:24+00:00\" \/>\n<meta property=\"article:modified_time\" content=\"2023-06-05T19:20:41+00:00\" \/>\n<meta property=\"og:image\" content=\"https:\/\/www.menschenrechte.org\/blog\/wp-content\/uploads\/2023\/06\/P1080535-scaled.jpg\" \/>\n\t<meta property=\"og:image:width\" content=\"2560\" \/>\n\t<meta property=\"og:image:height\" content=\"1920\" \/>\n\t<meta property=\"og:image:type\" content=\"image\/jpeg\" \/>\n<meta name=\"author\" content=\"Rainer Huhle\" \/>\n<meta name=\"twitter:label1\" content=\"Verfasst von\" \/>\n\t<meta name=\"twitter:data1\" content=\"Rainer Huhle\" \/>\n\t<meta name=\"twitter:label2\" content=\"Gesch\u00e4tzte Lesezeit\" \/>\n\t<meta name=\"twitter:data2\" content=\"4\u00a0Minuten\" \/>\n\t<meta name=\"twitter:label3\" content=\"Written by\" \/>\n\t<meta name=\"twitter:data3\" content=\"Rainer Huhle\" \/>\n<script type=\"application\/ld+json\" class=\"yoast-schema-graph\">{\"@context\":\"https:\/\/schema.org\",\"@graph\":[{\"@type\":\"Article\",\"@id\":\"https:\/\/www.menschenrechte.org\/blog\/thomas-buergenthal-holocaustueberlebender-und-menschenrechtspionier\/#article\",\"isPartOf\":{\"@id\":\"https:\/\/www.menschenrechte.org\/blog\/thomas-buergenthal-holocaustueberlebender-und-menschenrechtspionier\/\"},\"author\":{\"name\":\"Rainer Huhle\",\"@id\":\"https:\/\/www.menschenrechte.org\/blog\/#\/schema\/person\/b95feca5abe16bd591a715498b32332d\"},\"headline\":\"Thomas Buergenthal \u2013 Holocaust\u00fcberlebender und Menschenrechtspionier\",\"datePublished\":\"2023-06-05T19:16:24+00:00\",\"dateModified\":\"2023-06-05T19:20:41+00:00\",\"mainEntityOfPage\":{\"@id\":\"https:\/\/www.menschenrechte.org\/blog\/thomas-buergenthal-holocaustueberlebender-und-menschenrechtspionier\/\"},\"wordCount\":759,\"commentCount\":0,\"publisher\":{\"@id\":\"https:\/\/www.menschenrechte.org\/blog\/#organization\"},\"image\":{\"@id\":\"https:\/\/www.menschenrechte.org\/blog\/thomas-buergenthal-holocaustueberlebender-und-menschenrechtspionier\/#primaryimage\"},\"thumbnailUrl\":\"https:\/\/www.menschenrechte.org\/blog\/wp-content\/uploads\/2023\/06\/P1080535-scaled.jpg\",\"inLanguage\":\"de\",\"potentialAction\":[{\"@type\":\"CommentAction\",\"name\":\"Comment\",\"target\":[\"https:\/\/www.menschenrechte.org\/blog\/thomas-buergenthal-holocaustueberlebender-und-menschenrechtspionier\/#respond\"]}]},{\"@type\":\"WebPage\",\"@id\":\"https:\/\/www.menschenrechte.org\/blog\/thomas-buergenthal-holocaustueberlebender-und-menschenrechtspionier\/\",\"url\":\"https:\/\/www.menschenrechte.org\/blog\/thomas-buergenthal-holocaustueberlebender-und-menschenrechtspionier\/\",\"name\":\"Thomas Buergenthal \u2013 Holocaust\u00fcberlebender und Menschenrechtspionier - Menschenrechte - der Blog.\",\"isPartOf\":{\"@id\":\"https:\/\/www.menschenrechte.org\/blog\/#website\"},\"primaryImageOfPage\":{\"@id\":\"https:\/\/www.menschenrechte.org\/blog\/thomas-buergenthal-holocaustueberlebender-und-menschenrechtspionier\/#primaryimage\"},\"image\":{\"@id\":\"https:\/\/www.menschenrechte.org\/blog\/thomas-buergenthal-holocaustueberlebender-und-menschenrechtspionier\/#primaryimage\"},\"thumbnailUrl\":\"https:\/\/www.menschenrechte.org\/blog\/wp-content\/uploads\/2023\/06\/P1080535-scaled.jpg\",\"datePublished\":\"2023-06-05T19:16:24+00:00\",\"dateModified\":\"2023-06-05T19:20:41+00:00\",\"breadcrumb\":{\"@id\":\"https:\/\/www.menschenrechte.org\/blog\/thomas-buergenthal-holocaustueberlebender-und-menschenrechtspionier\/#breadcrumb\"},\"inLanguage\":\"de\",\"potentialAction\":[{\"@type\":\"ReadAction\",\"target\":[\"https:\/\/www.menschenrechte.org\/blog\/thomas-buergenthal-holocaustueberlebender-und-menschenrechtspionier\/\"]}]},{\"@type\":\"ImageObject\",\"inLanguage\":\"de\",\"@id\":\"https:\/\/www.menschenrechte.org\/blog\/thomas-buergenthal-holocaustueberlebender-und-menschenrechtspionier\/#primaryimage\",\"url\":\"https:\/\/www.menschenrechte.org\/blog\/wp-content\/uploads\/2023\/06\/P1080535-scaled.jpg\",\"contentUrl\":\"https:\/\/www.menschenrechte.org\/blog\/wp-content\/uploads\/2023\/06\/P1080535-scaled.jpg\",\"width\":2560,\"height\":1920},{\"@type\":\"BreadcrumbList\",\"@id\":\"https:\/\/www.menschenrechte.org\/blog\/thomas-buergenthal-holocaustueberlebender-und-menschenrechtspionier\/#breadcrumb\",\"itemListElement\":[{\"@type\":\"ListItem\",\"position\":1,\"name\":\"Startseite\",\"item\":\"https:\/\/www.menschenrechte.org\/blog\/\"},{\"@type\":\"ListItem\",\"position\":2,\"name\":\"Thomas Buergenthal \u2013 Holocaust\u00fcberlebender und Menschenrechtspionier\"}]},{\"@type\":\"WebSite\",\"@id\":\"https:\/\/www.menschenrechte.org\/blog\/#website\",\"url\":\"https:\/\/www.menschenrechte.org\/blog\/\",\"name\":\"Menschenrechte - der Blog.\",\"description\":\"N\u00fcrnberger Menschenrechtszentrum\",\"publisher\":{\"@id\":\"https:\/\/www.menschenrechte.org\/blog\/#organization\"},\"potentialAction\":[{\"@type\":\"SearchAction\",\"target\":{\"@type\":\"EntryPoint\",\"urlTemplate\":\"https:\/\/www.menschenrechte.org\/blog\/?s={search_term_string}\"},\"query-input\":{\"@type\":\"PropertyValueSpecification\",\"valueRequired\":true,\"valueName\":\"search_term_string\"}}],\"inLanguage\":\"de\"},{\"@type\":\"Organization\",\"@id\":\"https:\/\/www.menschenrechte.org\/blog\/#organization\",\"name\":\"N\u00fcrnberger Menschenrechtszentrum\",\"url\":\"https:\/\/www.menschenrechte.org\/blog\/\",\"logo\":{\"@type\":\"ImageObject\",\"inLanguage\":\"de\",\"@id\":\"https:\/\/www.menschenrechte.org\/blog\/#\/schema\/logo\/image\/\",\"url\":\"https:\/\/www.menschenrechte.org\/blog\/wp-content\/uploads\/2020\/02\/NMRZ_jpg-scaled.jpg\",\"contentUrl\":\"https:\/\/www.menschenrechte.org\/blog\/wp-content\/uploads\/2020\/02\/NMRZ_jpg-scaled.jpg\",\"width\":2560,\"height\":345,\"caption\":\"N\u00fcrnberger Menschenrechtszentrum\"},\"image\":{\"@id\":\"https:\/\/www.menschenrechte.org\/blog\/#\/schema\/logo\/image\/\"},\"sameAs\":[\"https:\/\/www.facebook.com\/NuernbergerMenschenrechtszentrum\/?eid=ARAoGFhiOGk5kmEnso1qow5TUUEWiHvB739MeabiJgTeX-H10uOy1x45ym-gISJGHPSkma6NciCJ1mFN\",\"https:\/\/www.instagram.com\/nbg_menschenrechtszentrum\/\"]},{\"@type\":\"Person\",\"@id\":\"https:\/\/www.menschenrechte.org\/blog\/#\/schema\/person\/b95feca5abe16bd591a715498b32332d\",\"name\":\"Rainer Huhle\",\"image\":{\"@type\":\"ImageObject\",\"inLanguage\":\"de\",\"@id\":\"https:\/\/www.menschenrechte.org\/blog\/#\/schema\/person\/image\/034613246d6c7735a755f0c0cd80e158\",\"url\":\"https:\/\/secure.gravatar.com\/avatar\/b69f685f6b948df0e8414e678cd23e2d1c9683988715d301b21aea08dbb1eea6?s=96&d=mm&r=g\",\"contentUrl\":\"https:\/\/secure.gravatar.com\/avatar\/b69f685f6b948df0e8414e678cd23e2d1c9683988715d301b21aea08dbb1eea6?s=96&d=mm&r=g\",\"caption\":\"Rainer Huhle\"},\"description\":\"Rainer ist Gr\u00fcndungsmitglied des N\u00fcrnberger Menschenrechtszentrums.\",\"url\":\"https:\/\/www.menschenrechte.org\/blog\/author\/rainer\/\"}]}<\/script>\n<!-- \/ Yoast SEO plugin. -->","yoast_head_json":{"title":"Thomas Buergenthal \u2013 Holocaust\u00fcberlebender und Menschenrechtspionier - Menschenrechte - der Blog.","robots":{"index":"index","follow":"follow","max-snippet":"max-snippet:-1","max-image-preview":"max-image-preview:large","max-video-preview":"max-video-preview:-1"},"canonical":"https:\/\/www.menschenrechte.org\/blog\/thomas-buergenthal-holocaustueberlebender-und-menschenrechtspionier\/","og_locale":"de_DE","og_type":"article","og_title":"Thomas Buergenthal \u2013 Holocaust\u00fcberlebender und Menschenrechtspionier - Menschenrechte - der Blog.","og_description":"Am 29. Mai 2023 verstarb in Florida im Alter von 89 Jahren der V\u00f6lker- und Menschenrechtler Thomas Buergenthal. Wer je...","og_url":"https:\/\/www.menschenrechte.org\/blog\/thomas-buergenthal-holocaustueberlebender-und-menschenrechtspionier\/","og_site_name":"Menschenrechte - der Blog.","article_publisher":"https:\/\/www.facebook.com\/NuernbergerMenschenrechtszentrum\/?eid=ARAoGFhiOGk5kmEnso1qow5TUUEWiHvB739MeabiJgTeX-H10uOy1x45ym-gISJGHPSkma6NciCJ1mFN","article_published_time":"2023-06-05T19:16:24+00:00","article_modified_time":"2023-06-05T19:20:41+00:00","og_image":[{"width":2560,"height":1920,"url":"https:\/\/www.menschenrechte.org\/blog\/wp-content\/uploads\/2023\/06\/P1080535-scaled.jpg","type":"image\/jpeg"}],"author":"Rainer Huhle","twitter_misc":{"Verfasst von":"Rainer Huhle","Gesch\u00e4tzte Lesezeit":"4\u00a0Minuten","Written by":"Rainer Huhle"},"schema":{"@context":"https:\/\/schema.org","@graph":[{"@type":"Article","@id":"https:\/\/www.menschenrechte.org\/blog\/thomas-buergenthal-holocaustueberlebender-und-menschenrechtspionier\/#article","isPartOf":{"@id":"https:\/\/www.menschenrechte.org\/blog\/thomas-buergenthal-holocaustueberlebender-und-menschenrechtspionier\/"},"author":{"name":"Rainer Huhle","@id":"https:\/\/www.menschenrechte.org\/blog\/#\/schema\/person\/b95feca5abe16bd591a715498b32332d"},"headline":"Thomas Buergenthal \u2013 Holocaust\u00fcberlebender und Menschenrechtspionier","datePublished":"2023-06-05T19:16:24+00:00","dateModified":"2023-06-05T19:20:41+00:00","mainEntityOfPage":{"@id":"https:\/\/www.menschenrechte.org\/blog\/thomas-buergenthal-holocaustueberlebender-und-menschenrechtspionier\/"},"wordCount":759,"commentCount":0,"publisher":{"@id":"https:\/\/www.menschenrechte.org\/blog\/#organization"},"image":{"@id":"https:\/\/www.menschenrechte.org\/blog\/thomas-buergenthal-holocaustueberlebender-und-menschenrechtspionier\/#primaryimage"},"thumbnailUrl":"https:\/\/www.menschenrechte.org\/blog\/wp-content\/uploads\/2023\/06\/P1080535-scaled.jpg","inLanguage":"de","potentialAction":[{"@type":"CommentAction","name":"Comment","target":["https:\/\/www.menschenrechte.org\/blog\/thomas-buergenthal-holocaustueberlebender-und-menschenrechtspionier\/#respond"]}]},{"@type":"WebPage","@id":"https:\/\/www.menschenrechte.org\/blog\/thomas-buergenthal-holocaustueberlebender-und-menschenrechtspionier\/","url":"https:\/\/www.menschenrechte.org\/blog\/thomas-buergenthal-holocaustueberlebender-und-menschenrechtspionier\/","name":"Thomas Buergenthal \u2013 Holocaust\u00fcberlebender und Menschenrechtspionier - Menschenrechte - der Blog.","isPartOf":{"@id":"https:\/\/www.menschenrechte.org\/blog\/#website"},"primaryImageOfPage":{"@id":"https:\/\/www.menschenrechte.org\/blog\/thomas-buergenthal-holocaustueberlebender-und-menschenrechtspionier\/#primaryimage"},"image":{"@id":"https:\/\/www.menschenrechte.org\/blog\/thomas-buergenthal-holocaustueberlebender-und-menschenrechtspionier\/#primaryimage"},"thumbnailUrl":"https:\/\/www.menschenrechte.org\/blog\/wp-content\/uploads\/2023\/06\/P1080535-scaled.jpg","datePublished":"2023-06-05T19:16:24+00:00","dateModified":"2023-06-05T19:20:41+00:00","breadcrumb":{"@id":"https:\/\/www.menschenrechte.org\/blog\/thomas-buergenthal-holocaustueberlebender-und-menschenrechtspionier\/#breadcrumb"},"inLanguage":"de","potentialAction":[{"@type":"ReadAction","target":["https:\/\/www.menschenrechte.org\/blog\/thomas-buergenthal-holocaustueberlebender-und-menschenrechtspionier\/"]}]},{"@type":"ImageObject","inLanguage":"de","@id":"https:\/\/www.menschenrechte.org\/blog\/thomas-buergenthal-holocaustueberlebender-und-menschenrechtspionier\/#primaryimage","url":"https:\/\/www.menschenrechte.org\/blog\/wp-content\/uploads\/2023\/06\/P1080535-scaled.jpg","contentUrl":"https:\/\/www.menschenrechte.org\/blog\/wp-content\/uploads\/2023\/06\/P1080535-scaled.jpg","width":2560,"height":1920},{"@type":"BreadcrumbList","@id":"https:\/\/www.menschenrechte.org\/blog\/thomas-buergenthal-holocaustueberlebender-und-menschenrechtspionier\/#breadcrumb","itemListElement":[{"@type":"ListItem","position":1,"name":"Startseite","item":"https:\/\/www.menschenrechte.org\/blog\/"},{"@type":"ListItem","position":2,"name":"Thomas Buergenthal \u2013 Holocaust\u00fcberlebender und Menschenrechtspionier"}]},{"@type":"WebSite","@id":"https:\/\/www.menschenrechte.org\/blog\/#website","url":"https:\/\/www.menschenrechte.org\/blog\/","name":"Menschenrechte - der Blog.","description":"N\u00fcrnberger Menschenrechtszentrum","publisher":{"@id":"https:\/\/www.menschenrechte.org\/blog\/#organization"},"potentialAction":[{"@type":"SearchAction","target":{"@type":"EntryPoint","urlTemplate":"https:\/\/www.menschenrechte.org\/blog\/?s={search_term_string}"},"query-input":{"@type":"PropertyValueSpecification","valueRequired":true,"valueName":"search_term_string"}}],"inLanguage":"de"},{"@type":"Organization","@id":"https:\/\/www.menschenrechte.org\/blog\/#organization","name":"N\u00fcrnberger Menschenrechtszentrum","url":"https:\/\/www.menschenrechte.org\/blog\/","logo":{"@type":"ImageObject","inLanguage":"de","@id":"https:\/\/www.menschenrechte.org\/blog\/#\/schema\/logo\/image\/","url":"https:\/\/www.menschenrechte.org\/blog\/wp-content\/uploads\/2020\/02\/NMRZ_jpg-scaled.jpg","contentUrl":"https:\/\/www.menschenrechte.org\/blog\/wp-content\/uploads\/2020\/02\/NMRZ_jpg-scaled.jpg","width":2560,"height":345,"caption":"N\u00fcrnberger Menschenrechtszentrum"},"image":{"@id":"https:\/\/www.menschenrechte.org\/blog\/#\/schema\/logo\/image\/"},"sameAs":["https:\/\/www.facebook.com\/NuernbergerMenschenrechtszentrum\/?eid=ARAoGFhiOGk5kmEnso1qow5TUUEWiHvB739MeabiJgTeX-H10uOy1x45ym-gISJGHPSkma6NciCJ1mFN","https:\/\/www.instagram.com\/nbg_menschenrechtszentrum\/"]},{"@type":"Person","@id":"https:\/\/www.menschenrechte.org\/blog\/#\/schema\/person\/b95feca5abe16bd591a715498b32332d","name":"Rainer Huhle","image":{"@type":"ImageObject","inLanguage":"de","@id":"https:\/\/www.menschenrechte.org\/blog\/#\/schema\/person\/image\/034613246d6c7735a755f0c0cd80e158","url":"https:\/\/secure.gravatar.com\/avatar\/b69f685f6b948df0e8414e678cd23e2d1c9683988715d301b21aea08dbb1eea6?s=96&d=mm&r=g","contentUrl":"https:\/\/secure.gravatar.com\/avatar\/b69f685f6b948df0e8414e678cd23e2d1c9683988715d301b21aea08dbb1eea6?s=96&d=mm&r=g","caption":"Rainer Huhle"},"description":"Rainer ist Gr\u00fcndungsmitglied des N\u00fcrnberger Menschenrechtszentrums.","url":"https:\/\/www.menschenrechte.org\/blog\/author\/rainer\/"}]}},"_links":{"self":[{"href":"https:\/\/www.menschenrechte.org\/blog\/wp-json\/wp\/v2\/posts\/1155","targetHints":{"allow":["GET"]}}],"collection":[{"href":"https:\/\/www.menschenrechte.org\/blog\/wp-json\/wp\/v2\/posts"}],"about":[{"href":"https:\/\/www.menschenrechte.org\/blog\/wp-json\/wp\/v2\/types\/post"}],"author":[{"embeddable":true,"href":"https:\/\/www.menschenrechte.org\/blog\/wp-json\/wp\/v2\/users\/8"}],"replies":[{"embeddable":true,"href":"https:\/\/www.menschenrechte.org\/blog\/wp-json\/wp\/v2\/comments?post=1155"}],"version-history":[{"count":1,"href":"https:\/\/www.menschenrechte.org\/blog\/wp-json\/wp\/v2\/posts\/1155\/revisions"}],"predecessor-version":[{"id":1158,"href":"https:\/\/www.menschenrechte.org\/blog\/wp-json\/wp\/v2\/posts\/1155\/revisions\/1158"}],"wp:featuredmedia":[{"embeddable":true,"href":"https:\/\/www.menschenrechte.org\/blog\/wp-json\/wp\/v2\/media\/1156"}],"wp:attachment":[{"href":"https:\/\/www.menschenrechte.org\/blog\/wp-json\/wp\/v2\/media?parent=1155"}],"wp:term":[{"taxonomy":"category","embeddable":true,"href":"https:\/\/www.menschenrechte.org\/blog\/wp-json\/wp\/v2\/categories?post=1155"},{"taxonomy":"post_tag","embeddable":true,"href":"https:\/\/www.menschenrechte.org\/blog\/wp-json\/wp\/v2\/tags?post=1155"},{"taxonomy":"author","embeddable":true,"href":"https:\/\/www.menschenrechte.org\/blog\/wp-json\/wp\/v2\/coauthors?post=1155"}],"curies":[{"name":"wp","href":"https:\/\/api.w.org\/{rel}","templated":true}]}}