{"id":1172,"date":"2023-08-31T12:49:39","date_gmt":"2023-08-31T10:49:39","guid":{"rendered":"https:\/\/www.menschenrechte.org\/blog\/?p=1172"},"modified":"2023-08-31T20:51:49","modified_gmt":"2023-08-31T18:51:49","slug":"neulich-im-taxi","status":"publish","type":"post","link":"https:\/\/www.menschenrechte.org\/blog\/neulich-im-taxi\/","title":{"rendered":"Neulich im Taxi"},"content":{"rendered":"\n<p>Umst\u00e4ndehalber bin ich in den letzten Monaten viel im Taxi unterwegs gewesen. Hat eigentlich schon mal jemand eine Geschichte der Globalisierung am Beispiel des individuellen \u00f6ffentlichen Nahverkehrs geschrieben? Die Zahl der Herkunftsl\u00e4nder meiner fast immer freundlichen FahrerInnen war jedenfalls beeindruckend.<\/p>\n\n\n\n<p>Doch eines Tages, kaum eingestiegen, wurde ich in breitem Fr\u00e4nkisch gefragt: &#8222;Na, wou sollsn nacha higehn?&#8220; Ich gab dem Fahrer die Adresse in der Universit\u00e4t Erlangen und bemerkte beil\u00e4ufig, dass esja nicht mehr vieler Taxerer g\u00e4be, die so sch\u00f6n fr\u00e4nkisch spr\u00e4chen wie er. Stimmt, meinte er, aber so sei halt der Lauf der Zeit. Und mit seinen ausl\u00e4ndischen Kollegen verst\u00fcnde er sich prima. Damit belie\u00dfen wir es.<\/p>\n\n\n\n<p>Zwei Wochen sa\u00df im Taxi der gleiche Fahrer. Wir erinnerten uns aneinander und da wir ja nun schon einmal gute Bekannte waren, traute er sich, als ich ihm wieder eine Adresse der Universit\u00e4t nannte, zu fragen, was ich dort tue. Ich unterrichte Menschenrechte, erkl\u00e4rte ich ihm, eine Auskunft, die nicht immer auf Wohlwollen st\u00f6\u00dft. Mein Fahrer aber, nach einer Pause, meinte, das sei bestimmt ein schwieriges Thema. Ja, nicht ganz einfach, gab ich zur\u00fcck. Er habe sich auch schon manchmal Gedanken dazu gemacht, fuhr er dann fort, und ich wurde hellh\u00f6rig. Wenn er sich so seine Kollegen anschaue, da g\u00e4be es solche und solche, wie halt \u00fcberall auf der Welt. Aber warum sollte einer besser oder schlechter sein, nur weil er eine andere Hautfarbe habe, oder sonst irgendwie anders ausschaue? Wo einer geboren wurde, da kann doch keiner was daf\u00fcr, oder?\u00a0 Ich nickte und stellte f\u00fcr mich fest: Der Mann braucht keinen Menschenrechtskurs.<\/p>\n\n\n\n<p>Und dann erz\u00e4hlte er mir eine Geschichte:<\/p>\n\n\n\n<p>Neulich an einem Ort, wo gew\u00f6hnlich lange Schlangen auf ankommende Fahrg\u00e4ste warten, sei er schon das zweite Fahrzeug an der Spitze gewesen, vor ihm nur noch sein Kollege \u2013 ein sehr feiner Kollege \u2013 aus Eritrea. Da kam eine elegant gekleidete Dame, blickte kurz in das erste Taxi und ging dann weiter zu meinem Fahrer. \u201eMuss ich denn mit diesem N. (sie sprach es wirklich aus) da fahren?\u201c<\/p>\n\n\n\n<p>\u201eNein, das m\u00fcssen Sie nicht&#8220;, antwortete mein fr\u00e4nkischer Taxerer, stieg aus und f\u00fcgte laut hinzu. \u201eUnd mit mir m\u00fcssen Sie auch nicht fahren.\u201c Inzwischen hatte die Szene Aufmerksamkeit erregt, auch die Fahrer aus den hinteren Wagen \u00f6ffneten die T\u00fcren und h\u00f6rten zu. \u201eUnd Sie k\u00f6nnen sicher sein, von denen da hinten nimmt sie auch keiner mit. Aber da dr\u00fcben ist ja die Bushaltestelle.\u201c Ende des Dialogs, und beif\u00e4lliges Klatschen nicht nur von den Taxifahrern, sondern sogar von Leuten auf der andern Stra\u00dfenseite, die auf den Bus warteten.<\/p>\n\n\n\n<p>Der braucht wirklich keine Menschenrechtsbildung, dachte ich mir, aber sein Beispiel w\u00fcrde jeden Kurs bereichern. Ich hoffe, dass er mir eines Tages wieder die T\u00fcr zu seinem Taxi aufmacht.<\/p>\n","protected":false},"excerpt":{"rendered":"<p>Umst\u00e4ndehalber bin ich in den letzten Monaten viel im Taxi unterwegs gewesen. Hat eigentlich schon mal jemand eine Geschichte der&#8230;<\/p>\n","protected":false},"author":8,"featured_media":1173,"comment_status":"open","ping_status":"open","sticky":false,"template":"","format":"standard","meta":{"footnotes":""},"categories":[15,1],"tags":[48,91,198,50],"coauthors":[29],"class_list":["post-1172","post","type-post","status-publish","format-standard","has-post-thumbnail","hentry","category-aktuelles","category-allgemein","tag-diskriminierung","tag-menschenrechte","tag-menschenrechtsbildung","tag-rassismus","post-archive"],"yoast_head":"<!-- This site is optimized with the Yoast SEO plugin v26.5 - https:\/\/yoast.com\/wordpress\/plugins\/seo\/ -->\n<title>Neulich im Taxi - Menschenrechte - der Blog.<\/title>\n<meta name=\"robots\" content=\"index, follow, max-snippet:-1, max-image-preview:large, max-video-preview:-1\" \/>\n<link rel=\"canonical\" href=\"https:\/\/www.menschenrechte.org\/blog\/neulich-im-taxi\/\" \/>\n<meta property=\"og:locale\" content=\"de_DE\" \/>\n<meta property=\"og:type\" content=\"article\" \/>\n<meta property=\"og:title\" content=\"Neulich im Taxi - Menschenrechte - der Blog.\" \/>\n<meta property=\"og:description\" content=\"Umst\u00e4ndehalber bin ich in den letzten Monaten viel im Taxi unterwegs gewesen. Hat eigentlich schon mal jemand eine Geschichte der...\" \/>\n<meta property=\"og:url\" content=\"https:\/\/www.menschenrechte.org\/blog\/neulich-im-taxi\/\" \/>\n<meta property=\"og:site_name\" content=\"Menschenrechte - der Blog.\" \/>\n<meta property=\"article:publisher\" content=\"https:\/\/www.facebook.com\/NuernbergerMenschenrechtszentrum\/?eid=ARAoGFhiOGk5kmEnso1qow5TUUEWiHvB739MeabiJgTeX-H10uOy1x45ym-gISJGHPSkma6NciCJ1mFN\" \/>\n<meta property=\"article:published_time\" content=\"2023-08-31T10:49:39+00:00\" \/>\n<meta property=\"article:modified_time\" content=\"2023-08-31T18:51:49+00:00\" \/>\n<meta property=\"og:image\" content=\"https:\/\/www.menschenrechte.org\/blog\/wp-content\/uploads\/2023\/08\/Taxi.jpg\" \/>\n\t<meta property=\"og:image:width\" content=\"960\" \/>\n\t<meta property=\"og:image:height\" content=\"638\" \/>\n\t<meta property=\"og:image:type\" content=\"image\/jpeg\" \/>\n<meta name=\"author\" content=\"Rainer Huhle\" \/>\n<meta name=\"twitter:label1\" content=\"Verfasst von\" \/>\n\t<meta name=\"twitter:data1\" content=\"Rainer Huhle\" \/>\n\t<meta name=\"twitter:label2\" content=\"Gesch\u00e4tzte Lesezeit\" \/>\n\t<meta name=\"twitter:data2\" content=\"2\u00a0Minuten\" \/>\n\t<meta name=\"twitter:label3\" content=\"Written by\" \/>\n\t<meta name=\"twitter:data3\" content=\"Rainer Huhle\" \/>\n<script type=\"application\/ld+json\" class=\"yoast-schema-graph\">{\"@context\":\"https:\/\/schema.org\",\"@graph\":[{\"@type\":\"Article\",\"@id\":\"https:\/\/www.menschenrechte.org\/blog\/neulich-im-taxi\/#article\",\"isPartOf\":{\"@id\":\"https:\/\/www.menschenrechte.org\/blog\/neulich-im-taxi\/\"},\"author\":{\"name\":\"Rainer Huhle\",\"@id\":\"https:\/\/www.menschenrechte.org\/blog\/#\/schema\/person\/b95feca5abe16bd591a715498b32332d\"},\"headline\":\"Neulich im Taxi\",\"datePublished\":\"2023-08-31T10:49:39+00:00\",\"dateModified\":\"2023-08-31T18:51:49+00:00\",\"mainEntityOfPage\":{\"@id\":\"https:\/\/www.menschenrechte.org\/blog\/neulich-im-taxi\/\"},\"wordCount\":487,\"commentCount\":0,\"publisher\":{\"@id\":\"https:\/\/www.menschenrechte.org\/blog\/#organization\"},\"image\":{\"@id\":\"https:\/\/www.menschenrechte.org\/blog\/neulich-im-taxi\/#primaryimage\"},\"thumbnailUrl\":\"https:\/\/www.menschenrechte.org\/blog\/wp-content\/uploads\/2023\/08\/Taxi.jpg\",\"keywords\":[\"Diskriminierung\",\"Menschenrechte\",\"Menschenrechtsbildung\",\"Rassismus\"],\"articleSection\":[\"Aktuelles\"],\"inLanguage\":\"de\",\"potentialAction\":[{\"@type\":\"CommentAction\",\"name\":\"Comment\",\"target\":[\"https:\/\/www.menschenrechte.org\/blog\/neulich-im-taxi\/#respond\"]}]},{\"@type\":\"WebPage\",\"@id\":\"https:\/\/www.menschenrechte.org\/blog\/neulich-im-taxi\/\",\"url\":\"https:\/\/www.menschenrechte.org\/blog\/neulich-im-taxi\/\",\"name\":\"Neulich im Taxi - Menschenrechte - der Blog.\",\"isPartOf\":{\"@id\":\"https:\/\/www.menschenrechte.org\/blog\/#website\"},\"primaryImageOfPage\":{\"@id\":\"https:\/\/www.menschenrechte.org\/blog\/neulich-im-taxi\/#primaryimage\"},\"image\":{\"@id\":\"https:\/\/www.menschenrechte.org\/blog\/neulich-im-taxi\/#primaryimage\"},\"thumbnailUrl\":\"https:\/\/www.menschenrechte.org\/blog\/wp-content\/uploads\/2023\/08\/Taxi.jpg\",\"datePublished\":\"2023-08-31T10:49:39+00:00\",\"dateModified\":\"2023-08-31T18:51:49+00:00\",\"breadcrumb\":{\"@id\":\"https:\/\/www.menschenrechte.org\/blog\/neulich-im-taxi\/#breadcrumb\"},\"inLanguage\":\"de\",\"potentialAction\":[{\"@type\":\"ReadAction\",\"target\":[\"https:\/\/www.menschenrechte.org\/blog\/neulich-im-taxi\/\"]}]},{\"@type\":\"ImageObject\",\"inLanguage\":\"de\",\"@id\":\"https:\/\/www.menschenrechte.org\/blog\/neulich-im-taxi\/#primaryimage\",\"url\":\"https:\/\/www.menschenrechte.org\/blog\/wp-content\/uploads\/2023\/08\/Taxi.jpg\",\"contentUrl\":\"https:\/\/www.menschenrechte.org\/blog\/wp-content\/uploads\/2023\/08\/Taxi.jpg\",\"width\":960,\"height\":638},{\"@type\":\"BreadcrumbList\",\"@id\":\"https:\/\/www.menschenrechte.org\/blog\/neulich-im-taxi\/#breadcrumb\",\"itemListElement\":[{\"@type\":\"ListItem\",\"position\":1,\"name\":\"Startseite\",\"item\":\"https:\/\/www.menschenrechte.org\/blog\/\"},{\"@type\":\"ListItem\",\"position\":2,\"name\":\"Neulich im Taxi\"}]},{\"@type\":\"WebSite\",\"@id\":\"https:\/\/www.menschenrechte.org\/blog\/#website\",\"url\":\"https:\/\/www.menschenrechte.org\/blog\/\",\"name\":\"Menschenrechte - der Blog.\",\"description\":\"N\u00fcrnberger Menschenrechtszentrum\",\"publisher\":{\"@id\":\"https:\/\/www.menschenrechte.org\/blog\/#organization\"},\"potentialAction\":[{\"@type\":\"SearchAction\",\"target\":{\"@type\":\"EntryPoint\",\"urlTemplate\":\"https:\/\/www.menschenrechte.org\/blog\/?s={search_term_string}\"},\"query-input\":{\"@type\":\"PropertyValueSpecification\",\"valueRequired\":true,\"valueName\":\"search_term_string\"}}],\"inLanguage\":\"de\"},{\"@type\":\"Organization\",\"@id\":\"https:\/\/www.menschenrechte.org\/blog\/#organization\",\"name\":\"N\u00fcrnberger Menschenrechtszentrum\",\"url\":\"https:\/\/www.menschenrechte.org\/blog\/\",\"logo\":{\"@type\":\"ImageObject\",\"inLanguage\":\"de\",\"@id\":\"https:\/\/www.menschenrechte.org\/blog\/#\/schema\/logo\/image\/\",\"url\":\"https:\/\/www.menschenrechte.org\/blog\/wp-content\/uploads\/2020\/02\/NMRZ_jpg-scaled.jpg\",\"contentUrl\":\"https:\/\/www.menschenrechte.org\/blog\/wp-content\/uploads\/2020\/02\/NMRZ_jpg-scaled.jpg\",\"width\":2560,\"height\":345,\"caption\":\"N\u00fcrnberger Menschenrechtszentrum\"},\"image\":{\"@id\":\"https:\/\/www.menschenrechte.org\/blog\/#\/schema\/logo\/image\/\"},\"sameAs\":[\"https:\/\/www.facebook.com\/NuernbergerMenschenrechtszentrum\/?eid=ARAoGFhiOGk5kmEnso1qow5TUUEWiHvB739MeabiJgTeX-H10uOy1x45ym-gISJGHPSkma6NciCJ1mFN\",\"https:\/\/www.instagram.com\/nbg_menschenrechtszentrum\/\"]},{\"@type\":\"Person\",\"@id\":\"https:\/\/www.menschenrechte.org\/blog\/#\/schema\/person\/b95feca5abe16bd591a715498b32332d\",\"name\":\"Rainer Huhle\",\"image\":{\"@type\":\"ImageObject\",\"inLanguage\":\"de\",\"@id\":\"https:\/\/www.menschenrechte.org\/blog\/#\/schema\/person\/image\/034613246d6c7735a755f0c0cd80e158\",\"url\":\"https:\/\/secure.gravatar.com\/avatar\/b69f685f6b948df0e8414e678cd23e2d1c9683988715d301b21aea08dbb1eea6?s=96&d=mm&r=g\",\"contentUrl\":\"https:\/\/secure.gravatar.com\/avatar\/b69f685f6b948df0e8414e678cd23e2d1c9683988715d301b21aea08dbb1eea6?s=96&d=mm&r=g\",\"caption\":\"Rainer Huhle\"},\"description\":\"Rainer ist Gr\u00fcndungsmitglied des N\u00fcrnberger Menschenrechtszentrums.\",\"url\":\"https:\/\/www.menschenrechte.org\/blog\/author\/rainer\/\"}]}<\/script>\n<!-- \/ Yoast SEO plugin. -->","yoast_head_json":{"title":"Neulich im Taxi - Menschenrechte - der Blog.","robots":{"index":"index","follow":"follow","max-snippet":"max-snippet:-1","max-image-preview":"max-image-preview:large","max-video-preview":"max-video-preview:-1"},"canonical":"https:\/\/www.menschenrechte.org\/blog\/neulich-im-taxi\/","og_locale":"de_DE","og_type":"article","og_title":"Neulich im Taxi - Menschenrechte - der Blog.","og_description":"Umst\u00e4ndehalber bin ich in den letzten Monaten viel im Taxi unterwegs gewesen. Hat eigentlich schon mal jemand eine Geschichte der...","og_url":"https:\/\/www.menschenrechte.org\/blog\/neulich-im-taxi\/","og_site_name":"Menschenrechte - der Blog.","article_publisher":"https:\/\/www.facebook.com\/NuernbergerMenschenrechtszentrum\/?eid=ARAoGFhiOGk5kmEnso1qow5TUUEWiHvB739MeabiJgTeX-H10uOy1x45ym-gISJGHPSkma6NciCJ1mFN","article_published_time":"2023-08-31T10:49:39+00:00","article_modified_time":"2023-08-31T18:51:49+00:00","og_image":[{"width":960,"height":638,"url":"https:\/\/www.menschenrechte.org\/blog\/wp-content\/uploads\/2023\/08\/Taxi.jpg","type":"image\/jpeg"}],"author":"Rainer Huhle","twitter_misc":{"Verfasst von":"Rainer Huhle","Gesch\u00e4tzte Lesezeit":"2\u00a0Minuten","Written by":"Rainer Huhle"},"schema":{"@context":"https:\/\/schema.org","@graph":[{"@type":"Article","@id":"https:\/\/www.menschenrechte.org\/blog\/neulich-im-taxi\/#article","isPartOf":{"@id":"https:\/\/www.menschenrechte.org\/blog\/neulich-im-taxi\/"},"author":{"name":"Rainer Huhle","@id":"https:\/\/www.menschenrechte.org\/blog\/#\/schema\/person\/b95feca5abe16bd591a715498b32332d"},"headline":"Neulich im Taxi","datePublished":"2023-08-31T10:49:39+00:00","dateModified":"2023-08-31T18:51:49+00:00","mainEntityOfPage":{"@id":"https:\/\/www.menschenrechte.org\/blog\/neulich-im-taxi\/"},"wordCount":487,"commentCount":0,"publisher":{"@id":"https:\/\/www.menschenrechte.org\/blog\/#organization"},"image":{"@id":"https:\/\/www.menschenrechte.org\/blog\/neulich-im-taxi\/#primaryimage"},"thumbnailUrl":"https:\/\/www.menschenrechte.org\/blog\/wp-content\/uploads\/2023\/08\/Taxi.jpg","keywords":["Diskriminierung","Menschenrechte","Menschenrechtsbildung","Rassismus"],"articleSection":["Aktuelles"],"inLanguage":"de","potentialAction":[{"@type":"CommentAction","name":"Comment","target":["https:\/\/www.menschenrechte.org\/blog\/neulich-im-taxi\/#respond"]}]},{"@type":"WebPage","@id":"https:\/\/www.menschenrechte.org\/blog\/neulich-im-taxi\/","url":"https:\/\/www.menschenrechte.org\/blog\/neulich-im-taxi\/","name":"Neulich im Taxi - Menschenrechte - der Blog.","isPartOf":{"@id":"https:\/\/www.menschenrechte.org\/blog\/#website"},"primaryImageOfPage":{"@id":"https:\/\/www.menschenrechte.org\/blog\/neulich-im-taxi\/#primaryimage"},"image":{"@id":"https:\/\/www.menschenrechte.org\/blog\/neulich-im-taxi\/#primaryimage"},"thumbnailUrl":"https:\/\/www.menschenrechte.org\/blog\/wp-content\/uploads\/2023\/08\/Taxi.jpg","datePublished":"2023-08-31T10:49:39+00:00","dateModified":"2023-08-31T18:51:49+00:00","breadcrumb":{"@id":"https:\/\/www.menschenrechte.org\/blog\/neulich-im-taxi\/#breadcrumb"},"inLanguage":"de","potentialAction":[{"@type":"ReadAction","target":["https:\/\/www.menschenrechte.org\/blog\/neulich-im-taxi\/"]}]},{"@type":"ImageObject","inLanguage":"de","@id":"https:\/\/www.menschenrechte.org\/blog\/neulich-im-taxi\/#primaryimage","url":"https:\/\/www.menschenrechte.org\/blog\/wp-content\/uploads\/2023\/08\/Taxi.jpg","contentUrl":"https:\/\/www.menschenrechte.org\/blog\/wp-content\/uploads\/2023\/08\/Taxi.jpg","width":960,"height":638},{"@type":"BreadcrumbList","@id":"https:\/\/www.menschenrechte.org\/blog\/neulich-im-taxi\/#breadcrumb","itemListElement":[{"@type":"ListItem","position":1,"name":"Startseite","item":"https:\/\/www.menschenrechte.org\/blog\/"},{"@type":"ListItem","position":2,"name":"Neulich im Taxi"}]},{"@type":"WebSite","@id":"https:\/\/www.menschenrechte.org\/blog\/#website","url":"https:\/\/www.menschenrechte.org\/blog\/","name":"Menschenrechte - der Blog.","description":"N\u00fcrnberger Menschenrechtszentrum","publisher":{"@id":"https:\/\/www.menschenrechte.org\/blog\/#organization"},"potentialAction":[{"@type":"SearchAction","target":{"@type":"EntryPoint","urlTemplate":"https:\/\/www.menschenrechte.org\/blog\/?s={search_term_string}"},"query-input":{"@type":"PropertyValueSpecification","valueRequired":true,"valueName":"search_term_string"}}],"inLanguage":"de"},{"@type":"Organization","@id":"https:\/\/www.menschenrechte.org\/blog\/#organization","name":"N\u00fcrnberger Menschenrechtszentrum","url":"https:\/\/www.menschenrechte.org\/blog\/","logo":{"@type":"ImageObject","inLanguage":"de","@id":"https:\/\/www.menschenrechte.org\/blog\/#\/schema\/logo\/image\/","url":"https:\/\/www.menschenrechte.org\/blog\/wp-content\/uploads\/2020\/02\/NMRZ_jpg-scaled.jpg","contentUrl":"https:\/\/www.menschenrechte.org\/blog\/wp-content\/uploads\/2020\/02\/NMRZ_jpg-scaled.jpg","width":2560,"height":345,"caption":"N\u00fcrnberger Menschenrechtszentrum"},"image":{"@id":"https:\/\/www.menschenrechte.org\/blog\/#\/schema\/logo\/image\/"},"sameAs":["https:\/\/www.facebook.com\/NuernbergerMenschenrechtszentrum\/?eid=ARAoGFhiOGk5kmEnso1qow5TUUEWiHvB739MeabiJgTeX-H10uOy1x45ym-gISJGHPSkma6NciCJ1mFN","https:\/\/www.instagram.com\/nbg_menschenrechtszentrum\/"]},{"@type":"Person","@id":"https:\/\/www.menschenrechte.org\/blog\/#\/schema\/person\/b95feca5abe16bd591a715498b32332d","name":"Rainer Huhle","image":{"@type":"ImageObject","inLanguage":"de","@id":"https:\/\/www.menschenrechte.org\/blog\/#\/schema\/person\/image\/034613246d6c7735a755f0c0cd80e158","url":"https:\/\/secure.gravatar.com\/avatar\/b69f685f6b948df0e8414e678cd23e2d1c9683988715d301b21aea08dbb1eea6?s=96&d=mm&r=g","contentUrl":"https:\/\/secure.gravatar.com\/avatar\/b69f685f6b948df0e8414e678cd23e2d1c9683988715d301b21aea08dbb1eea6?s=96&d=mm&r=g","caption":"Rainer Huhle"},"description":"Rainer ist Gr\u00fcndungsmitglied des N\u00fcrnberger Menschenrechtszentrums.","url":"https:\/\/www.menschenrechte.org\/blog\/author\/rainer\/"}]}},"_links":{"self":[{"href":"https:\/\/www.menschenrechte.org\/blog\/wp-json\/wp\/v2\/posts\/1172","targetHints":{"allow":["GET"]}}],"collection":[{"href":"https:\/\/www.menschenrechte.org\/blog\/wp-json\/wp\/v2\/posts"}],"about":[{"href":"https:\/\/www.menschenrechte.org\/blog\/wp-json\/wp\/v2\/types\/post"}],"author":[{"embeddable":true,"href":"https:\/\/www.menschenrechte.org\/blog\/wp-json\/wp\/v2\/users\/8"}],"replies":[{"embeddable":true,"href":"https:\/\/www.menschenrechte.org\/blog\/wp-json\/wp\/v2\/comments?post=1172"}],"version-history":[{"count":2,"href":"https:\/\/www.menschenrechte.org\/blog\/wp-json\/wp\/v2\/posts\/1172\/revisions"}],"predecessor-version":[{"id":1177,"href":"https:\/\/www.menschenrechte.org\/blog\/wp-json\/wp\/v2\/posts\/1172\/revisions\/1177"}],"wp:featuredmedia":[{"embeddable":true,"href":"https:\/\/www.menschenrechte.org\/blog\/wp-json\/wp\/v2\/media\/1173"}],"wp:attachment":[{"href":"https:\/\/www.menschenrechte.org\/blog\/wp-json\/wp\/v2\/media?parent=1172"}],"wp:term":[{"taxonomy":"category","embeddable":true,"href":"https:\/\/www.menschenrechte.org\/blog\/wp-json\/wp\/v2\/categories?post=1172"},{"taxonomy":"post_tag","embeddable":true,"href":"https:\/\/www.menschenrechte.org\/blog\/wp-json\/wp\/v2\/tags?post=1172"},{"taxonomy":"author","embeddable":true,"href":"https:\/\/www.menschenrechte.org\/blog\/wp-json\/wp\/v2\/coauthors?post=1172"}],"curies":[{"name":"wp","href":"https:\/\/api.w.org\/{rel}","templated":true}]}}