{"id":1201,"date":"2024-11-23T10:30:55","date_gmt":"2024-11-23T09:30:55","guid":{"rendered":"https:\/\/www.menschenrechte.org\/blog\/?p=1201"},"modified":"2024-11-23T10:30:57","modified_gmt":"2024-11-23T09:30:57","slug":"weihnachtspakete-weihnachtstruckers","status":"publish","type":"post","link":"https:\/\/www.menschenrechte.org\/blog\/weihnachtspakete-weihnachtstruckers\/","title":{"rendered":"Spenden-Aktion: Weihnachtspakete f\u00fcr bed\u00fcrftige Familien"},"content":{"rendered":"\n<h4 class=\"wp-block-heading\"><strong>Jetzt mitmachen: P\u00e4ckchenabgabe im N\u00fcrnberger Menschenrechtszentrum<\/strong><\/h4>\n\n\n\n<p>Seit nun mehr als 30 Jahren gibt es bereits die <strong>Johanniter-Weihnachtstrucker-Aktion<\/strong>, um bed\u00fcrftigen Familien in Osteuropa und Deutschland Hoffnung und Unterst\u00fctzung zu schenken. Wir beteiligen uns in diesem Jahr mit einer Sammelabgabestelle im Zentrum N\u00fcrnbergs, die f\u00fcr alle offen steht, die sich an dieser weihnachtlichen Hilfsaktion beteiligen wollen. Werden auch Sie Teil davon und helfen Sie mit, liebevoll gepackte Kartons mit wichtigen Lebensmitteln und Hygieneartikeln zu spenden!<\/p>\n\n\n\n<h4 class=\"wp-block-heading\"><strong>Warum mitmachen?<\/strong><\/h4>\n\n\n\n<p>Mit Ihrem P\u00e4ckchen schenken Sie einer Familie in Not nicht nur Lebensmittel und Hygieneartikel, sondern auch ein Zeichen der Solidarit\u00e4t und Menschlichkeit in einer Zeit der Multikrisen. Jeder Beitrag z\u00e4hlt!<\/p>\n\n\n\n<p>Nachdem alle P\u00e4ckchen deutschlandweit eingesammelt wurden, werden diese Kartons mit LKWs der Johanniter-Unfall-Hilfe e.V. kurz nach Weihnachten in die Zielregionen nach Albanien, Bosnien, Bulgarien, Rum\u00e4nien, Ukraine und Moldau gebracht, wo die P\u00e4ckchen dann mit langj\u00e4hrigen Partnerstrukturen direkt hilfsbed\u00fcrftigen Menschen, zumeist Kindern und deren Familien, zu Gute kommen. Zum Teil werden die P\u00e4ckchen auch an hilfsbed\u00fcrftige Familien in Deutschland verteilt.<\/p>\n\n\n\n<p>F\u00fcr weitere Informationen zur Aktion besuchen Sie die offizielle Webseite der <a href=\"https:\/\/www.johanniter.de\/juh\/weihnachtstrucker\/\">Johanniter-Weihnachtstrucker<\/a> oder kontaktieren Sie uns direkt.<\/p>\n\n\n\n<h4 class=\"wp-block-heading\"><strong>Packliste<\/strong><\/h4>\n\n\n\n<p>Die Packliste wurde mithilfe der langj\u00e4hrigen Erfahrung der Johanniter und deren Partner vor Ort zusammengestellt. Es ist wichtig, dass die Angaben der Packliste genau eingehalten werden, da f\u00fcr die Hilfstransporte Einfuhr- und Zollbestimmungen gelten. Unterschiedliche Inhalte w\u00fcrden die Zollabfertigung erschweren und verz\u00f6gern. Bitte packen Sie deshalb ausschlie\u00dflich die Artikel der Packliste in Ihr Weihnachtstrucker-P\u00e4ckchen.<\/p>\n\n\n\n<p>Bitte verwenden Sie einen stabilen Karton mit den Ma\u00dfen ca. 40 x 24 x 30 cm. Achten Sie darauf, die Pakete fest zu verkleben. Bemalungen, Sticker oder Geschenkverpackungen sind willkommen, jedoch nicht erforderlich. Bei uns erhalten Sie auch kostenfrei Kartons, die Sie zum Verpacken verwenden k\u00f6nnen.<\/p>\n\n\n\n<p>Zum Einpacken:<\/p>\n\n\n\n<ul class=\"wp-block-list\"><li>1 kleines Geschenk f\u00fcr die Kinder (z.B. Malbuch oder -block, Malstifte)<\/li><li>1 kg Zucker<\/li><li>3 kg Mehl<\/li><li>1 kg Reis<\/li><li>1 kg Nudeln<\/li><li>2 Liter Speise\u00f6l in Plastikflaschen<\/li><li>2 Packungen Multivitamin-Brausetabletten<\/li><li>2 Packungen Kekse<\/li><li>4 Tafeln Schokolade<\/li><li>2 feste Seifen<\/li><li>2 Zahnb\u00fcrsten<\/li><li>2 Tuben Zahnpasta<\/li><\/ul>\n\n\n\n<p><strong><a href=\"https:\/\/www.menschenrechte.org\/wp-content\/uploads\/2024\/11\/Packliste_Weihnachtstrucker_2024-1.pdf\" target=\"_blank\" rel=\"noreferrer noopener\">Sie k\u00f6nnen die Packliste als PDF auch hier herunterladen!<\/a><\/strong><\/p>\n\n\n\n<h4 class=\"wp-block-heading\"><strong>Abgabeort und Zeiten<\/strong><\/h4>\n\n\n\n<p>Alle P\u00e4ckchen k\u00f6nnen bei uns im B\u00fcro abgegeben werden:<\/p>\n\n\n\n<p>N\u00fcrnberger Menschenrechtszentrum<br>1. Obergeschoss<br>Hans-Sachs-Platz 2<br>90403 N\u00fcrnberg<\/p>\n\n\n\n<p><strong>Mittwoch:<\/strong> 14:00 bis 18:00 Uhr<br><strong>Donnerstag:<\/strong> 09:00 bis 17:00 Uhr<br><strong>Freitag:<\/strong> 09:00 bis 16:00 Uhr<\/p>\n\n\n\n<p>Ihre Pakete und Spenden k\u00f6nnen Sie <strong>bis<\/strong> <strong>sp\u00e4testens 13. Dezember 2024<\/strong> bei uns abgeben.<\/p>\n\n\n\n<p>Wir sind dankbar f\u00fcr jedes P\u00e4ckchen! Sollten Sie weiter entfernt wohnen, dann finden Sie die n\u00e4chstgelegene Abgabestelle auf der Website der Johanniter: <a href=\"https:\/\/www.johanniter-weihnachtstrucker.de\/sammelstellen\/\">www.johanniter-weihnachtstrucker.de\/sammelstellen<\/a>.<\/p>\n\n\n\n<p>Auch virtuell kann ein P\u00e4ckchen gepackt und den Wert des Inhaltes an die Bed\u00fcrftigen gespendet werden: <a href=\"https:\/\/www.weihnachtstrucker-spenden.de\/\">www.weihnachtstrucker-spenden.de<\/a><\/p>\n\n\n\n<p><strong>Vielen Dank f\u00fcr Ihre Unterst\u00fctzung!<\/strong><\/p>\n","protected":false},"excerpt":{"rendered":"<p>Jetzt mitmachen: P\u00e4ckchenabgabe im N\u00fcrnberger Menschenrechtszentrum Seit nun mehr als 30 Jahren gibt es bereits die Johanniter-Weihnachtstrucker-Aktion, um bed\u00fcrftigen Familien&#8230;<\/p>\n","protected":false},"author":2,"featured_media":1202,"comment_status":"open","ping_status":"open","sticky":false,"template":"","format":"standard","meta":{"footnotes":""},"categories":[15,1],"tags":[201,156,200],"coauthors":[22],"class_list":["post-1201","post","type-post","status-publish","format-standard","has-post-thumbnail","hentry","category-aktuelles","category-allgemein","tag-hilfsaktion","tag-spende","tag-weihnachten","post-archive"],"yoast_head":"<!-- This site is optimized with the Yoast SEO plugin v26.5 - https:\/\/yoast.com\/wordpress\/plugins\/seo\/ -->\n<title>Spenden-Aktion: Weihnachtspakete f\u00fcr bed\u00fcrftige Familien - Menschenrechte - der Blog.<\/title>\n<meta name=\"robots\" content=\"index, follow, max-snippet:-1, max-image-preview:large, max-video-preview:-1\" \/>\n<link rel=\"canonical\" href=\"https:\/\/www.menschenrechte.org\/blog\/weihnachtspakete-weihnachtstruckers\/\" \/>\n<meta property=\"og:locale\" content=\"de_DE\" \/>\n<meta property=\"og:type\" content=\"article\" \/>\n<meta property=\"og:title\" content=\"Spenden-Aktion: Weihnachtspakete f\u00fcr bed\u00fcrftige Familien - Menschenrechte - der Blog.\" \/>\n<meta property=\"og:description\" content=\"Jetzt mitmachen: P\u00e4ckchenabgabe im N\u00fcrnberger Menschenrechtszentrum Seit nun mehr als 30 Jahren gibt es bereits die Johanniter-Weihnachtstrucker-Aktion, um bed\u00fcrftigen Familien...\" \/>\n<meta property=\"og:url\" content=\"https:\/\/www.menschenrechte.org\/blog\/weihnachtspakete-weihnachtstruckers\/\" \/>\n<meta property=\"og:site_name\" content=\"Menschenrechte - der Blog.\" \/>\n<meta property=\"article:publisher\" content=\"https:\/\/www.facebook.com\/NuernbergerMenschenrechtszentrum\/?eid=ARAoGFhiOGk5kmEnso1qow5TUUEWiHvB739MeabiJgTeX-H10uOy1x45ym-gISJGHPSkma6NciCJ1mFN\" \/>\n<meta property=\"article:published_time\" content=\"2024-11-23T09:30:55+00:00\" \/>\n<meta property=\"article:modified_time\" content=\"2024-11-23T09:30:57+00:00\" \/>\n<meta property=\"og:image\" content=\"https:\/\/www.menschenrechte.org\/blog\/wp-content\/uploads\/2024\/11\/Weihnachtspaket.png\" \/>\n\t<meta property=\"og:image:width\" content=\"1280\" \/>\n\t<meta property=\"og:image:height\" content=\"853\" \/>\n\t<meta property=\"og:image:type\" content=\"image\/png\" \/>\n<meta name=\"author\" content=\"Felix Krau\u00df\" \/>\n<meta name=\"twitter:label1\" content=\"Verfasst von\" \/>\n\t<meta name=\"twitter:data1\" content=\"Felix Krau\u00df\" \/>\n\t<meta name=\"twitter:label2\" content=\"Gesch\u00e4tzte Lesezeit\" \/>\n\t<meta name=\"twitter:data2\" content=\"2\u00a0Minuten\" \/>\n\t<meta name=\"twitter:label3\" content=\"Written by\" \/>\n\t<meta name=\"twitter:data3\" content=\"Felix Krau\u00df\" \/>\n<script type=\"application\/ld+json\" class=\"yoast-schema-graph\">{\"@context\":\"https:\/\/schema.org\",\"@graph\":[{\"@type\":\"Article\",\"@id\":\"https:\/\/www.menschenrechte.org\/blog\/weihnachtspakete-weihnachtstruckers\/#article\",\"isPartOf\":{\"@id\":\"https:\/\/www.menschenrechte.org\/blog\/weihnachtspakete-weihnachtstruckers\/\"},\"author\":{\"name\":\"Felix Krau\u00df\",\"@id\":\"https:\/\/www.menschenrechte.org\/blog\/#\/schema\/person\/47c1596a73689fdbe6861973eb29a002\"},\"headline\":\"Spenden-Aktion: Weihnachtspakete f\u00fcr bed\u00fcrftige Familien\",\"datePublished\":\"2024-11-23T09:30:55+00:00\",\"dateModified\":\"2024-11-23T09:30:57+00:00\",\"mainEntityOfPage\":{\"@id\":\"https:\/\/www.menschenrechte.org\/blog\/weihnachtspakete-weihnachtstruckers\/\"},\"wordCount\":461,\"commentCount\":0,\"publisher\":{\"@id\":\"https:\/\/www.menschenrechte.org\/blog\/#organization\"},\"image\":{\"@id\":\"https:\/\/www.menschenrechte.org\/blog\/weihnachtspakete-weihnachtstruckers\/#primaryimage\"},\"thumbnailUrl\":\"https:\/\/www.menschenrechte.org\/blog\/wp-content\/uploads\/2024\/11\/Weihnachtspaket.png\",\"keywords\":[\"Hilfsaktion\",\"Spende\",\"Weihnachten\"],\"articleSection\":[\"Aktuelles\"],\"inLanguage\":\"de\",\"potentialAction\":[{\"@type\":\"CommentAction\",\"name\":\"Comment\",\"target\":[\"https:\/\/www.menschenrechte.org\/blog\/weihnachtspakete-weihnachtstruckers\/#respond\"]}]},{\"@type\":\"WebPage\",\"@id\":\"https:\/\/www.menschenrechte.org\/blog\/weihnachtspakete-weihnachtstruckers\/\",\"url\":\"https:\/\/www.menschenrechte.org\/blog\/weihnachtspakete-weihnachtstruckers\/\",\"name\":\"Spenden-Aktion: Weihnachtspakete f\u00fcr bed\u00fcrftige Familien - Menschenrechte - der Blog.\",\"isPartOf\":{\"@id\":\"https:\/\/www.menschenrechte.org\/blog\/#website\"},\"primaryImageOfPage\":{\"@id\":\"https:\/\/www.menschenrechte.org\/blog\/weihnachtspakete-weihnachtstruckers\/#primaryimage\"},\"image\":{\"@id\":\"https:\/\/www.menschenrechte.org\/blog\/weihnachtspakete-weihnachtstruckers\/#primaryimage\"},\"thumbnailUrl\":\"https:\/\/www.menschenrechte.org\/blog\/wp-content\/uploads\/2024\/11\/Weihnachtspaket.png\",\"datePublished\":\"2024-11-23T09:30:55+00:00\",\"dateModified\":\"2024-11-23T09:30:57+00:00\",\"breadcrumb\":{\"@id\":\"https:\/\/www.menschenrechte.org\/blog\/weihnachtspakete-weihnachtstruckers\/#breadcrumb\"},\"inLanguage\":\"de\",\"potentialAction\":[{\"@type\":\"ReadAction\",\"target\":[\"https:\/\/www.menschenrechte.org\/blog\/weihnachtspakete-weihnachtstruckers\/\"]}]},{\"@type\":\"ImageObject\",\"inLanguage\":\"de\",\"@id\":\"https:\/\/www.menschenrechte.org\/blog\/weihnachtspakete-weihnachtstruckers\/#primaryimage\",\"url\":\"https:\/\/www.menschenrechte.org\/blog\/wp-content\/uploads\/2024\/11\/Weihnachtspaket.png\",\"contentUrl\":\"https:\/\/www.menschenrechte.org\/blog\/wp-content\/uploads\/2024\/11\/Weihnachtspaket.png\",\"width\":1280,\"height\":853},{\"@type\":\"BreadcrumbList\",\"@id\":\"https:\/\/www.menschenrechte.org\/blog\/weihnachtspakete-weihnachtstruckers\/#breadcrumb\",\"itemListElement\":[{\"@type\":\"ListItem\",\"position\":1,\"name\":\"Startseite\",\"item\":\"https:\/\/www.menschenrechte.org\/blog\/\"},{\"@type\":\"ListItem\",\"position\":2,\"name\":\"Spenden-Aktion: Weihnachtspakete f\u00fcr bed\u00fcrftige Familien\"}]},{\"@type\":\"WebSite\",\"@id\":\"https:\/\/www.menschenrechte.org\/blog\/#website\",\"url\":\"https:\/\/www.menschenrechte.org\/blog\/\",\"name\":\"Menschenrechte - der Blog.\",\"description\":\"N\u00fcrnberger Menschenrechtszentrum\",\"publisher\":{\"@id\":\"https:\/\/www.menschenrechte.org\/blog\/#organization\"},\"potentialAction\":[{\"@type\":\"SearchAction\",\"target\":{\"@type\":\"EntryPoint\",\"urlTemplate\":\"https:\/\/www.menschenrechte.org\/blog\/?s={search_term_string}\"},\"query-input\":{\"@type\":\"PropertyValueSpecification\",\"valueRequired\":true,\"valueName\":\"search_term_string\"}}],\"inLanguage\":\"de\"},{\"@type\":\"Organization\",\"@id\":\"https:\/\/www.menschenrechte.org\/blog\/#organization\",\"name\":\"N\u00fcrnberger Menschenrechtszentrum\",\"url\":\"https:\/\/www.menschenrechte.org\/blog\/\",\"logo\":{\"@type\":\"ImageObject\",\"inLanguage\":\"de\",\"@id\":\"https:\/\/www.menschenrechte.org\/blog\/#\/schema\/logo\/image\/\",\"url\":\"https:\/\/www.menschenrechte.org\/blog\/wp-content\/uploads\/2020\/02\/NMRZ_jpg-scaled.jpg\",\"contentUrl\":\"https:\/\/www.menschenrechte.org\/blog\/wp-content\/uploads\/2020\/02\/NMRZ_jpg-scaled.jpg\",\"width\":2560,\"height\":345,\"caption\":\"N\u00fcrnberger Menschenrechtszentrum\"},\"image\":{\"@id\":\"https:\/\/www.menschenrechte.org\/blog\/#\/schema\/logo\/image\/\"},\"sameAs\":[\"https:\/\/www.facebook.com\/NuernbergerMenschenrechtszentrum\/?eid=ARAoGFhiOGk5kmEnso1qow5TUUEWiHvB739MeabiJgTeX-H10uOy1x45ym-gISJGHPSkma6NciCJ1mFN\",\"https:\/\/www.instagram.com\/nbg_menschenrechtszentrum\/\"]},{\"@type\":\"Person\",\"@id\":\"https:\/\/www.menschenrechte.org\/blog\/#\/schema\/person\/47c1596a73689fdbe6861973eb29a002\",\"name\":\"Felix Krau\u00df\",\"image\":{\"@type\":\"ImageObject\",\"inLanguage\":\"de\",\"@id\":\"https:\/\/www.menschenrechte.org\/blog\/#\/schema\/person\/image\/8d69cdda7239ce520319cb08f55f5fe7\",\"url\":\"https:\/\/secure.gravatar.com\/avatar\/d51fb7555bfbe2b27f3c1f5fc99d8dcdaa724b3420c7601ccb101298d497289d?s=96&d=mm&r=g\",\"contentUrl\":\"https:\/\/secure.gravatar.com\/avatar\/d51fb7555bfbe2b27f3c1f5fc99d8dcdaa724b3420c7601ccb101298d497289d?s=96&d=mm&r=g\",\"caption\":\"Felix Krau\u00df\"},\"url\":\"https:\/\/www.menschenrechte.org\/blog\/author\/felix\/\"}]}<\/script>\n<!-- \/ Yoast SEO plugin. -->","yoast_head_json":{"title":"Spenden-Aktion: Weihnachtspakete f\u00fcr bed\u00fcrftige Familien - Menschenrechte - der Blog.","robots":{"index":"index","follow":"follow","max-snippet":"max-snippet:-1","max-image-preview":"max-image-preview:large","max-video-preview":"max-video-preview:-1"},"canonical":"https:\/\/www.menschenrechte.org\/blog\/weihnachtspakete-weihnachtstruckers\/","og_locale":"de_DE","og_type":"article","og_title":"Spenden-Aktion: Weihnachtspakete f\u00fcr bed\u00fcrftige Familien - Menschenrechte - der Blog.","og_description":"Jetzt mitmachen: P\u00e4ckchenabgabe im N\u00fcrnberger Menschenrechtszentrum Seit nun mehr als 30 Jahren gibt es bereits die Johanniter-Weihnachtstrucker-Aktion, um bed\u00fcrftigen Familien...","og_url":"https:\/\/www.menschenrechte.org\/blog\/weihnachtspakete-weihnachtstruckers\/","og_site_name":"Menschenrechte - der Blog.","article_publisher":"https:\/\/www.facebook.com\/NuernbergerMenschenrechtszentrum\/?eid=ARAoGFhiOGk5kmEnso1qow5TUUEWiHvB739MeabiJgTeX-H10uOy1x45ym-gISJGHPSkma6NciCJ1mFN","article_published_time":"2024-11-23T09:30:55+00:00","article_modified_time":"2024-11-23T09:30:57+00:00","og_image":[{"width":1280,"height":853,"url":"https:\/\/www.menschenrechte.org\/blog\/wp-content\/uploads\/2024\/11\/Weihnachtspaket.png","type":"image\/png"}],"author":"Felix Krau\u00df","twitter_misc":{"Verfasst von":"Felix Krau\u00df","Gesch\u00e4tzte Lesezeit":"2\u00a0Minuten","Written by":"Felix Krau\u00df"},"schema":{"@context":"https:\/\/schema.org","@graph":[{"@type":"Article","@id":"https:\/\/www.menschenrechte.org\/blog\/weihnachtspakete-weihnachtstruckers\/#article","isPartOf":{"@id":"https:\/\/www.menschenrechte.org\/blog\/weihnachtspakete-weihnachtstruckers\/"},"author":{"name":"Felix Krau\u00df","@id":"https:\/\/www.menschenrechte.org\/blog\/#\/schema\/person\/47c1596a73689fdbe6861973eb29a002"},"headline":"Spenden-Aktion: Weihnachtspakete f\u00fcr bed\u00fcrftige Familien","datePublished":"2024-11-23T09:30:55+00:00","dateModified":"2024-11-23T09:30:57+00:00","mainEntityOfPage":{"@id":"https:\/\/www.menschenrechte.org\/blog\/weihnachtspakete-weihnachtstruckers\/"},"wordCount":461,"commentCount":0,"publisher":{"@id":"https:\/\/www.menschenrechte.org\/blog\/#organization"},"image":{"@id":"https:\/\/www.menschenrechte.org\/blog\/weihnachtspakete-weihnachtstruckers\/#primaryimage"},"thumbnailUrl":"https:\/\/www.menschenrechte.org\/blog\/wp-content\/uploads\/2024\/11\/Weihnachtspaket.png","keywords":["Hilfsaktion","Spende","Weihnachten"],"articleSection":["Aktuelles"],"inLanguage":"de","potentialAction":[{"@type":"CommentAction","name":"Comment","target":["https:\/\/www.menschenrechte.org\/blog\/weihnachtspakete-weihnachtstruckers\/#respond"]}]},{"@type":"WebPage","@id":"https:\/\/www.menschenrechte.org\/blog\/weihnachtspakete-weihnachtstruckers\/","url":"https:\/\/www.menschenrechte.org\/blog\/weihnachtspakete-weihnachtstruckers\/","name":"Spenden-Aktion: Weihnachtspakete f\u00fcr bed\u00fcrftige Familien - Menschenrechte - der Blog.","isPartOf":{"@id":"https:\/\/www.menschenrechte.org\/blog\/#website"},"primaryImageOfPage":{"@id":"https:\/\/www.menschenrechte.org\/blog\/weihnachtspakete-weihnachtstruckers\/#primaryimage"},"image":{"@id":"https:\/\/www.menschenrechte.org\/blog\/weihnachtspakete-weihnachtstruckers\/#primaryimage"},"thumbnailUrl":"https:\/\/www.menschenrechte.org\/blog\/wp-content\/uploads\/2024\/11\/Weihnachtspaket.png","datePublished":"2024-11-23T09:30:55+00:00","dateModified":"2024-11-23T09:30:57+00:00","breadcrumb":{"@id":"https:\/\/www.menschenrechte.org\/blog\/weihnachtspakete-weihnachtstruckers\/#breadcrumb"},"inLanguage":"de","potentialAction":[{"@type":"ReadAction","target":["https:\/\/www.menschenrechte.org\/blog\/weihnachtspakete-weihnachtstruckers\/"]}]},{"@type":"ImageObject","inLanguage":"de","@id":"https:\/\/www.menschenrechte.org\/blog\/weihnachtspakete-weihnachtstruckers\/#primaryimage","url":"https:\/\/www.menschenrechte.org\/blog\/wp-content\/uploads\/2024\/11\/Weihnachtspaket.png","contentUrl":"https:\/\/www.menschenrechte.org\/blog\/wp-content\/uploads\/2024\/11\/Weihnachtspaket.png","width":1280,"height":853},{"@type":"BreadcrumbList","@id":"https:\/\/www.menschenrechte.org\/blog\/weihnachtspakete-weihnachtstruckers\/#breadcrumb","itemListElement":[{"@type":"ListItem","position":1,"name":"Startseite","item":"https:\/\/www.menschenrechte.org\/blog\/"},{"@type":"ListItem","position":2,"name":"Spenden-Aktion: Weihnachtspakete f\u00fcr bed\u00fcrftige Familien"}]},{"@type":"WebSite","@id":"https:\/\/www.menschenrechte.org\/blog\/#website","url":"https:\/\/www.menschenrechte.org\/blog\/","name":"Menschenrechte - der Blog.","description":"N\u00fcrnberger Menschenrechtszentrum","publisher":{"@id":"https:\/\/www.menschenrechte.org\/blog\/#organization"},"potentialAction":[{"@type":"SearchAction","target":{"@type":"EntryPoint","urlTemplate":"https:\/\/www.menschenrechte.org\/blog\/?s={search_term_string}"},"query-input":{"@type":"PropertyValueSpecification","valueRequired":true,"valueName":"search_term_string"}}],"inLanguage":"de"},{"@type":"Organization","@id":"https:\/\/www.menschenrechte.org\/blog\/#organization","name":"N\u00fcrnberger Menschenrechtszentrum","url":"https:\/\/www.menschenrechte.org\/blog\/","logo":{"@type":"ImageObject","inLanguage":"de","@id":"https:\/\/www.menschenrechte.org\/blog\/#\/schema\/logo\/image\/","url":"https:\/\/www.menschenrechte.org\/blog\/wp-content\/uploads\/2020\/02\/NMRZ_jpg-scaled.jpg","contentUrl":"https:\/\/www.menschenrechte.org\/blog\/wp-content\/uploads\/2020\/02\/NMRZ_jpg-scaled.jpg","width":2560,"height":345,"caption":"N\u00fcrnberger Menschenrechtszentrum"},"image":{"@id":"https:\/\/www.menschenrechte.org\/blog\/#\/schema\/logo\/image\/"},"sameAs":["https:\/\/www.facebook.com\/NuernbergerMenschenrechtszentrum\/?eid=ARAoGFhiOGk5kmEnso1qow5TUUEWiHvB739MeabiJgTeX-H10uOy1x45ym-gISJGHPSkma6NciCJ1mFN","https:\/\/www.instagram.com\/nbg_menschenrechtszentrum\/"]},{"@type":"Person","@id":"https:\/\/www.menschenrechte.org\/blog\/#\/schema\/person\/47c1596a73689fdbe6861973eb29a002","name":"Felix Krau\u00df","image":{"@type":"ImageObject","inLanguage":"de","@id":"https:\/\/www.menschenrechte.org\/blog\/#\/schema\/person\/image\/8d69cdda7239ce520319cb08f55f5fe7","url":"https:\/\/secure.gravatar.com\/avatar\/d51fb7555bfbe2b27f3c1f5fc99d8dcdaa724b3420c7601ccb101298d497289d?s=96&d=mm&r=g","contentUrl":"https:\/\/secure.gravatar.com\/avatar\/d51fb7555bfbe2b27f3c1f5fc99d8dcdaa724b3420c7601ccb101298d497289d?s=96&d=mm&r=g","caption":"Felix Krau\u00df"},"url":"https:\/\/www.menschenrechte.org\/blog\/author\/felix\/"}]}},"_links":{"self":[{"href":"https:\/\/www.menschenrechte.org\/blog\/wp-json\/wp\/v2\/posts\/1201","targetHints":{"allow":["GET"]}}],"collection":[{"href":"https:\/\/www.menschenrechte.org\/blog\/wp-json\/wp\/v2\/posts"}],"about":[{"href":"https:\/\/www.menschenrechte.org\/blog\/wp-json\/wp\/v2\/types\/post"}],"author":[{"embeddable":true,"href":"https:\/\/www.menschenrechte.org\/blog\/wp-json\/wp\/v2\/users\/2"}],"replies":[{"embeddable":true,"href":"https:\/\/www.menschenrechte.org\/blog\/wp-json\/wp\/v2\/comments?post=1201"}],"version-history":[{"count":1,"href":"https:\/\/www.menschenrechte.org\/blog\/wp-json\/wp\/v2\/posts\/1201\/revisions"}],"predecessor-version":[{"id":1203,"href":"https:\/\/www.menschenrechte.org\/blog\/wp-json\/wp\/v2\/posts\/1201\/revisions\/1203"}],"wp:featuredmedia":[{"embeddable":true,"href":"https:\/\/www.menschenrechte.org\/blog\/wp-json\/wp\/v2\/media\/1202"}],"wp:attachment":[{"href":"https:\/\/www.menschenrechte.org\/blog\/wp-json\/wp\/v2\/media?parent=1201"}],"wp:term":[{"taxonomy":"category","embeddable":true,"href":"https:\/\/www.menschenrechte.org\/blog\/wp-json\/wp\/v2\/categories?post=1201"},{"taxonomy":"post_tag","embeddable":true,"href":"https:\/\/www.menschenrechte.org\/blog\/wp-json\/wp\/v2\/tags?post=1201"},{"taxonomy":"author","embeddable":true,"href":"https:\/\/www.menschenrechte.org\/blog\/wp-json\/wp\/v2\/coauthors?post=1201"}],"curies":[{"name":"wp","href":"https:\/\/api.w.org\/{rel}","templated":true}]}}