{"id":184,"date":"2020-03-06T12:54:04","date_gmt":"2020-03-06T11:54:04","guid":{"rendered":"https:\/\/www.menschenrechte.org\/blog\/?p=184"},"modified":"2020-03-19T11:39:20","modified_gmt":"2020-03-19T10:39:20","slug":"im-zentrum-muss-unsere-wuerde-stehen","status":"publish","type":"post","link":"https:\/\/www.menschenrechte.org\/blog\/im-zentrum-muss-unsere-wuerde-stehen\/","title":{"rendered":"Protest in Chile: \u201eIm Zentrum muss unsere W\u00fcrde stehen\u201c"},"content":{"rendered":"\n<h2 class=\"wp-block-heading\">30 Jahre sozio\u00f6konomische Ungleichheit, die zum gesellschaftlichen Aufstand in Chile f\u00fchrten<\/h2>\n\n\n\n<p><em>\u201eIm Zentrum muss unsere W\u00fcrde stehen\u201c<\/em> war vielleicht einer der verbreitetsten S\u00e4tze seit Beginn der gesellschaftlichen Proteste im Oktober 2019. Ein Aufstand, der durch die Erh\u00f6hung der Preise f\u00fcr die U-Bahn in Santiago ausgel\u00f6st wurde, der aber bald darauf durch verschiedene Forderungen der Gesellschaft \u2013 Forderungen, die von der Regierung \u00fcber Jahrzehnte hinweg ignoriert wurden \u2013 erweitert wurde. Der Aufstand zeigt somit die generelle Unzufriedenheit in einem Land auf, das sehr stark von sozio\u00f6konomischer Ungleichheit gepr\u00e4gt ist. <strong>Nach aktuellen Zahlen der Weltbank ist Chile n\u00e4mlich das zehnt ungleichste Land Lateinamerikas. Au\u00dferdem ist es das Land mit der gr\u00f6\u00dften sozialen Ungleichheit innerhalb der OECD.<\/strong><\/p>\n\n\n\n<p>Die Wunden der Vergangenheit sind nun auf einmal sichtbar geworden und aufs Neue gab es zahlreiche Menschenrechtsverletzungen \u2013 haben wir vielleicht gar nichts aus unserer traurigen Vergangenheit gelernt? Schnell wurden wir von zahlreichen Delegationen verschiedener internationaler Menschenrechtsorganisationen besucht. So waren wir diesmal nicht allein; die modernen Technologien und sozialen Netzwerke haben geholfen, die ganze Welt auf die Ereignisse aufmerksam zu machen. <strong>Allerdings haben uns die erneuten, massiven Menschenrechtsverletzungen gezeigt, dass es in Chile niemals eine wirkliche <em>\u201eTransitional Justice\u201c<\/em> gab und niemals eine Garantie, dass sich die Vergangenheit nicht wiederholt.<\/strong> Es bleibt dabei, dass die Sicherheitskr\u00e4fte unter denselben Logiken handeln wie w\u00e4hrend der Diktatur, ohne Kontrollmechanismen seitens der Zivilgesellschaft oder Reformen auf der Grundlage des Respekts und des Schutzes der Menschenrechte.<\/p>\n\n\n\n<figure class=\"wp-block-image size-large\"><img loading=\"lazy\" decoding=\"async\" width=\"1024\" height=\"723\" src=\"https:\/\/www.menschenrechte.org\/blog\/wp-content\/uploads\/2020\/03\/IMG_20200113_19494414954-1024x723.jpg\" alt=\"\" class=\"wp-image-199\" srcset=\"https:\/\/www.menschenrechte.org\/blog\/wp-content\/uploads\/2020\/03\/IMG_20200113_19494414954-1024x723.jpg 1024w, https:\/\/www.menschenrechte.org\/blog\/wp-content\/uploads\/2020\/03\/IMG_20200113_19494414954-300x212.jpg 300w, https:\/\/www.menschenrechte.org\/blog\/wp-content\/uploads\/2020\/03\/IMG_20200113_19494414954-768x542.jpg 768w, https:\/\/www.menschenrechte.org\/blog\/wp-content\/uploads\/2020\/03\/IMG_20200113_19494414954-1536x1084.jpg 1536w, https:\/\/www.menschenrechte.org\/blog\/wp-content\/uploads\/2020\/03\/IMG_20200113_19494414954-2048x1446.jpg 2048w, https:\/\/www.menschenrechte.org\/blog\/wp-content\/uploads\/2020\/03\/IMG_20200113_19494414954-640x452.jpg 640w, https:\/\/www.menschenrechte.org\/blog\/wp-content\/uploads\/2020\/03\/IMG_20200113_19494414954-1040x734.jpg 1040w, https:\/\/www.menschenrechte.org\/blog\/wp-content\/uploads\/2020\/03\/IMG_20200113_19494414954-1320x932.jpg 1320w\" sizes=\"auto, (max-width: 1024px) 100vw, 1024px\" \/><figcaption>Protest in der Stadt Concepci\u00f3n (Foto: Cecilia Anan\u00edas)<\/figcaption><\/figure>\n\n\n\n<p>Nach\n<a href=\"https:\/\/www.indh.cl\/indh-entrega-nuevo-reporte-de-cifras-a-cuatro-meses-de-iniciada-la-crisis-social\/\">offiziellen\nAngaben<\/a> starben 31 Personen, 3.765 Menschen wurden verletzt, 2.122 davon durch Schusswaffen; es gab 445 Augenverletzungen und\n271 Verletzte durch Tr\u00e4nengas seit Beginn der Proteste vor mehr als vier\nMonaten.<\/p>\n\n\n\n<p>Abgesehen\nvon der allgemeinen Unzufriedenheit, die sich durch die vielen\nDemonstrationsm\u00e4rsche im ganzen Land gezeigt hat, trat eine seit langer Zeit\nnicht gesehene Solidarit\u00e4t an den Tag. Die Menschen haben nicht nur angefangen,\nGerechtigkeit f\u00fcr die Opfer von Rechtsverletzungen zu fordern, sie haben auch\nbegonnen, sich zu versammeln, in ihren Stadtteilen, auf ihrer Arbeit oder mit\nihren Freund*innen zu organisieren und damit R\u00e4ume des Nachdenkens und der\nDebatte zu schaffen, wie <strong>ihr<\/strong> Chile zuk\u00fcnftig aussehen soll: <strong>Ein neues\nChile, das vor allem um den Respekt der Menschenw\u00fcrde als Grundlage der\nMenschenrechte gestaltet ist und in dem mehr soziale Gerechtigkeit herrscht.<\/strong><\/p>\n\n\n\n<p>Einer der Gr\u00fcnde f\u00fcr die aktuelle Krise in Chile ist das Fehlen einer Garantie von sozialen Menschenrechten, wie beispielsweise das Recht auf Arbeit, auf Bildung, auf Gesundheit, auf soziale Sicherheit und auf eine w\u00fcrdige Wohnung<\/p>\n\n\n\n<figure class=\"wp-block-image size-large\"><img loading=\"lazy\" decoding=\"async\" width=\"1024\" height=\"969\" src=\"https:\/\/www.menschenrechte.org\/blog\/wp-content\/uploads\/2020\/03\/IMG_20191112_13403214952-1024x969.jpg\" alt=\"\" class=\"wp-image-200\" srcset=\"https:\/\/www.menschenrechte.org\/blog\/wp-content\/uploads\/2020\/03\/IMG_20191112_13403214952-1024x969.jpg 1024w, https:\/\/www.menschenrechte.org\/blog\/wp-content\/uploads\/2020\/03\/IMG_20191112_13403214952-300x284.jpg 300w, https:\/\/www.menschenrechte.org\/blog\/wp-content\/uploads\/2020\/03\/IMG_20191112_13403214952-768x726.jpg 768w, https:\/\/www.menschenrechte.org\/blog\/wp-content\/uploads\/2020\/03\/IMG_20191112_13403214952-1536x1453.jpg 1536w, https:\/\/www.menschenrechte.org\/blog\/wp-content\/uploads\/2020\/03\/IMG_20191112_13403214952-640x605.jpg 640w, https:\/\/www.menschenrechte.org\/blog\/wp-content\/uploads\/2020\/03\/IMG_20191112_13403214952-1040x984.jpg 1040w, https:\/\/www.menschenrechte.org\/blog\/wp-content\/uploads\/2020\/03\/IMG_20191112_13403214952-1320x1248.jpg 1320w, https:\/\/www.menschenrechte.org\/blog\/wp-content\/uploads\/2020\/03\/IMG_20191112_13403214952.jpg 2030w\" sizes=\"auto, (max-width: 1024px) 100vw, 1024px\" \/><figcaption>Chilenischer Protest f\u00fcr bessere Bildung (Foto: Cecilia Anan\u00edas) <\/figcaption><\/figure>\n\n\n\n<p>Diese\nRechte sind in unserer Verfassung nicht angemessen garantiert. Weder sind die\nRechte in ihrem Kern erfasst, noch existieren Rechtswege, um ihre Umsetzung und\nEinhaltung vom Staat zu fordern. In der Realit\u00e4t h\u00e4ngt der tats\u00e4chliche Zugang\nzu diesen Rechten sehr stark von der wirtschaftlichen Situation der Menschen ab\n\u2013 ganz so, als ob es sich dabei nicht um Menschenrechte, sondern um Konsumg\u00fcter\nhandeln w\u00fcrde.<\/p>\n\n\n\n<p><strong>Dar\u00fcber hinaus erkennt unsere Verfassung weder die indigenen V\u00f6lker noch spezielle Frauenrechte an &#8211; allgemein werden keine Rechte irgendeiner Gruppe anerkannt, die von der m\u00e4nnlichen Norm abweicht. <\/strong>Geschlechtergerechtigkeit durch alle Bereiche, die eine echte und nicht nur eine formale Gleichheit zwischen Mann und Frau herstellt, ist deshalb dringend notwendig.<\/p>\n\n\n\n<p>Die\naktuelle Verfassung, die aus dem Jahre 1980 datiert, wurde w\u00e4hrend der\nMilit\u00e4rdiktatur auf Grundlage einer autorit\u00e4ren und neoliberalen Logik und ohne\nBeteiligung der Zivilbev\u00f6lkerung geschrieben. Sie zeichnet sich dadurch aus,\ndass das private Eigentum \u00fcber andere Rechte gestellt wird und der Staat kaum\nin die Wirtschaft eingreifen kann. Auch wenn es seither verschiedene Reformen\ngab, haben sich diese als unzureichend erwiesen. Eine neue Verfassung,\ngeschrieben in einer Demokratie, ist dringend notwendig.<\/p>\n\n\n\n<p>Am 15. November 2019, nach Wochen von Demonstrationen im ganzen Land, wurde ein Abkommen f\u00fcr den Frieden und eine neue Verfassung (<em>Acuerdo por la paz y la nueva Constituci\u00f3n<\/em>) unterschrieben. Ein Abkommen, das sofort kritisiert wurde, da es genau von den Politiker*innen der Rechten und Linken unterschrieben wurde, die das chilenische Volk davor aufs Schwerste entt\u00e4uscht haben. Ein Abkommen, das ohne das Volk getroffen wurde, das auf die Stra\u00dfe geht, um seine legitimen Forderungen nach einem gerechterem und egalit\u00e4rerem Chile zu stellen.<\/p>\n\n\n\n<figure class=\"wp-block-gallery columns-3 is-cropped wp-block-gallery-2 is-layout-flex wp-block-gallery-is-layout-flex\"><ul class=\"blocks-gallery-grid\"><li class=\"blocks-gallery-item\"><figure><img loading=\"lazy\" decoding=\"async\" width=\"1024\" height=\"674\" src=\"https:\/\/www.menschenrechte.org\/blog\/wp-content\/uploads\/2020\/03\/Hay-que-seguir14948-1024x674.jpg\" alt=\"\" data-id=\"204\" data-full-url=\"https:\/\/www.menschenrechte.org\/blog\/wp-content\/uploads\/2020\/03\/Hay-que-seguir14948-scaled.jpg\" data-link=\"https:\/\/www.menschenrechte.org\/blog\/im-zentrum-muss-unsere-wuerde-stehen\/hay-que-seguir14948\/\" class=\"wp-image-204\" srcset=\"https:\/\/www.menschenrechte.org\/blog\/wp-content\/uploads\/2020\/03\/Hay-que-seguir14948-1024x674.jpg 1024w, https:\/\/www.menschenrechte.org\/blog\/wp-content\/uploads\/2020\/03\/Hay-que-seguir14948-300x197.jpg 300w, https:\/\/www.menschenrechte.org\/blog\/wp-content\/uploads\/2020\/03\/Hay-que-seguir14948-768x506.jpg 768w, https:\/\/www.menschenrechte.org\/blog\/wp-content\/uploads\/2020\/03\/Hay-que-seguir14948-1536x1011.jpg 1536w, https:\/\/www.menschenrechte.org\/blog\/wp-content\/uploads\/2020\/03\/Hay-que-seguir14948-2048x1348.jpg 2048w, https:\/\/www.menschenrechte.org\/blog\/wp-content\/uploads\/2020\/03\/Hay-que-seguir14948-640x421.jpg 640w, https:\/\/www.menschenrechte.org\/blog\/wp-content\/uploads\/2020\/03\/Hay-que-seguir14948-1040x685.jpg 1040w, https:\/\/www.menschenrechte.org\/blog\/wp-content\/uploads\/2020\/03\/Hay-que-seguir14948-1320x869.jpg 1320w\" sizes=\"auto, (max-width: 1024px) 100vw, 1024px\" \/><\/figure><\/li><li class=\"blocks-gallery-item\"><figure><img loading=\"lazy\" decoding=\"async\" width=\"1024\" height=\"768\" src=\"https:\/\/www.menschenrechte.org\/blog\/wp-content\/uploads\/2020\/03\/IMG_20200302_193427149451-1024x768.jpg\" alt=\"\" data-id=\"203\" data-full-url=\"https:\/\/www.menschenrechte.org\/blog\/wp-content\/uploads\/2020\/03\/IMG_20200302_193427149451.jpg\" data-link=\"https:\/\/www.menschenrechte.org\/blog\/im-zentrum-muss-unsere-wuerde-stehen\/oznormb\/\" class=\"wp-image-203\" srcset=\"https:\/\/www.menschenrechte.org\/blog\/wp-content\/uploads\/2020\/03\/IMG_20200302_193427149451-1024x768.jpg 1024w, https:\/\/www.menschenrechte.org\/blog\/wp-content\/uploads\/2020\/03\/IMG_20200302_193427149451-300x225.jpg 300w, https:\/\/www.menschenrechte.org\/blog\/wp-content\/uploads\/2020\/03\/IMG_20200302_193427149451-768x576.jpg 768w, https:\/\/www.menschenrechte.org\/blog\/wp-content\/uploads\/2020\/03\/IMG_20200302_193427149451-1536x1151.jpg 1536w, https:\/\/www.menschenrechte.org\/blog\/wp-content\/uploads\/2020\/03\/IMG_20200302_193427149451-2048x1535.jpg 2048w, https:\/\/www.menschenrechte.org\/blog\/wp-content\/uploads\/2020\/03\/IMG_20200302_193427149451-640x480.jpg 640w, https:\/\/www.menschenrechte.org\/blog\/wp-content\/uploads\/2020\/03\/IMG_20200302_193427149451-1040x780.jpg 1040w, https:\/\/www.menschenrechte.org\/blog\/wp-content\/uploads\/2020\/03\/IMG_20200302_193427149451-1320x989.jpg 1320w\" sizes=\"auto, (max-width: 1024px) 100vw, 1024px\" \/><\/figure><\/li><li class=\"blocks-gallery-item\"><figure><img loading=\"lazy\" decoding=\"async\" width=\"768\" height=\"1024\" src=\"https:\/\/www.menschenrechte.org\/blog\/wp-content\/uploads\/2020\/03\/IMG_20200302_185143149441-768x1024.jpg\" alt=\"\" data-id=\"202\" data-full-url=\"https:\/\/www.menschenrechte.org\/blog\/wp-content\/uploads\/2020\/03\/IMG_20200302_185143149441-scaled.jpg\" data-link=\"https:\/\/www.menschenrechte.org\/blog\/im-zentrum-muss-unsere-wuerde-stehen\/img_20200302_185143149441\/\" class=\"wp-image-202\" srcset=\"https:\/\/www.menschenrechte.org\/blog\/wp-content\/uploads\/2020\/03\/IMG_20200302_185143149441-768x1024.jpg 768w, https:\/\/www.menschenrechte.org\/blog\/wp-content\/uploads\/2020\/03\/IMG_20200302_185143149441-225x300.jpg 225w, https:\/\/www.menschenrechte.org\/blog\/wp-content\/uploads\/2020\/03\/IMG_20200302_185143149441-1152x1536.jpg 1152w, https:\/\/www.menschenrechte.org\/blog\/wp-content\/uploads\/2020\/03\/IMG_20200302_185143149441-1536x2048.jpg 1536w, https:\/\/www.menschenrechte.org\/blog\/wp-content\/uploads\/2020\/03\/IMG_20200302_185143149441-640x853.jpg 640w, https:\/\/www.menschenrechte.org\/blog\/wp-content\/uploads\/2020\/03\/IMG_20200302_185143149441-1040x1387.jpg 1040w, https:\/\/www.menschenrechte.org\/blog\/wp-content\/uploads\/2020\/03\/IMG_20200302_185143149441-1320x1760.jpg 1320w, https:\/\/www.menschenrechte.org\/blog\/wp-content\/uploads\/2020\/03\/IMG_20200302_185143149441-scaled.jpg 1920w\" sizes=\"auto, (max-width: 768px) 100vw, 768px\" \/><\/figure><\/li><li class=\"blocks-gallery-item\"><figure><img loading=\"lazy\" decoding=\"async\" width=\"768\" height=\"1024\" src=\"https:\/\/www.menschenrechte.org\/blog\/wp-content\/uploads\/2020\/03\/IMG_20191111_19221714953-768x1024.jpg\" alt=\"\" data-id=\"201\" data-full-url=\"https:\/\/www.menschenrechte.org\/blog\/wp-content\/uploads\/2020\/03\/IMG_20191111_19221714953-scaled.jpg\" data-link=\"https:\/\/www.menschenrechte.org\/blog\/im-zentrum-muss-unsere-wuerde-stehen\/img_20191111_19221714953\/\" class=\"wp-image-201\" srcset=\"https:\/\/www.menschenrechte.org\/blog\/wp-content\/uploads\/2020\/03\/IMG_20191111_19221714953-768x1024.jpg 768w, https:\/\/www.menschenrechte.org\/blog\/wp-content\/uploads\/2020\/03\/IMG_20191111_19221714953-225x300.jpg 225w, https:\/\/www.menschenrechte.org\/blog\/wp-content\/uploads\/2020\/03\/IMG_20191111_19221714953-1152x1536.jpg 1152w, https:\/\/www.menschenrechte.org\/blog\/wp-content\/uploads\/2020\/03\/IMG_20191111_19221714953-1536x2048.jpg 1536w, https:\/\/www.menschenrechte.org\/blog\/wp-content\/uploads\/2020\/03\/IMG_20191111_19221714953-640x853.jpg 640w, https:\/\/www.menschenrechte.org\/blog\/wp-content\/uploads\/2020\/03\/IMG_20191111_19221714953-1040x1387.jpg 1040w, https:\/\/www.menschenrechte.org\/blog\/wp-content\/uploads\/2020\/03\/IMG_20191111_19221714953-1320x1760.jpg 1320w, https:\/\/www.menschenrechte.org\/blog\/wp-content\/uploads\/2020\/03\/IMG_20191111_19221714953-scaled.jpg 1920w\" sizes=\"auto, (max-width: 768px) 100vw, 768px\" \/><\/figure><\/li><\/ul><figcaption class=\"blocks-gallery-caption\">Demonstrationen in Chile f\u00fcr eine gerechtere Gesellschaft (Foto: Cecilia Anan\u00edas)<\/figcaption><\/figure>\n\n\n\n<p>Eine neue politische Verfassung ist notwendig, nicht nur, weil es der alten an Legitimit\u00e4t fehlt, sondern auch, weil <strong>zumindest ein Minimalkatalog an sozialen Rechten<\/strong> in unserer Verfassung notwendig ist, um die tiefgreifenden sozialen Reformen durchzuf\u00fchren, die dieses Land so dringend ben\u00f6tigt. Au\u00dferdem sollte die neue Verfassung f\u00fcr jeden und jede geschaffen werden und nicht, wie es w\u00e4hrend der Milit\u00e4rdiktatur geschah, hinter verschlossenen T\u00fcren und ausschlie\u00dflich westlich-neoliberal orientiert. <strong>Eine neue Verfassung sollte die Stimmen derer einschlie\u00dfen, die in der Vergangenheit keine Stimme besa\u00dfen, der Gruppen, die in der Vergangenheit unsichtbar gemacht und diskriminiert wurden, wie beispielsweise die indigenen V\u00f6lker, die afrikanisch-st\u00e4mmige Bev\u00f6lkerung, Frauen, immigrierte Personen, Menschen mit Behinderung, Kinder und Jugendliche und viele mehr.<\/strong><\/p>\n\n\n\n<p>Wir hoffen also, dass wir endlich mit einer neuen Verfassung rechnen k\u00f6nnen, die uns alle repr\u00e4sentiert, nicht nur die politische und wirtschaftliche Elite, und dass endlich die langersehnten sozialen Reformen umgesetzt werden, f\u00fcr die wir seit 30 Jahren eintreten. Daneben ist es sehr wichtig, dass wir darauf bestehen, dass diesmal ein echter Prozess der Aufarbeitung stattfindet, der Gerechtigkeit, Wahrheitsfindung und Wiedergutmachung f\u00fcr all die Menschenrechtsverletzungen garantiert, die seit dem 18. Oktober 2019 begangen wurden.<\/p>\n\n\n\n<p><em>Natalia B\u00f3rquez V. ist eine chilenische Rechtsanw\u00e4ltin. Sie studierte an der Universidad de Concepci\u00f3n in Chile und absolvierte den Master of Human Rights der Friedrich-Alexander Universit\u00e4t in Erlangen. Derzeit ist sie als Anw\u00e4ltin der chilenischen Menschenrechtsorganisation <a href=\"https:\/\/amarantas.org\/\">Amaranta<\/a> sowie als Rechtsberaterin von <a href=\"https:\/\/www.facebook.com\/pages\/category\/Lawyer---Law-Firm\/Colectiva-Justicia-en-Derechos-Humanos-112067953546201\/\">Colectiva-Justicia en Derechos Humanos in Concepci\u00f3n<\/a> in S\u00fcd-Chile t\u00e4tig.<\/em><\/p>\n","protected":false},"excerpt":{"rendered":"<p>30 Jahre sozio\u00f6konomische Ungleichheit, die zum gesellschaftlichen Aufstand in Chile f\u00fchrten \u201eIm Zentrum muss unsere W\u00fcrde stehen\u201c war vielleicht einer&#8230;<\/p>\n","protected":false},"author":7,"featured_media":198,"comment_status":"open","ping_status":"open","sticky":false,"template":"","format":"standard","meta":{"footnotes":""},"categories":[15,1],"tags":[],"coauthors":[28],"class_list":["post-184","post","type-post","status-publish","format-standard","has-post-thumbnail","hentry","category-aktuelles","category-allgemein","post-archive"],"yoast_head":"<!-- This site is optimized with the Yoast SEO plugin v26.5 - https:\/\/yoast.com\/wordpress\/plugins\/seo\/ -->\n<title>Protest in Chile: \u201eIm Zentrum muss unsere W\u00fcrde stehen\u201c - Menschenrechte - der Blog.<\/title>\n<meta name=\"robots\" content=\"index, follow, max-snippet:-1, max-image-preview:large, max-video-preview:-1\" \/>\n<link rel=\"canonical\" href=\"https:\/\/www.menschenrechte.org\/blog\/im-zentrum-muss-unsere-wuerde-stehen\/\" \/>\n<meta property=\"og:locale\" content=\"de_DE\" \/>\n<meta property=\"og:type\" content=\"article\" \/>\n<meta property=\"og:title\" content=\"Protest in Chile: \u201eIm Zentrum muss unsere W\u00fcrde stehen\u201c - Menschenrechte - der Blog.\" \/>\n<meta property=\"og:description\" content=\"30 Jahre sozio\u00f6konomische Ungleichheit, die zum gesellschaftlichen Aufstand in Chile f\u00fchrten \u201eIm Zentrum muss unsere W\u00fcrde stehen\u201c war vielleicht einer...\" \/>\n<meta property=\"og:url\" content=\"https:\/\/www.menschenrechte.org\/blog\/im-zentrum-muss-unsere-wuerde-stehen\/\" \/>\n<meta property=\"og:site_name\" content=\"Menschenrechte - der Blog.\" \/>\n<meta property=\"article:publisher\" content=\"https:\/\/www.facebook.com\/NuernbergerMenschenrechtszentrum\/?eid=ARAoGFhiOGk5kmEnso1qow5TUUEWiHvB739MeabiJgTeX-H10uOy1x45ym-gISJGHPSkma6NciCJ1mFN\" \/>\n<meta property=\"article:published_time\" content=\"2020-03-06T11:54:04+00:00\" \/>\n<meta property=\"article:modified_time\" content=\"2020-03-19T10:39:20+00:00\" \/>\n<meta property=\"og:image\" content=\"https:\/\/www.menschenrechte.org\/blog\/wp-content\/uploads\/2020\/03\/Feminismo14947.jpg\" \/>\n\t<meta property=\"og:image:width\" content=\"2193\" \/>\n\t<meta property=\"og:image:height\" content=\"1777\" \/>\n\t<meta property=\"og:image:type\" content=\"image\/jpeg\" \/>\n<meta name=\"author\" content=\"Gastautor\" \/>\n<meta name=\"twitter:label1\" content=\"Verfasst von\" \/>\n\t<meta name=\"twitter:data1\" content=\"Gastautor\" \/>\n\t<meta name=\"twitter:label2\" content=\"Gesch\u00e4tzte Lesezeit\" \/>\n\t<meta name=\"twitter:data2\" content=\"5\u00a0Minuten\" \/>\n\t<meta name=\"twitter:label3\" content=\"Written by\" \/>\n\t<meta name=\"twitter:data3\" content=\"Gastautor\" \/>\n<script type=\"application\/ld+json\" class=\"yoast-schema-graph\">{\"@context\":\"https:\/\/schema.org\",\"@graph\":[{\"@type\":\"Article\",\"@id\":\"https:\/\/www.menschenrechte.org\/blog\/im-zentrum-muss-unsere-wuerde-stehen\/#article\",\"isPartOf\":{\"@id\":\"https:\/\/www.menschenrechte.org\/blog\/im-zentrum-muss-unsere-wuerde-stehen\/\"},\"author\":{\"name\":\"Gastautor\",\"@id\":\"https:\/\/www.menschenrechte.org\/blog\/#\/schema\/person\/9b86f4510e674530bcaf0a809d311f22\"},\"headline\":\"Protest in Chile: \u201eIm Zentrum muss unsere W\u00fcrde stehen\u201c\",\"datePublished\":\"2020-03-06T11:54:04+00:00\",\"dateModified\":\"2020-03-19T10:39:20+00:00\",\"mainEntityOfPage\":{\"@id\":\"https:\/\/www.menschenrechte.org\/blog\/im-zentrum-muss-unsere-wuerde-stehen\/\"},\"wordCount\":999,\"commentCount\":0,\"publisher\":{\"@id\":\"https:\/\/www.menschenrechte.org\/blog\/#organization\"},\"image\":{\"@id\":\"https:\/\/www.menschenrechte.org\/blog\/im-zentrum-muss-unsere-wuerde-stehen\/#primaryimage\"},\"thumbnailUrl\":\"https:\/\/www.menschenrechte.org\/blog\/wp-content\/uploads\/2020\/03\/Feminismo14947.jpg\",\"articleSection\":[\"Aktuelles\"],\"inLanguage\":\"de\",\"potentialAction\":[{\"@type\":\"CommentAction\",\"name\":\"Comment\",\"target\":[\"https:\/\/www.menschenrechte.org\/blog\/im-zentrum-muss-unsere-wuerde-stehen\/#respond\"]}]},{\"@type\":\"WebPage\",\"@id\":\"https:\/\/www.menschenrechte.org\/blog\/im-zentrum-muss-unsere-wuerde-stehen\/\",\"url\":\"https:\/\/www.menschenrechte.org\/blog\/im-zentrum-muss-unsere-wuerde-stehen\/\",\"name\":\"Protest in Chile: \u201eIm Zentrum muss unsere W\u00fcrde stehen\u201c - Menschenrechte - der Blog.\",\"isPartOf\":{\"@id\":\"https:\/\/www.menschenrechte.org\/blog\/#website\"},\"primaryImageOfPage\":{\"@id\":\"https:\/\/www.menschenrechte.org\/blog\/im-zentrum-muss-unsere-wuerde-stehen\/#primaryimage\"},\"image\":{\"@id\":\"https:\/\/www.menschenrechte.org\/blog\/im-zentrum-muss-unsere-wuerde-stehen\/#primaryimage\"},\"thumbnailUrl\":\"https:\/\/www.menschenrechte.org\/blog\/wp-content\/uploads\/2020\/03\/Feminismo14947.jpg\",\"datePublished\":\"2020-03-06T11:54:04+00:00\",\"dateModified\":\"2020-03-19T10:39:20+00:00\",\"breadcrumb\":{\"@id\":\"https:\/\/www.menschenrechte.org\/blog\/im-zentrum-muss-unsere-wuerde-stehen\/#breadcrumb\"},\"inLanguage\":\"de\",\"potentialAction\":[{\"@type\":\"ReadAction\",\"target\":[\"https:\/\/www.menschenrechte.org\/blog\/im-zentrum-muss-unsere-wuerde-stehen\/\"]}]},{\"@type\":\"ImageObject\",\"inLanguage\":\"de\",\"@id\":\"https:\/\/www.menschenrechte.org\/blog\/im-zentrum-muss-unsere-wuerde-stehen\/#primaryimage\",\"url\":\"https:\/\/www.menschenrechte.org\/blog\/wp-content\/uploads\/2020\/03\/Feminismo14947.jpg\",\"contentUrl\":\"https:\/\/www.menschenrechte.org\/blog\/wp-content\/uploads\/2020\/03\/Feminismo14947.jpg\",\"width\":2193,\"height\":1777,\"caption\":\"Foto: Cecilia Anan\u00edas\"},{\"@type\":\"BreadcrumbList\",\"@id\":\"https:\/\/www.menschenrechte.org\/blog\/im-zentrum-muss-unsere-wuerde-stehen\/#breadcrumb\",\"itemListElement\":[{\"@type\":\"ListItem\",\"position\":1,\"name\":\"Startseite\",\"item\":\"https:\/\/www.menschenrechte.org\/blog\/\"},{\"@type\":\"ListItem\",\"position\":2,\"name\":\"Protest in Chile: \u201eIm Zentrum muss unsere W\u00fcrde stehen\u201c\"}]},{\"@type\":\"WebSite\",\"@id\":\"https:\/\/www.menschenrechte.org\/blog\/#website\",\"url\":\"https:\/\/www.menschenrechte.org\/blog\/\",\"name\":\"Menschenrechte - der Blog.\",\"description\":\"N\u00fcrnberger Menschenrechtszentrum\",\"publisher\":{\"@id\":\"https:\/\/www.menschenrechte.org\/blog\/#organization\"},\"potentialAction\":[{\"@type\":\"SearchAction\",\"target\":{\"@type\":\"EntryPoint\",\"urlTemplate\":\"https:\/\/www.menschenrechte.org\/blog\/?s={search_term_string}\"},\"query-input\":{\"@type\":\"PropertyValueSpecification\",\"valueRequired\":true,\"valueName\":\"search_term_string\"}}],\"inLanguage\":\"de\"},{\"@type\":\"Organization\",\"@id\":\"https:\/\/www.menschenrechte.org\/blog\/#organization\",\"name\":\"N\u00fcrnberger Menschenrechtszentrum\",\"url\":\"https:\/\/www.menschenrechte.org\/blog\/\",\"logo\":{\"@type\":\"ImageObject\",\"inLanguage\":\"de\",\"@id\":\"https:\/\/www.menschenrechte.org\/blog\/#\/schema\/logo\/image\/\",\"url\":\"https:\/\/www.menschenrechte.org\/blog\/wp-content\/uploads\/2020\/02\/NMRZ_jpg-scaled.jpg\",\"contentUrl\":\"https:\/\/www.menschenrechte.org\/blog\/wp-content\/uploads\/2020\/02\/NMRZ_jpg-scaled.jpg\",\"width\":2560,\"height\":345,\"caption\":\"N\u00fcrnberger Menschenrechtszentrum\"},\"image\":{\"@id\":\"https:\/\/www.menschenrechte.org\/blog\/#\/schema\/logo\/image\/\"},\"sameAs\":[\"https:\/\/www.facebook.com\/NuernbergerMenschenrechtszentrum\/?eid=ARAoGFhiOGk5kmEnso1qow5TUUEWiHvB739MeabiJgTeX-H10uOy1x45ym-gISJGHPSkma6NciCJ1mFN\",\"https:\/\/www.instagram.com\/nbg_menschenrechtszentrum\/\"]},{\"@type\":\"Person\",\"@id\":\"https:\/\/www.menschenrechte.org\/blog\/#\/schema\/person\/9b86f4510e674530bcaf0a809d311f22\",\"name\":\"Gastautor\",\"image\":{\"@type\":\"ImageObject\",\"inLanguage\":\"de\",\"@id\":\"https:\/\/www.menschenrechte.org\/blog\/#\/schema\/person\/image\/8aaebb7a32a879aaf5f133e569f8ab7d\",\"url\":\"https:\/\/secure.gravatar.com\/avatar\/da431484833675ea87ec4bdb90d84226a4a4e201b1dadf22e5a9047cbd780fb7?s=96&d=mm&r=g\",\"contentUrl\":\"https:\/\/secure.gravatar.com\/avatar\/da431484833675ea87ec4bdb90d84226a4a4e201b1dadf22e5a9047cbd780fb7?s=96&d=mm&r=g\",\"caption\":\"Gastautor\"},\"url\":\"https:\/\/www.menschenrechte.org\/blog\/author\/gastautor\/\"}]}<\/script>\n<!-- \/ Yoast SEO plugin. -->","yoast_head_json":{"title":"Protest in Chile: \u201eIm Zentrum muss unsere W\u00fcrde stehen\u201c - Menschenrechte - der Blog.","robots":{"index":"index","follow":"follow","max-snippet":"max-snippet:-1","max-image-preview":"max-image-preview:large","max-video-preview":"max-video-preview:-1"},"canonical":"https:\/\/www.menschenrechte.org\/blog\/im-zentrum-muss-unsere-wuerde-stehen\/","og_locale":"de_DE","og_type":"article","og_title":"Protest in Chile: \u201eIm Zentrum muss unsere W\u00fcrde stehen\u201c - Menschenrechte - der Blog.","og_description":"30 Jahre sozio\u00f6konomische Ungleichheit, die zum gesellschaftlichen Aufstand in Chile f\u00fchrten \u201eIm Zentrum muss unsere W\u00fcrde stehen\u201c war vielleicht einer...","og_url":"https:\/\/www.menschenrechte.org\/blog\/im-zentrum-muss-unsere-wuerde-stehen\/","og_site_name":"Menschenrechte - der Blog.","article_publisher":"https:\/\/www.facebook.com\/NuernbergerMenschenrechtszentrum\/?eid=ARAoGFhiOGk5kmEnso1qow5TUUEWiHvB739MeabiJgTeX-H10uOy1x45ym-gISJGHPSkma6NciCJ1mFN","article_published_time":"2020-03-06T11:54:04+00:00","article_modified_time":"2020-03-19T10:39:20+00:00","og_image":[{"width":2193,"height":1777,"url":"https:\/\/www.menschenrechte.org\/blog\/wp-content\/uploads\/2020\/03\/Feminismo14947.jpg","type":"image\/jpeg"}],"author":"Gastautor","twitter_misc":{"Verfasst von":"Gastautor","Gesch\u00e4tzte Lesezeit":"5\u00a0Minuten","Written by":"Gastautor"},"schema":{"@context":"https:\/\/schema.org","@graph":[{"@type":"Article","@id":"https:\/\/www.menschenrechte.org\/blog\/im-zentrum-muss-unsere-wuerde-stehen\/#article","isPartOf":{"@id":"https:\/\/www.menschenrechte.org\/blog\/im-zentrum-muss-unsere-wuerde-stehen\/"},"author":{"name":"Gastautor","@id":"https:\/\/www.menschenrechte.org\/blog\/#\/schema\/person\/9b86f4510e674530bcaf0a809d311f22"},"headline":"Protest in Chile: \u201eIm Zentrum muss unsere W\u00fcrde stehen\u201c","datePublished":"2020-03-06T11:54:04+00:00","dateModified":"2020-03-19T10:39:20+00:00","mainEntityOfPage":{"@id":"https:\/\/www.menschenrechte.org\/blog\/im-zentrum-muss-unsere-wuerde-stehen\/"},"wordCount":999,"commentCount":0,"publisher":{"@id":"https:\/\/www.menschenrechte.org\/blog\/#organization"},"image":{"@id":"https:\/\/www.menschenrechte.org\/blog\/im-zentrum-muss-unsere-wuerde-stehen\/#primaryimage"},"thumbnailUrl":"https:\/\/www.menschenrechte.org\/blog\/wp-content\/uploads\/2020\/03\/Feminismo14947.jpg","articleSection":["Aktuelles"],"inLanguage":"de","potentialAction":[{"@type":"CommentAction","name":"Comment","target":["https:\/\/www.menschenrechte.org\/blog\/im-zentrum-muss-unsere-wuerde-stehen\/#respond"]}]},{"@type":"WebPage","@id":"https:\/\/www.menschenrechte.org\/blog\/im-zentrum-muss-unsere-wuerde-stehen\/","url":"https:\/\/www.menschenrechte.org\/blog\/im-zentrum-muss-unsere-wuerde-stehen\/","name":"Protest in Chile: \u201eIm Zentrum muss unsere W\u00fcrde stehen\u201c - Menschenrechte - der Blog.","isPartOf":{"@id":"https:\/\/www.menschenrechte.org\/blog\/#website"},"primaryImageOfPage":{"@id":"https:\/\/www.menschenrechte.org\/blog\/im-zentrum-muss-unsere-wuerde-stehen\/#primaryimage"},"image":{"@id":"https:\/\/www.menschenrechte.org\/blog\/im-zentrum-muss-unsere-wuerde-stehen\/#primaryimage"},"thumbnailUrl":"https:\/\/www.menschenrechte.org\/blog\/wp-content\/uploads\/2020\/03\/Feminismo14947.jpg","datePublished":"2020-03-06T11:54:04+00:00","dateModified":"2020-03-19T10:39:20+00:00","breadcrumb":{"@id":"https:\/\/www.menschenrechte.org\/blog\/im-zentrum-muss-unsere-wuerde-stehen\/#breadcrumb"},"inLanguage":"de","potentialAction":[{"@type":"ReadAction","target":["https:\/\/www.menschenrechte.org\/blog\/im-zentrum-muss-unsere-wuerde-stehen\/"]}]},{"@type":"ImageObject","inLanguage":"de","@id":"https:\/\/www.menschenrechte.org\/blog\/im-zentrum-muss-unsere-wuerde-stehen\/#primaryimage","url":"https:\/\/www.menschenrechte.org\/blog\/wp-content\/uploads\/2020\/03\/Feminismo14947.jpg","contentUrl":"https:\/\/www.menschenrechte.org\/blog\/wp-content\/uploads\/2020\/03\/Feminismo14947.jpg","width":2193,"height":1777,"caption":"Foto: Cecilia Anan\u00edas"},{"@type":"BreadcrumbList","@id":"https:\/\/www.menschenrechte.org\/blog\/im-zentrum-muss-unsere-wuerde-stehen\/#breadcrumb","itemListElement":[{"@type":"ListItem","position":1,"name":"Startseite","item":"https:\/\/www.menschenrechte.org\/blog\/"},{"@type":"ListItem","position":2,"name":"Protest in Chile: \u201eIm Zentrum muss unsere W\u00fcrde stehen\u201c"}]},{"@type":"WebSite","@id":"https:\/\/www.menschenrechte.org\/blog\/#website","url":"https:\/\/www.menschenrechte.org\/blog\/","name":"Menschenrechte - der Blog.","description":"N\u00fcrnberger Menschenrechtszentrum","publisher":{"@id":"https:\/\/www.menschenrechte.org\/blog\/#organization"},"potentialAction":[{"@type":"SearchAction","target":{"@type":"EntryPoint","urlTemplate":"https:\/\/www.menschenrechte.org\/blog\/?s={search_term_string}"},"query-input":{"@type":"PropertyValueSpecification","valueRequired":true,"valueName":"search_term_string"}}],"inLanguage":"de"},{"@type":"Organization","@id":"https:\/\/www.menschenrechte.org\/blog\/#organization","name":"N\u00fcrnberger Menschenrechtszentrum","url":"https:\/\/www.menschenrechte.org\/blog\/","logo":{"@type":"ImageObject","inLanguage":"de","@id":"https:\/\/www.menschenrechte.org\/blog\/#\/schema\/logo\/image\/","url":"https:\/\/www.menschenrechte.org\/blog\/wp-content\/uploads\/2020\/02\/NMRZ_jpg-scaled.jpg","contentUrl":"https:\/\/www.menschenrechte.org\/blog\/wp-content\/uploads\/2020\/02\/NMRZ_jpg-scaled.jpg","width":2560,"height":345,"caption":"N\u00fcrnberger Menschenrechtszentrum"},"image":{"@id":"https:\/\/www.menschenrechte.org\/blog\/#\/schema\/logo\/image\/"},"sameAs":["https:\/\/www.facebook.com\/NuernbergerMenschenrechtszentrum\/?eid=ARAoGFhiOGk5kmEnso1qow5TUUEWiHvB739MeabiJgTeX-H10uOy1x45ym-gISJGHPSkma6NciCJ1mFN","https:\/\/www.instagram.com\/nbg_menschenrechtszentrum\/"]},{"@type":"Person","@id":"https:\/\/www.menschenrechte.org\/blog\/#\/schema\/person\/9b86f4510e674530bcaf0a809d311f22","name":"Gastautor","image":{"@type":"ImageObject","inLanguage":"de","@id":"https:\/\/www.menschenrechte.org\/blog\/#\/schema\/person\/image\/8aaebb7a32a879aaf5f133e569f8ab7d","url":"https:\/\/secure.gravatar.com\/avatar\/da431484833675ea87ec4bdb90d84226a4a4e201b1dadf22e5a9047cbd780fb7?s=96&d=mm&r=g","contentUrl":"https:\/\/secure.gravatar.com\/avatar\/da431484833675ea87ec4bdb90d84226a4a4e201b1dadf22e5a9047cbd780fb7?s=96&d=mm&r=g","caption":"Gastautor"},"url":"https:\/\/www.menschenrechte.org\/blog\/author\/gastautor\/"}]}},"_links":{"self":[{"href":"https:\/\/www.menschenrechte.org\/blog\/wp-json\/wp\/v2\/posts\/184","targetHints":{"allow":["GET"]}}],"collection":[{"href":"https:\/\/www.menschenrechte.org\/blog\/wp-json\/wp\/v2\/posts"}],"about":[{"href":"https:\/\/www.menschenrechte.org\/blog\/wp-json\/wp\/v2\/types\/post"}],"author":[{"embeddable":true,"href":"https:\/\/www.menschenrechte.org\/blog\/wp-json\/wp\/v2\/users\/7"}],"replies":[{"embeddable":true,"href":"https:\/\/www.menschenrechte.org\/blog\/wp-json\/wp\/v2\/comments?post=184"}],"version-history":[{"count":9,"href":"https:\/\/www.menschenrechte.org\/blog\/wp-json\/wp\/v2\/posts\/184\/revisions"}],"predecessor-version":[{"id":261,"href":"https:\/\/www.menschenrechte.org\/blog\/wp-json\/wp\/v2\/posts\/184\/revisions\/261"}],"wp:featuredmedia":[{"embeddable":true,"href":"https:\/\/www.menschenrechte.org\/blog\/wp-json\/wp\/v2\/media\/198"}],"wp:attachment":[{"href":"https:\/\/www.menschenrechte.org\/blog\/wp-json\/wp\/v2\/media?parent=184"}],"wp:term":[{"taxonomy":"category","embeddable":true,"href":"https:\/\/www.menschenrechte.org\/blog\/wp-json\/wp\/v2\/categories?post=184"},{"taxonomy":"post_tag","embeddable":true,"href":"https:\/\/www.menschenrechte.org\/blog\/wp-json\/wp\/v2\/tags?post=184"},{"taxonomy":"author","embeddable":true,"href":"https:\/\/www.menschenrechte.org\/blog\/wp-json\/wp\/v2\/coauthors?post=184"}],"curies":[{"name":"wp","href":"https:\/\/api.w.org\/{rel}","templated":true}]}}