{"id":382,"date":"2020-04-08T10:05:00","date_gmt":"2020-04-08T08:05:00","guid":{"rendered":"https:\/\/www.menschenrechte.org\/blog\/?p=382"},"modified":"2020-04-08T20:06:31","modified_gmt":"2020-04-08T18:06:31","slug":"ja-zur-corona-tracking-app-aber","status":"publish","type":"post","link":"https:\/\/www.menschenrechte.org\/blog\/ja-zur-corona-tracking-app-aber\/","title":{"rendered":"JA zur Corona-Tracking App! Aber\u2026"},"content":{"rendered":"\n<p>Die Debatte um Corona-Tracking Apps wird sehr hitzig gef\u00fchrt. Von manchen werden sie als das <em>Allheilmittel <\/em>schlechthin angepriesen und leidenschaftlich begr\u00fc\u00dft, von anderen werden sie verteufelt und ebenso leidenschaftlich abgelehnt. Da hilft es auch nicht, dass es nicht <em>die eine <\/em>Corona-Applikation gibt, sondern weltweit eine Vielzahl an solchen Apps in sehr unterschiedlichen Ausf\u00fchrungen. Um f\u00fcr Klarheit in dieser Diskussion zu sorgen, soll es in diesem Beitrag darum gehen\u2026<\/p>\n\n\n\n<p>\u2026 warum eine Corona-Tracking App \u00fcberhaupt n\u00f6tig ist, <\/p>\n\n\n\n<p>\u2026 welche App \u00fcberzeugend ist und welche nicht, <\/p>\n\n\n\n<p>\u2026 was dieses <strong>P<\/strong>an <strong>E<\/strong>uropean <strong>P<\/strong>rivacy <strong>P<\/strong>rotecting <strong>P<\/strong>roximity <strong>T<\/strong>racing (PEPP-PT) ist,<\/p>\n\n\n\n<p>\u2026 welche Voraussetzungen gegeben sein m\u00fcssen, dass eine Corona-App Deutschland erfolgreich bei der Virusbek\u00e4mpfung unterst\u00fctzen kann,<\/p>\n\n\n\n<p>\u2026 wie die voraussichtliche Erfolgsrate einer solchen Corona-App denn nun wirklich ist und<\/p>\n\n\n\n<p>\u2026 warum \u2013 trotz aller berechtigten Kritik \u2013 eine solche Anwendung (mit Einhaltung europ\u00e4ischer Datenschutzstandards) ein weiteres wichtiges Werkzeug im Kampf gegen COVID-19-Infizierungen sein kann. <\/p>\n\n\n\n<h2 class=\"wp-block-heading\">Warum ist eine Corona-App \u00fcberhaupt n\u00f6tig?<\/h2>\n\n\n\n<p>Nach bisherigem Erkenntnisstand und <a href=\"https:\/\/science.sciencemag.org\/content\/early\/2020\/03\/30\/science.abb6936\">wissenschaftlichen\nBerechnungsmodellen<\/a> ist ein manuelles Tracking der Kontaktpersonen von infizierten\nPerson zu langsam, um eine Ausbreitung von COVID-19-Erkrankungen effektiv zu\nverhindern. <\/p>\n\n\n\n<p>Hinzu kommt, dass derzeit mit der aktuellen Lage, Grundrechte und Menschenrechte massiv eingeschr\u00e4nkt werden. Zum einen steht nat\u00fcrlich die Gesundheitsfrage im Vordergrund: <a href=\"https:\/\/gisanddata.maps.arcgis.com\/apps\/opsdashboard\/index.html#\/bda7594740fd40299423467b48e9ecf6\">Nach offizieller Zahl<\/a> (die nat\u00fcrlich nur einen Bruchteil der tats\u00e4chlichen F\u00e4lle umfasst und h\u00f6chst politisch ist), sind weit \u00fcber 1,4 Millionen Menschen mit COVID-19 infiziert und bereits \u00fcber 82.000 Menschen an dem Corona-Virus gestorben (Stand: 08.04.2020). <\/p>\n\n\n\n<p>Zum anderen gibt es die einschneidenden und recht folgenschweren\nAuswirkungen, die mit den ergriffenen Ma\u00dfnahmen (z. B. Ausgangsbeschr\u00e4nkungen) einhergehen.\nNeben wirtschaftlicher, kultureller und sozialer Strapazierung, sind auch\nemotionale und psychische Belastungen die Konsequenz. Experten warnen z. B. von\nder Zunahme von <a href=\"https:\/\/www.spiegel.de\/panorama\/coronavirus-und-haeusliche-gewalt-wir-muessen-leider-mit-dem-schlimmsten-rechnen-a-85a95dba-eef6-4986-bf37-fed460027deb\">h\u00e4uslicher\nGewalt und sexuellen \u00dcbergriffen. <\/a><\/p>\n\n\n\n<blockquote class=\"wp-block-quote is-layout-flow wp-block-quote-is-layout-flow\"><p>&#8222;Wir m\u00fcssen leider mit dem Schlimmsten rechnen&#8220;<\/p><cite> J\u00f6rg Ziercke (Bundesvorsitzender der Opferschutzorganisation <em>Wei\u00dfer Ring<\/em>)<\/cite><\/blockquote>\n\n\n\n<p><strong>Um diese vielschichtige Krise zu \u00fcberwinden, soll solch eine \u201eCorona-App\u201c dazu beitragen, Infektionsketten zu unterbrechen und letztlich die Ausgangsbeschr\u00e4nkungen zu lockern.<\/strong> Dieser Kontext ist wichtig und auch aus Sicht der Menschenrechte grunds\u00e4tzlich zu begr\u00fc\u00dfen. Doch wie k\u00f6nnte eine solche App gestaltet sein, ohne andere Menschenrechte zu untergraben und ein weiteres \u00dcberwachungsinstrument f\u00fcr den Staat einzuf\u00fchren? <\/p>\n\n\n\n<h2 class=\"wp-block-heading\">Handyortung ist nicht die L\u00f6sung<\/h2>\n\n\n\n<p>Eines ist klar: Nicht so, wie es die Bundesregierung urspr\u00fcnglich vorhatte. Auf Vorsto\u00df vom Gesundheitsminister Jens Spahn (CDU) sollte mit einer <em>\u00c4nderung des Infektionsschutzgesetzes (IfGS)<\/em> die <a href=\"https:\/\/fragdenstaat.de\/dokumente\/4075-anderung-des-infektionsschutzgesetzes-und-weiterer-gesetze\/\">M\u00f6glichkeit einer Handyortung<\/a> eingef\u00fchrt werden. Dies traf nicht nur auf scharfen Widerstand des Koalitionspartners, der SPD, sondern wurde auch entschieden von Datensch\u00fctzern und NGOs kritisiert, da dies einen massiven Eingriff in die Grundrechte bedeutet h\u00e4tte. Die Verh\u00e4ltnism\u00e4\u00dfigkeit war nicht mehr gegeben und der Nutzen der GPS-Daten wurde berechtigterweise stark angezweifelt. Diese Methode wurde aus dem Entwurf zur \u00c4nderung des IfGS gestrichen &#8211; den Kritiker*innen sei Dank.<\/p>\n\n\n\n<figure class=\"wp-block-image size-large\"><img loading=\"lazy\" decoding=\"async\" width=\"1024\" height=\"683\" src=\"https:\/\/www.menschenrechte.org\/blog\/wp-content\/uploads\/2020\/04\/corona-app-5004168_1920-1024x683.jpg\" alt=\"\" class=\"wp-image-386\" srcset=\"https:\/\/www.menschenrechte.org\/blog\/wp-content\/uploads\/2020\/04\/corona-app-5004168_1920-1024x683.jpg 1024w, https:\/\/www.menschenrechte.org\/blog\/wp-content\/uploads\/2020\/04\/corona-app-5004168_1920-300x200.jpg 300w, https:\/\/www.menschenrechte.org\/blog\/wp-content\/uploads\/2020\/04\/corona-app-5004168_1920-768x512.jpg 768w, https:\/\/www.menschenrechte.org\/blog\/wp-content\/uploads\/2020\/04\/corona-app-5004168_1920-1536x1024.jpg 1536w, https:\/\/www.menschenrechte.org\/blog\/wp-content\/uploads\/2020\/04\/corona-app-5004168_1920-640x427.jpg 640w, https:\/\/www.menschenrechte.org\/blog\/wp-content\/uploads\/2020\/04\/corona-app-5004168_1920-1040x693.jpg 1040w, https:\/\/www.menschenrechte.org\/blog\/wp-content\/uploads\/2020\/04\/corona-app-5004168_1920-1320x880.jpg 1320w, https:\/\/www.menschenrechte.org\/blog\/wp-content\/uploads\/2020\/04\/corona-app-5004168_1920.jpg 1920w\" sizes=\"auto, (max-width: 1024px) 100vw, 1024px\" \/><\/figure>\n\n\n\n<h2 class=\"wp-block-heading\">And the winner is: Bluetooth Low Energy Beacon Technology<\/h2>\n\n\n\n<p>Die L\u00f6sung hei\u00dft dagegen: Bluetooth Low Energy Beacon Technology,\neingebettet in einem datenschutzkonformen System.Das Grundger\u00fcst der\nTechnologie ist schon seit Jahren entwickelt und wurde nun mit Hilfe eines <a href=\"https:\/\/www.hhi.fraunhofer.de\/presse-medien\/nachrichten\/2020\/privacy-protecting-proximity-tracing-zur-bekaempfung-des-coronavirus.html\">gro\u00dfen\nmulti-nationalen europ\u00e4ischen Teams<\/a> aus Wissenschaftler*innen,\nIT-Fachleuten und einzelnen Unternehmen rund um das <em>Fraunhofer Institut f\u00fcr\nNachrichtentechnik (Heinrich-Hertz-Institut)<\/em> und mit Beteiligung des <em>Robert-Koch-Instituts\n(RKI)<\/em>, dem <em>Bundesamt f\u00fcr Sicherheit in der Informationstechnik (BSI)<\/em>\nsowie Berater*innen des <em>Bundesdatenschutzbeauftragten<\/em> weiterentwickelt. Das\nProdukt aus dieser Symbiose: <strong>P<\/strong>an <strong>E<\/strong>uropean <strong>P<\/strong>rivacy <strong>P<\/strong>rotecting <strong>P<\/strong>roximity <strong>T<\/strong>racing, kurz:<strong> PEPP-PT<\/strong>. <\/p>\n\n\n\n<h2 class=\"wp-block-heading\">PEPP-PT: Wie soll das in der Praxis funktionieren? <\/h2>\n\n\n\n<p>Auch wenn einige Details noch ausstehen, schaut die\nbisherige Funktionsweise wie folgt aus: Hat man die App, die PEPP-PT verwendet,\nfreiwillig installiert, verschickt das Smartphone regelm\u00e4\u00dfig per Bluetooth eine\nID (keine Telefonnummer!). Gleichzeitig h\u00e4lt die App Ausschau nach ID-Signalen\nder anderen Nutzer*innen, die sich in der N\u00e4he befinden. Das System generiert\ndiese IDs, die immer nur tempor\u00e4r existieren, damit die Nutzer*innen nicht\nidentifizierbar sind. Befinden sich die Smartphones f\u00fcr eine gewisse Zeit in\nder Reichweite der jeweils anderen, tauschen sie ihre IDs aus und speichern sie\nverschl\u00fcsselt lokal auf dem eigenen Handy ab, um im Fall einer Infektion andere\nfreiwillig zu warnen. <\/p>\n\n\n\n<p>Diese ausschlie\u00dflich auf den Ger\u00e4ten gespeicherten\nanonymisierten IDs werden nach 21 Tagen automatisch gel\u00f6scht und nicht in einer\nCloud gespeichert. Damit unterscheiden sie sich fundamental von den vielerorts in\nAsien eingesetzten Corona-Apps, die gleichzeitig auch GPS-Signale aufzeichnen\nund das gesamte Datenpaket an staatliche Stellen melden. <\/p>\n\n\n\n<p>Die Technologie PEPP-PT ist zwar schon entwickelt, wird aber\nderzeit noch getestet, bevor sie marktreif als App heruntergeladen werden kann.\nExperten gehen davon aus, dass dies Ende April sein k\u00f6nnte, wobei noch kein\noffizielles Datum genannt wurde.<\/p>\n\n\n\n<h2 class=\"wp-block-heading\">Privacy by Design ist der Schl\u00fcssel zum Erfolg<\/h2>\n\n\n\n<p>Wichtig: Die Privatsph\u00e4re ist gef\u00e4hrdet, wenn einzelne Personen identifizierbar sind, etwa anhand einer Telefonnummer, technischer Daten des Handys oder \u00fcber ihr Bewegungsprofil. Dies gilt es unbedingt zu verhindern, um Zust\u00e4nde wie in S\u00fcdkorea zu vermeiden. Mit einer Corona-App werden dort sensible Informationen \u00fcber Infizierte preisgegeben, was zu teilweise heftigen <a href=\"https:\/\/www.bbc.com\/news\/world-asia-51733145\">Hetzkampagnen<\/a> f\u00fchrt, die die Gesundheit der bereits Infizierten und deren Angeh\u00f6rigen zus\u00e4tzlich psychisch extrem belastet. Dies ist eine Folge, die es unbedingt zu vermeiden gilt! <\/p>\n\n\n\n<p> Besser macht es hier Singapur mit der App <a href=\"https:\/\/www.tracetogether.gov.sg\/\">TraceTogether<\/a>,  die diese sensiblen Informationen nicht \u00f6ffentlich teilt und damit auf  einem ganz \u00e4hnlichen Konzept wie PEPP-PT aufbaut. Nichtsdestotrotz  besteht auch hier ein wichtiger Unterschied zur europ\u00e4ischen Technik:  Nutzer*innen mit der Corona-App mit PEPP-PT sind nicht identifizierbar  gegen\u00fcber dem Staat. Und dies ist eine der wichtigen Voraussetzungen,  die unbedingt erf\u00fcllt sein m\u00fcssen, damit solch eine Corona-App in den  liberal-demokratischen L\u00e4ndern Europas Verbreitung finden kann.  <\/p>\n\n\n\n<figure class=\"wp-block-image size-large\"><img loading=\"lazy\" decoding=\"async\" width=\"1024\" height=\"480\" src=\"https:\/\/www.menschenrechte.org\/blog\/wp-content\/uploads\/2020\/04\/regulation-3246979_1280-1024x480.jpg\" alt=\"\" class=\"wp-image-388\" srcset=\"https:\/\/www.menschenrechte.org\/blog\/wp-content\/uploads\/2020\/04\/regulation-3246979_1280-1024x480.jpg 1024w, https:\/\/www.menschenrechte.org\/blog\/wp-content\/uploads\/2020\/04\/regulation-3246979_1280-300x141.jpg 300w, https:\/\/www.menschenrechte.org\/blog\/wp-content\/uploads\/2020\/04\/regulation-3246979_1280-768x360.jpg 768w, https:\/\/www.menschenrechte.org\/blog\/wp-content\/uploads\/2020\/04\/regulation-3246979_1280-640x300.jpg 640w, https:\/\/www.menschenrechte.org\/blog\/wp-content\/uploads\/2020\/04\/regulation-3246979_1280-1040x488.jpg 1040w, https:\/\/www.menschenrechte.org\/blog\/wp-content\/uploads\/2020\/04\/regulation-3246979_1280.jpg 1280w\" sizes=\"auto, (max-width: 1024px) 100vw, 1024px\" \/><\/figure>\n\n\n\n<h2 class=\"wp-block-heading\">Zehn konkrete Voraussetzungen, die erf\u00fcllt sein m\u00fcssen<\/h2>\n\n\n\n<ol class=\"wp-block-list\"><li>Freiwilligkeit zur Entscheidung \u00fcber die Nutzung<\/li><li>Enge Zweckbindung<\/li><li><a href=\"https:\/\/de.wikipedia.org\/wiki\/Anonymisierung_und_Pseudonymisierung\">Pseudonymisierung<\/a>\nder Daten<\/li><li>Verschl\u00fcsselung der Daten auf den Servern <\/li><li>Verschl\u00fcsselung der lokal gespeicherten IDs auf\nden Handys<\/li><li>Server vor Zugriff von Unbefugten sch\u00fctzen<\/li><li>L\u00f6schung der gespeicherten Daten, wenn eine\nInfektionsgefahr nicht mehr gegeben ist<\/li><li>Geringe Fehlerquote durch ausreichende Testings\nund Signalst\u00e4rkemessungen<\/li><li>Selbstverpflichtung des Robert-Koch Instituts\nzum schnellen Testen<\/li><li>Selbstverpflichtung der Politik, die\nFreiwilligkeit nicht nachtr\u00e4glich einzuschr\u00e4nken <\/li><\/ol>\n\n\n\n<h2 class=\"wp-block-heading\">Wird eine solche Corona-App das Ziel erreichen, dass sich Betroffene umgehend in Quarant\u00e4ne begeben?<\/h2>\n\n\n\n<p>Laut einer repr\u00e4sentativen Umfrage sind derzeit ungef\u00e4hr 70\n% der Menschen in Deutschland bereit, eine solche App zu installieren. Von\ndiesen 70 % w\u00fcrden ungef\u00e4hr neun von zehn Nutzer*innen (89 Prozent) der <a href=\"https:\/\/osf.io\/z6ws4\/\">Anordnung der App<\/a>,\nsich in h\u00e4usliche Quarant\u00e4ne zu begeben, Folge leisten. Dies entspricht 61,7\nProzent der Bev\u00f6lkerung in Deutschland und bedeutet, dass es \u2013 nach derzeitigem\nWissensstand \u2013 einigerma\u00dfen realistisch ist, anzunehmen, dass eine solche App\neine Erfolgsrate von ungef\u00e4hr 62 % haben k\u00f6nnte. Nun stellt sich die Frage, ob\n62 % ausreichend ist?! <\/p>\n\n\n\n<figure class=\"wp-block-image size-large\"><img loading=\"lazy\" decoding=\"async\" width=\"1024\" height=\"518\" src=\"https:\/\/www.menschenrechte.org\/blog\/wp-content\/uploads\/2020\/04\/Corona-Tracking-App-Umfrage-Erfolgsrate-1024x518.png\" alt=\"\" class=\"wp-image-384\" srcset=\"https:\/\/www.menschenrechte.org\/blog\/wp-content\/uploads\/2020\/04\/Corona-Tracking-App-Umfrage-Erfolgsrate-1024x518.png 1024w, https:\/\/www.menschenrechte.org\/blog\/wp-content\/uploads\/2020\/04\/Corona-Tracking-App-Umfrage-Erfolgsrate-300x152.png 300w, https:\/\/www.menschenrechte.org\/blog\/wp-content\/uploads\/2020\/04\/Corona-Tracking-App-Umfrage-Erfolgsrate-768x389.png 768w, https:\/\/www.menschenrechte.org\/blog\/wp-content\/uploads\/2020\/04\/Corona-Tracking-App-Umfrage-Erfolgsrate-640x324.png 640w, https:\/\/www.menschenrechte.org\/blog\/wp-content\/uploads\/2020\/04\/Corona-Tracking-App-Umfrage-Erfolgsrate-1040x527.png 1040w, https:\/\/www.menschenrechte.org\/blog\/wp-content\/uploads\/2020\/04\/Corona-Tracking-App-Umfrage-Erfolgsrate.png 1118w\" sizes=\"auto, (max-width: 1024px) 100vw, 1024px\" \/><figcaption> Eigene Darstellung basierend auf den Ergebnissen der Studie von <a href=\"https:\/\/osf.io\/z6ws4\/\">Abeler et al. 2020<\/a>  (zur besseren Veranschaulichung wurde gerundet; als \u201eJa\u201c wurde  gewertet, wenn die Teilnehmenden mit \u201ewahrscheinlich\u201c oder \u201eauf jeden  Fall\u201c antworteten) <\/figcaption><\/figure>\n\n\n\n<h2 class=\"wp-block-heading\">Ist eine voraussichtliche 62-prozentige Erfolgsrate ausreichend?<\/h2>\n\n\n\n<p>Kurze Antwort: Najaaa! <\/p>\n\n\n\n<p>L\u00e4ngere Antwort: ein zur\u00fcckhaltendes, aber dennoch\ndeutliches Ja!<\/p>\n\n\n\n<p>Wie Christophe Fraser vom <em>Big Data Institute<\/em> in Oxford, der an der Entwicklung einer britischen Corona-App beteiligt ist, <a href=\"https:\/\/www.spiegel.de\/international\/europe\/fighting-coronavirus-a-new-infection-alarm-system-on-your-smartphone-a-b4b35e3c-6499-4487-a689-6008d8d7ecc8\">festh\u00e4lt<\/a>, m\u00fcssen <strong><em>mehr als 60 Prozent der Bev\u00f6lkerung<\/em><\/strong> solch eine Anwendung installieren. Diese Zahl wird immer wieder in den Raum geworfen, wobei eine entscheidende Sache dabei unklar bleibt: Sind in diesen <em>\u201e60+ % m\u00fcssen die App nutzen\u201c<\/em> ber\u00fccksichtigt, dass ungef\u00e4hr 11 Prozent der Nutzer*innen, die diese Applikation zwar installiert haben, eben <strong>nicht <\/strong>der Anordnung der Software, sich in h\u00e4usliche Quarant\u00e4ne zu begeben, Folge leisten w\u00fcrden? <\/p>\n\n\n\n<p>Es ist wichtig\nfestzuhalten, dass es f\u00fcr die Erfolgsrate fundamental wichtig ist, dass so\nviele Menschen wie m\u00f6glich diese App (freiwillig) installieren. Mit anderen\nWorten, fast alle Menschen, die ein Smartphone in Deutschland haben (<a href=\"https:\/\/www.bitkom.org\/Presse\/Presseinformation\/Smartphone-Markt-waechst-um-3-Prozent-auf-34-Milliarden-Euro\">81 Prozent<\/a>), m\u00fcssten die App installieren, damit \u00fcberhaupt der erw\u00fcnschte Effekt\n(Eind\u00e4mmung der Infizierungen) erfolgen <em>kann. <\/em><\/p>\n\n\n\n<h2 class=\"wp-block-heading\">Herausforderung I: Eingeschr\u00e4nkte Freiwilligkeit <\/h2>\n\n\n\n<p>Mit dieser Erkenntnis l\u00e4sst sich die Kritik des <em>Landesbeauftragten\nf\u00fcr den Datenschutz und die Informationsfreiheit in Baden-W\u00fcrttemberg<\/em>, Dr.\nStefan Brink, und seiner Referentin, Clarissa Henning, gut nachvollziehen. <a href=\"https:\/\/netzpolitik.org\/2020\/warum-freiwilliges-handy-tracking-nicht-funktioniert\/#spendenleiste\">Beide\nmerkten kritisch an<\/a>, dass einerseits eine Freiwilligkeit unbedingt\nnotwendig w\u00e4re, und andererseits, dass diese vermeintliche Freiwilligkeit\nfaktisch nicht mehr gegeben w\u00e4re, wenn der gesellschaftliche und politische\nErwartungsdruck so hoch ist, sodass nicht mehr von einer wirklichen\nFreiwilligkeit gesprochen werden kann. <\/p>\n\n\n\n<p>Neben diesem Erwartungsdruck wird gleichzeitig in Aussicht\ngestellt und argumentiert, dass dann die Ausgangsbeschr\u00e4nkungen gelockert\nwerden. Dies ist ein unmittelbarer Trade-Off, der es zumindest verdient hat,\nhinterfragt zu werden. Eine solche Kosten-Nutzen-Abw\u00e4gung (die\nAusgangsbeschr\u00e4nkungen werden abgeschafft, wenn die App installiert wird)\nschr\u00e4nkt die faktische Freiwilligkeit weiterhin ein.<\/p>\n\n\n\n<p>Doch auch wenn diese Freiwilligkeit zumindest <em>gef\u00fchlt<\/em> einschr\u00e4nkt ist, liegt <em>objektiv<\/em> gesehen immer noch eine Freiwilligkeit vor. Dies l\u00e4sst sich nicht abstreiten. Ebenso ist in diesen 62 Prozent bereits ber\u00fccksichtigt, dass eben nicht alle Smartphone-Besitzende eine solche App installieren und ebenso, dass nicht alle Nutzer*innen der Anordnung der App folgen. \u00dcbrigens: Auch <a href=\"https:\/\/www.deutschlandfunk.de\/corona-pandemie-bundesjustizministerin-handy-tracking-geht.694.de.html?dram:article_id=473683\">Justizministerin<\/a> Christina Lambrecht und <a href=\"https:\/\/www.zdf.de\/nachrichten\/heute-19-uhr\/200331-heute-sendung-19-uhr-100.html\">Bundesdatenschutzbeauftragter<\/a> Ulrich Kelber sind sich einig, dass die Freiwilligkeit einer der entscheidenden Aspekte \u00fcberhaupt ist, damit eine solche Corona-App in Deutschland \u00fcberhaupt funktionieren kann und darf.<\/p>\n\n\n\n<h2 class=\"wp-block-heading\">Herausforderung II: Was ist die Fehlerquote?<\/h2>\n\n\n\n<p>Eine andere Frage,\ndie die Erfolgsrate massiv einschr\u00e4nken kann und wird, ist die Frage, wie hoch\ndie Fehlerquote der App ist:<\/p>\n\n\n\n<ul class=\"wp-block-list\"><li>Meldet die Applikation zu viele falsche Warnungen sinkt die Akzeptanz der Nutzer*innen, sich in Quarant\u00e4ne zu begeben. <\/li><li>Meldet die Corona-App zu wenige richtige Warnungen wird die Infektionskette nicht unterbrochen. <\/li><\/ul>\n\n\n\n<div class=\"wp-block-image\"><figure class=\"alignright size-large is-resized\"><img loading=\"lazy\" decoding=\"async\" src=\"https:\/\/www.menschenrechte.org\/blog\/wp-content\/uploads\/2020\/04\/problem-1951987_1920-1024x629.jpg\" alt=\"\" class=\"wp-image-389\" width=\"226\" height=\"138\" srcset=\"https:\/\/www.menschenrechte.org\/blog\/wp-content\/uploads\/2020\/04\/problem-1951987_1920-1024x629.jpg 1024w, https:\/\/www.menschenrechte.org\/blog\/wp-content\/uploads\/2020\/04\/problem-1951987_1920-300x184.jpg 300w, https:\/\/www.menschenrechte.org\/blog\/wp-content\/uploads\/2020\/04\/problem-1951987_1920-768x472.jpg 768w, https:\/\/www.menschenrechte.org\/blog\/wp-content\/uploads\/2020\/04\/problem-1951987_1920-1536x943.jpg 1536w, https:\/\/www.menschenrechte.org\/blog\/wp-content\/uploads\/2020\/04\/problem-1951987_1920-640x393.jpg 640w, https:\/\/www.menschenrechte.org\/blog\/wp-content\/uploads\/2020\/04\/problem-1951987_1920-1040x639.jpg 1040w, https:\/\/www.menschenrechte.org\/blog\/wp-content\/uploads\/2020\/04\/problem-1951987_1920-1320x811.jpg 1320w, https:\/\/www.menschenrechte.org\/blog\/wp-content\/uploads\/2020\/04\/problem-1951987_1920.jpg 1920w\" sizes=\"auto, (max-width: 226px) 100vw, 226px\" \/><\/figure><\/div>\n\n\n\n<p>Derzeit l\u00e4sst sich noch nicht bewerten, wie zuverl\u00e4ssig und effektiv die Bluetooth-Technologie funktionieren wird. Beispielsweise ist es wichtig, festzustellen, ob Personen einen direkten Kontaktaustausch hatten (z. B. ein Gespr\u00e4ch) oder ob sie voneinander r\u00e4umlich getrennt waren (z. B. anliegende Nachbarn durch die Wohnwand). Mit Signalst\u00e4rkemessungen werden solche Risiken zwar minimiert, doch es bleibt abzuwarten, wie hoch die Fehlerquote in der Praxis ist. <\/p>\n\n\n\n<h2 class=\"wp-block-heading\">Auch weniger als 60 % sind gut!<\/h2>\n\n\n\n<p>Neben all den Voraussetzungen, die erf\u00fcllt sein m\u00fcssen,\nsollten wir diesen Schritt wagen. Auch wenn Dr. Stefan Brink und Clarissa\nHenning res\u00fcmieren, dass dieses Instrument der Eind\u00e4mmung <em>\u201eweder technisch\nnoch rechtlich noch sozial erfolgsversprechend\u201c<\/em> sei und man hier kein <em>\u201esoziales\nExperiment\u201c<\/em> starten darf, muss ich dieser Einsch\u00e4tzung widersprechen.\nGerade diese angespannten und komplizierten Zeiten verlangen von uns, dass wir\nkreativ nach L\u00f6sungen suchen. Wie anfangs dargestellt, ist eine manuelle R\u00fcckverfolgung\nder Infizierungen nicht ausreichend. Eine digitalisierte Unterst\u00fctzung scheint\nunabdingbar. Auch w\u00e4re es \u00fcberraschend, wenn wir uns in unser\nhoch-digitalisierten Zeit technischen Teill\u00f6sungen kategorisch verschlie\u00dfen\nw\u00fcrden. <\/p>\n\n\n\n<p>Aber auch wenn die Akzeptanz in der Bev\u00f6lkerung niedriger\nausfallen sollte als derzeit hypothetisch angenommen, besteht berechtigte\nHoffnung. Wie beispielsweise der Epidemiologe <a href=\"https:\/\/www.spiegel.de\/international\/europe\/fighting-coronavirus-a-new-infection-alarm-system-on-your-smartphone-a-b4b35e3c-6499-4487-a689-6008d8d7ecc8\">Marcel\nSalath\u00e9<\/a> unterstreicht, werden wir auch schon eine <em>\u201estarke Wirkungskraft\u201c <\/em>haben, wenn lediglich 40 Prozent der\nBev\u00f6lkerung eine solche App verwenden w\u00fcrden. Selbstverst\u00e4ndlich muss gelten,\ndass solch eine App nicht das einzige Instrument der Pr\u00e4vention sein kann.\nVielmehr muss die Ausbreitung von COVID-19-Erkrankungen verhindert werden,\nindem man zahlreichen Ma\u00dfnahmen verzahnt: Freiwilliges Corona-Tracking per App,\naber auch weiterhin Sicherheitsabst\u00e4nde einhalten, ausf\u00fchrliche Handhygiene und\ngute <a href=\"https:\/\/www.infektionsschutz.de\/hygienetipps\/hygiene-beim-husten-und-niesen.html\">Husten-\nund Nies-Etiquette<\/a> pflegen, Menschengruppen vermeiden und besondere\nSchutzma\u00dfnahmen f\u00fcr Risikogruppen ergreifen. <\/p>\n\n\n\n<p>In diesem Sinne: <strong>Ja, zur Corona-App mit PEPP-PT<\/strong>! Wir\nund die Welt brauchen diese <em>Privacy by\nDesign <\/em>Technologie! Lasst uns Leben retten! &nbsp;<\/p>\n\n\n\n<p>Siehst du das auch so? Teil mir doch deine Meinung unten in\nden Kommentaren mit! <\/p>\n","protected":false},"excerpt":{"rendered":"<p>Die Debatte um Corona-Tracking Apps wird sehr hitzig gef\u00fchrt. Von manchen werden sie als das Allheilmittel schlechthin angepriesen und leidenschaftlich&#8230;<\/p>\n","protected":false},"author":2,"featured_media":391,"comment_status":"open","ping_status":"open","sticky":false,"template":"","format":"standard","meta":{"footnotes":""},"categories":[15,1],"tags":[32,35,38,33],"coauthors":[22],"class_list":["post-382","post","type-post","status-publish","format-standard","has-post-thumbnail","hentry","category-aktuelles","category-allgemein","tag-corona","tag-corona-app","tag-pepp-pt","tag-tracking","post-archive"],"yoast_head":"<!-- This site is optimized with the Yoast SEO plugin v26.5 - https:\/\/yoast.com\/wordpress\/plugins\/seo\/ -->\n<title>JA zur Corona-Tracking App! Aber\u2026 - Menschenrechte - der Blog.<\/title>\n<meta name=\"robots\" content=\"index, follow, max-snippet:-1, max-image-preview:large, max-video-preview:-1\" \/>\n<link rel=\"canonical\" href=\"https:\/\/www.menschenrechte.org\/blog\/ja-zur-corona-tracking-app-aber\/\" \/>\n<meta property=\"og:locale\" content=\"de_DE\" \/>\n<meta property=\"og:type\" content=\"article\" \/>\n<meta property=\"og:title\" content=\"JA zur Corona-Tracking App! Aber\u2026 - Menschenrechte - der Blog.\" \/>\n<meta property=\"og:description\" content=\"Die Debatte um Corona-Tracking Apps wird sehr hitzig gef\u00fchrt. Von manchen werden sie als das Allheilmittel schlechthin angepriesen und leidenschaftlich...\" \/>\n<meta property=\"og:url\" content=\"https:\/\/www.menschenrechte.org\/blog\/ja-zur-corona-tracking-app-aber\/\" \/>\n<meta property=\"og:site_name\" content=\"Menschenrechte - der Blog.\" \/>\n<meta property=\"article:publisher\" content=\"https:\/\/www.facebook.com\/NuernbergerMenschenrechtszentrum\/?eid=ARAoGFhiOGk5kmEnso1qow5TUUEWiHvB739MeabiJgTeX-H10uOy1x45ym-gISJGHPSkma6NciCJ1mFN\" \/>\n<meta property=\"article:published_time\" content=\"2020-04-08T08:05:00+00:00\" \/>\n<meta property=\"article:modified_time\" content=\"2020-04-08T18:06:31+00:00\" \/>\n<meta property=\"og:image\" content=\"https:\/\/www.menschenrechte.org\/blog\/wp-content\/uploads\/2020\/04\/corona-app-5009502_1920-1.jpg\" \/>\n\t<meta property=\"og:image:width\" content=\"1429\" \/>\n\t<meta property=\"og:image:height\" content=\"647\" \/>\n\t<meta property=\"og:image:type\" content=\"image\/jpeg\" \/>\n<meta name=\"author\" content=\"Felix Krau\u00df\" \/>\n<meta name=\"twitter:label1\" content=\"Verfasst von\" \/>\n\t<meta name=\"twitter:data1\" content=\"Felix Krau\u00df\" \/>\n\t<meta name=\"twitter:label2\" content=\"Gesch\u00e4tzte Lesezeit\" \/>\n\t<meta name=\"twitter:data2\" content=\"10\u00a0Minuten\" \/>\n\t<meta name=\"twitter:label3\" content=\"Written by\" \/>\n\t<meta name=\"twitter:data3\" content=\"Felix Krau\u00df\" \/>\n<script type=\"application\/ld+json\" class=\"yoast-schema-graph\">{\"@context\":\"https:\/\/schema.org\",\"@graph\":[{\"@type\":\"Article\",\"@id\":\"https:\/\/www.menschenrechte.org\/blog\/ja-zur-corona-tracking-app-aber\/#article\",\"isPartOf\":{\"@id\":\"https:\/\/www.menschenrechte.org\/blog\/ja-zur-corona-tracking-app-aber\/\"},\"author\":{\"name\":\"Felix Krau\u00df\",\"@id\":\"https:\/\/www.menschenrechte.org\/blog\/#\/schema\/person\/47c1596a73689fdbe6861973eb29a002\"},\"headline\":\"JA zur Corona-Tracking App! Aber\u2026\",\"datePublished\":\"2020-04-08T08:05:00+00:00\",\"dateModified\":\"2020-04-08T18:06:31+00:00\",\"mainEntityOfPage\":{\"@id\":\"https:\/\/www.menschenrechte.org\/blog\/ja-zur-corona-tracking-app-aber\/\"},\"wordCount\":1922,\"commentCount\":0,\"publisher\":{\"@id\":\"https:\/\/www.menschenrechte.org\/blog\/#organization\"},\"image\":{\"@id\":\"https:\/\/www.menschenrechte.org\/blog\/ja-zur-corona-tracking-app-aber\/#primaryimage\"},\"thumbnailUrl\":\"https:\/\/www.menschenrechte.org\/blog\/wp-content\/uploads\/2020\/04\/corona-app-5009502_1920-1.jpg\",\"keywords\":[\"Corona\",\"Corona-App\",\"PEPP-PT\",\"Tracking\"],\"articleSection\":[\"Aktuelles\"],\"inLanguage\":\"de\",\"potentialAction\":[{\"@type\":\"CommentAction\",\"name\":\"Comment\",\"target\":[\"https:\/\/www.menschenrechte.org\/blog\/ja-zur-corona-tracking-app-aber\/#respond\"]}]},{\"@type\":\"WebPage\",\"@id\":\"https:\/\/www.menschenrechte.org\/blog\/ja-zur-corona-tracking-app-aber\/\",\"url\":\"https:\/\/www.menschenrechte.org\/blog\/ja-zur-corona-tracking-app-aber\/\",\"name\":\"JA zur Corona-Tracking App! Aber\u2026 - Menschenrechte - der Blog.\",\"isPartOf\":{\"@id\":\"https:\/\/www.menschenrechte.org\/blog\/#website\"},\"primaryImageOfPage\":{\"@id\":\"https:\/\/www.menschenrechte.org\/blog\/ja-zur-corona-tracking-app-aber\/#primaryimage\"},\"image\":{\"@id\":\"https:\/\/www.menschenrechte.org\/blog\/ja-zur-corona-tracking-app-aber\/#primaryimage\"},\"thumbnailUrl\":\"https:\/\/www.menschenrechte.org\/blog\/wp-content\/uploads\/2020\/04\/corona-app-5009502_1920-1.jpg\",\"datePublished\":\"2020-04-08T08:05:00+00:00\",\"dateModified\":\"2020-04-08T18:06:31+00:00\",\"breadcrumb\":{\"@id\":\"https:\/\/www.menschenrechte.org\/blog\/ja-zur-corona-tracking-app-aber\/#breadcrumb\"},\"inLanguage\":\"de\",\"potentialAction\":[{\"@type\":\"ReadAction\",\"target\":[\"https:\/\/www.menschenrechte.org\/blog\/ja-zur-corona-tracking-app-aber\/\"]}]},{\"@type\":\"ImageObject\",\"inLanguage\":\"de\",\"@id\":\"https:\/\/www.menschenrechte.org\/blog\/ja-zur-corona-tracking-app-aber\/#primaryimage\",\"url\":\"https:\/\/www.menschenrechte.org\/blog\/wp-content\/uploads\/2020\/04\/corona-app-5009502_1920-1.jpg\",\"contentUrl\":\"https:\/\/www.menschenrechte.org\/blog\/wp-content\/uploads\/2020\/04\/corona-app-5009502_1920-1.jpg\",\"width\":1429,\"height\":647,\"caption\":\"Corona Tracking App mit PEPP-PT\"},{\"@type\":\"BreadcrumbList\",\"@id\":\"https:\/\/www.menschenrechte.org\/blog\/ja-zur-corona-tracking-app-aber\/#breadcrumb\",\"itemListElement\":[{\"@type\":\"ListItem\",\"position\":1,\"name\":\"Startseite\",\"item\":\"https:\/\/www.menschenrechte.org\/blog\/\"},{\"@type\":\"ListItem\",\"position\":2,\"name\":\"JA zur Corona-Tracking App! Aber\u2026\"}]},{\"@type\":\"WebSite\",\"@id\":\"https:\/\/www.menschenrechte.org\/blog\/#website\",\"url\":\"https:\/\/www.menschenrechte.org\/blog\/\",\"name\":\"Menschenrechte - der Blog.\",\"description\":\"N\u00fcrnberger Menschenrechtszentrum\",\"publisher\":{\"@id\":\"https:\/\/www.menschenrechte.org\/blog\/#organization\"},\"potentialAction\":[{\"@type\":\"SearchAction\",\"target\":{\"@type\":\"EntryPoint\",\"urlTemplate\":\"https:\/\/www.menschenrechte.org\/blog\/?s={search_term_string}\"},\"query-input\":{\"@type\":\"PropertyValueSpecification\",\"valueRequired\":true,\"valueName\":\"search_term_string\"}}],\"inLanguage\":\"de\"},{\"@type\":\"Organization\",\"@id\":\"https:\/\/www.menschenrechte.org\/blog\/#organization\",\"name\":\"N\u00fcrnberger Menschenrechtszentrum\",\"url\":\"https:\/\/www.menschenrechte.org\/blog\/\",\"logo\":{\"@type\":\"ImageObject\",\"inLanguage\":\"de\",\"@id\":\"https:\/\/www.menschenrechte.org\/blog\/#\/schema\/logo\/image\/\",\"url\":\"https:\/\/www.menschenrechte.org\/blog\/wp-content\/uploads\/2020\/02\/NMRZ_jpg-scaled.jpg\",\"contentUrl\":\"https:\/\/www.menschenrechte.org\/blog\/wp-content\/uploads\/2020\/02\/NMRZ_jpg-scaled.jpg\",\"width\":2560,\"height\":345,\"caption\":\"N\u00fcrnberger Menschenrechtszentrum\"},\"image\":{\"@id\":\"https:\/\/www.menschenrechte.org\/blog\/#\/schema\/logo\/image\/\"},\"sameAs\":[\"https:\/\/www.facebook.com\/NuernbergerMenschenrechtszentrum\/?eid=ARAoGFhiOGk5kmEnso1qow5TUUEWiHvB739MeabiJgTeX-H10uOy1x45ym-gISJGHPSkma6NciCJ1mFN\",\"https:\/\/www.instagram.com\/nbg_menschenrechtszentrum\/\"]},{\"@type\":\"Person\",\"@id\":\"https:\/\/www.menschenrechte.org\/blog\/#\/schema\/person\/47c1596a73689fdbe6861973eb29a002\",\"name\":\"Felix Krau\u00df\",\"image\":{\"@type\":\"ImageObject\",\"inLanguage\":\"de\",\"@id\":\"https:\/\/www.menschenrechte.org\/blog\/#\/schema\/person\/image\/8d69cdda7239ce520319cb08f55f5fe7\",\"url\":\"https:\/\/secure.gravatar.com\/avatar\/d51fb7555bfbe2b27f3c1f5fc99d8dcdaa724b3420c7601ccb101298d497289d?s=96&d=mm&r=g\",\"contentUrl\":\"https:\/\/secure.gravatar.com\/avatar\/d51fb7555bfbe2b27f3c1f5fc99d8dcdaa724b3420c7601ccb101298d497289d?s=96&d=mm&r=g\",\"caption\":\"Felix Krau\u00df\"},\"url\":\"https:\/\/www.menschenrechte.org\/blog\/author\/felix\/\"}]}<\/script>\n<!-- \/ Yoast SEO plugin. -->","yoast_head_json":{"title":"JA zur Corona-Tracking App! Aber\u2026 - Menschenrechte - der Blog.","robots":{"index":"index","follow":"follow","max-snippet":"max-snippet:-1","max-image-preview":"max-image-preview:large","max-video-preview":"max-video-preview:-1"},"canonical":"https:\/\/www.menschenrechte.org\/blog\/ja-zur-corona-tracking-app-aber\/","og_locale":"de_DE","og_type":"article","og_title":"JA zur Corona-Tracking App! Aber\u2026 - Menschenrechte - der Blog.","og_description":"Die Debatte um Corona-Tracking Apps wird sehr hitzig gef\u00fchrt. Von manchen werden sie als das Allheilmittel schlechthin angepriesen und leidenschaftlich...","og_url":"https:\/\/www.menschenrechte.org\/blog\/ja-zur-corona-tracking-app-aber\/","og_site_name":"Menschenrechte - der Blog.","article_publisher":"https:\/\/www.facebook.com\/NuernbergerMenschenrechtszentrum\/?eid=ARAoGFhiOGk5kmEnso1qow5TUUEWiHvB739MeabiJgTeX-H10uOy1x45ym-gISJGHPSkma6NciCJ1mFN","article_published_time":"2020-04-08T08:05:00+00:00","article_modified_time":"2020-04-08T18:06:31+00:00","og_image":[{"width":1429,"height":647,"url":"https:\/\/www.menschenrechte.org\/blog\/wp-content\/uploads\/2020\/04\/corona-app-5009502_1920-1.jpg","type":"image\/jpeg"}],"author":"Felix Krau\u00df","twitter_misc":{"Verfasst von":"Felix Krau\u00df","Gesch\u00e4tzte Lesezeit":"10\u00a0Minuten","Written by":"Felix Krau\u00df"},"schema":{"@context":"https:\/\/schema.org","@graph":[{"@type":"Article","@id":"https:\/\/www.menschenrechte.org\/blog\/ja-zur-corona-tracking-app-aber\/#article","isPartOf":{"@id":"https:\/\/www.menschenrechte.org\/blog\/ja-zur-corona-tracking-app-aber\/"},"author":{"name":"Felix Krau\u00df","@id":"https:\/\/www.menschenrechte.org\/blog\/#\/schema\/person\/47c1596a73689fdbe6861973eb29a002"},"headline":"JA zur Corona-Tracking App! Aber\u2026","datePublished":"2020-04-08T08:05:00+00:00","dateModified":"2020-04-08T18:06:31+00:00","mainEntityOfPage":{"@id":"https:\/\/www.menschenrechte.org\/blog\/ja-zur-corona-tracking-app-aber\/"},"wordCount":1922,"commentCount":0,"publisher":{"@id":"https:\/\/www.menschenrechte.org\/blog\/#organization"},"image":{"@id":"https:\/\/www.menschenrechte.org\/blog\/ja-zur-corona-tracking-app-aber\/#primaryimage"},"thumbnailUrl":"https:\/\/www.menschenrechte.org\/blog\/wp-content\/uploads\/2020\/04\/corona-app-5009502_1920-1.jpg","keywords":["Corona","Corona-App","PEPP-PT","Tracking"],"articleSection":["Aktuelles"],"inLanguage":"de","potentialAction":[{"@type":"CommentAction","name":"Comment","target":["https:\/\/www.menschenrechte.org\/blog\/ja-zur-corona-tracking-app-aber\/#respond"]}]},{"@type":"WebPage","@id":"https:\/\/www.menschenrechte.org\/blog\/ja-zur-corona-tracking-app-aber\/","url":"https:\/\/www.menschenrechte.org\/blog\/ja-zur-corona-tracking-app-aber\/","name":"JA zur Corona-Tracking App! Aber\u2026 - Menschenrechte - der Blog.","isPartOf":{"@id":"https:\/\/www.menschenrechte.org\/blog\/#website"},"primaryImageOfPage":{"@id":"https:\/\/www.menschenrechte.org\/blog\/ja-zur-corona-tracking-app-aber\/#primaryimage"},"image":{"@id":"https:\/\/www.menschenrechte.org\/blog\/ja-zur-corona-tracking-app-aber\/#primaryimage"},"thumbnailUrl":"https:\/\/www.menschenrechte.org\/blog\/wp-content\/uploads\/2020\/04\/corona-app-5009502_1920-1.jpg","datePublished":"2020-04-08T08:05:00+00:00","dateModified":"2020-04-08T18:06:31+00:00","breadcrumb":{"@id":"https:\/\/www.menschenrechte.org\/blog\/ja-zur-corona-tracking-app-aber\/#breadcrumb"},"inLanguage":"de","potentialAction":[{"@type":"ReadAction","target":["https:\/\/www.menschenrechte.org\/blog\/ja-zur-corona-tracking-app-aber\/"]}]},{"@type":"ImageObject","inLanguage":"de","@id":"https:\/\/www.menschenrechte.org\/blog\/ja-zur-corona-tracking-app-aber\/#primaryimage","url":"https:\/\/www.menschenrechte.org\/blog\/wp-content\/uploads\/2020\/04\/corona-app-5009502_1920-1.jpg","contentUrl":"https:\/\/www.menschenrechte.org\/blog\/wp-content\/uploads\/2020\/04\/corona-app-5009502_1920-1.jpg","width":1429,"height":647,"caption":"Corona Tracking App mit PEPP-PT"},{"@type":"BreadcrumbList","@id":"https:\/\/www.menschenrechte.org\/blog\/ja-zur-corona-tracking-app-aber\/#breadcrumb","itemListElement":[{"@type":"ListItem","position":1,"name":"Startseite","item":"https:\/\/www.menschenrechte.org\/blog\/"},{"@type":"ListItem","position":2,"name":"JA zur Corona-Tracking App! Aber\u2026"}]},{"@type":"WebSite","@id":"https:\/\/www.menschenrechte.org\/blog\/#website","url":"https:\/\/www.menschenrechte.org\/blog\/","name":"Menschenrechte - der Blog.","description":"N\u00fcrnberger Menschenrechtszentrum","publisher":{"@id":"https:\/\/www.menschenrechte.org\/blog\/#organization"},"potentialAction":[{"@type":"SearchAction","target":{"@type":"EntryPoint","urlTemplate":"https:\/\/www.menschenrechte.org\/blog\/?s={search_term_string}"},"query-input":{"@type":"PropertyValueSpecification","valueRequired":true,"valueName":"search_term_string"}}],"inLanguage":"de"},{"@type":"Organization","@id":"https:\/\/www.menschenrechte.org\/blog\/#organization","name":"N\u00fcrnberger Menschenrechtszentrum","url":"https:\/\/www.menschenrechte.org\/blog\/","logo":{"@type":"ImageObject","inLanguage":"de","@id":"https:\/\/www.menschenrechte.org\/blog\/#\/schema\/logo\/image\/","url":"https:\/\/www.menschenrechte.org\/blog\/wp-content\/uploads\/2020\/02\/NMRZ_jpg-scaled.jpg","contentUrl":"https:\/\/www.menschenrechte.org\/blog\/wp-content\/uploads\/2020\/02\/NMRZ_jpg-scaled.jpg","width":2560,"height":345,"caption":"N\u00fcrnberger Menschenrechtszentrum"},"image":{"@id":"https:\/\/www.menschenrechte.org\/blog\/#\/schema\/logo\/image\/"},"sameAs":["https:\/\/www.facebook.com\/NuernbergerMenschenrechtszentrum\/?eid=ARAoGFhiOGk5kmEnso1qow5TUUEWiHvB739MeabiJgTeX-H10uOy1x45ym-gISJGHPSkma6NciCJ1mFN","https:\/\/www.instagram.com\/nbg_menschenrechtszentrum\/"]},{"@type":"Person","@id":"https:\/\/www.menschenrechte.org\/blog\/#\/schema\/person\/47c1596a73689fdbe6861973eb29a002","name":"Felix Krau\u00df","image":{"@type":"ImageObject","inLanguage":"de","@id":"https:\/\/www.menschenrechte.org\/blog\/#\/schema\/person\/image\/8d69cdda7239ce520319cb08f55f5fe7","url":"https:\/\/secure.gravatar.com\/avatar\/d51fb7555bfbe2b27f3c1f5fc99d8dcdaa724b3420c7601ccb101298d497289d?s=96&d=mm&r=g","contentUrl":"https:\/\/secure.gravatar.com\/avatar\/d51fb7555bfbe2b27f3c1f5fc99d8dcdaa724b3420c7601ccb101298d497289d?s=96&d=mm&r=g","caption":"Felix Krau\u00df"},"url":"https:\/\/www.menschenrechte.org\/blog\/author\/felix\/"}]}},"_links":{"self":[{"href":"https:\/\/www.menschenrechte.org\/blog\/wp-json\/wp\/v2\/posts\/382","targetHints":{"allow":["GET"]}}],"collection":[{"href":"https:\/\/www.menschenrechte.org\/blog\/wp-json\/wp\/v2\/posts"}],"about":[{"href":"https:\/\/www.menschenrechte.org\/blog\/wp-json\/wp\/v2\/types\/post"}],"author":[{"embeddable":true,"href":"https:\/\/www.menschenrechte.org\/blog\/wp-json\/wp\/v2\/users\/2"}],"replies":[{"embeddable":true,"href":"https:\/\/www.menschenrechte.org\/blog\/wp-json\/wp\/v2\/comments?post=382"}],"version-history":[{"count":5,"href":"https:\/\/www.menschenrechte.org\/blog\/wp-json\/wp\/v2\/posts\/382\/revisions"}],"predecessor-version":[{"id":397,"href":"https:\/\/www.menschenrechte.org\/blog\/wp-json\/wp\/v2\/posts\/382\/revisions\/397"}],"wp:featuredmedia":[{"embeddable":true,"href":"https:\/\/www.menschenrechte.org\/blog\/wp-json\/wp\/v2\/media\/391"}],"wp:attachment":[{"href":"https:\/\/www.menschenrechte.org\/blog\/wp-json\/wp\/v2\/media?parent=382"}],"wp:term":[{"taxonomy":"category","embeddable":true,"href":"https:\/\/www.menschenrechte.org\/blog\/wp-json\/wp\/v2\/categories?post=382"},{"taxonomy":"post_tag","embeddable":true,"href":"https:\/\/www.menschenrechte.org\/blog\/wp-json\/wp\/v2\/tags?post=382"},{"taxonomy":"author","embeddable":true,"href":"https:\/\/www.menschenrechte.org\/blog\/wp-json\/wp\/v2\/coauthors?post=382"}],"curies":[{"name":"wp","href":"https:\/\/api.w.org\/{rel}","templated":true}]}}