{"id":405,"date":"2020-04-19T19:42:37","date_gmt":"2020-04-19T17:42:37","guid":{"rendered":"https:\/\/www.menschenrechte.org\/blog\/?p=405"},"modified":"2020-04-19T19:42:40","modified_gmt":"2020-04-19T17:42:40","slug":"wirbleibenzuhause-als-privileg","status":"publish","type":"post","link":"https:\/\/www.menschenrechte.org\/blog\/wirbleibenzuhause-als-privileg\/","title":{"rendered":"#WirBleibenZuhause als Privileg"},"content":{"rendered":"\n<p>Unsere Facebook-Timelines der letzten Wochen sind voll davon: Sonnenunterg\u00e4nge hinter dem Balkon, gem\u00fctliche Fernsehabende mit Pizza und Streaming-Dienst, Kinder im heimischen Garten \u2013 erlaubt ist, was alleine stattfindet. Wir sind im Zuge der Coronavirus-Pandemie aufgerufen, zu Hause bzw. nur unter Menschen desselben Haushalts zu bleiben, soziale Kontakte und \u00f6ffentliche Orte zu meiden. Das klingt gut und logisch, auch wenn man einschr\u00e4nkende Ma\u00dfnahmen nat\u00fcrlich <a href=\"https:\/\/www.menschenrechte.org\/blog\/ja-zur-corona-tracking-app-aber\/\">aus verschiedenen Blickwinkeln beleuchten<\/a> muss. <\/p>\n\n\n\n<h2 class=\"wp-block-heading\">#CoronaBoredom?<\/h2>\n\n\n\n<p>Viele von uns k\u00e4mpfen mit dem neuen Alltag, in dem vielleicht mehrere Kleinkinder pl\u00f6tzlich dauerhaft zu Hause betreut werden m\u00fcssen, oder die Pflegekraft f\u00fcr \u00e4ltere Angeh\u00f6rige fehlt. Oder auch aufgrund von drohendem Kurzarbeitsgehalt oder sogar Jobverlust. Anderen ist \u2013 wie man ebenfalls den sozialen Netzwerken zu Gen\u00fcge entnehmen kann \u2013 schon todlangweilig, weil kein Fitnessstudio zur Verf\u00fcgung steht oder die Grillparty ausfallen muss (#CoronaBoredom). <\/p>\n\n\n\n<figure class=\"wp-block-image size-large\"><img loading=\"lazy\" decoding=\"async\" width=\"1024\" height=\"683\" src=\"https:\/\/www.menschenrechte.org\/blog\/wp-content\/uploads\/2020\/04\/man-1156543_1920-1024x683.jpg\" alt=\"\" class=\"wp-image-409\" srcset=\"https:\/\/www.menschenrechte.org\/blog\/wp-content\/uploads\/2020\/04\/man-1156543_1920-1024x683.jpg 1024w, https:\/\/www.menschenrechte.org\/blog\/wp-content\/uploads\/2020\/04\/man-1156543_1920-300x200.jpg 300w, https:\/\/www.menschenrechte.org\/blog\/wp-content\/uploads\/2020\/04\/man-1156543_1920-768x512.jpg 768w, https:\/\/www.menschenrechte.org\/blog\/wp-content\/uploads\/2020\/04\/man-1156543_1920-1536x1025.jpg 1536w, https:\/\/www.menschenrechte.org\/blog\/wp-content\/uploads\/2020\/04\/man-1156543_1920-640x427.jpg 640w, https:\/\/www.menschenrechte.org\/blog\/wp-content\/uploads\/2020\/04\/man-1156543_1920-1040x694.jpg 1040w, https:\/\/www.menschenrechte.org\/blog\/wp-content\/uploads\/2020\/04\/man-1156543_1920-1320x881.jpg 1320w, https:\/\/www.menschenrechte.org\/blog\/wp-content\/uploads\/2020\/04\/man-1156543_1920.jpg 1920w\" sizes=\"auto, (max-width: 1024px) 100vw, 1024px\" \/><\/figure>\n\n\n\n<p>Und wo wir schon bei Hashtags sind: Quasi als Zeichen gesellschaftlicher Solidarit\u00e4t quellen Twitter und Co. \u00fcber mit<strong> #WirBleibenZuHause<\/strong>, <strong>#SocialDistancing<\/strong> und Co. Die Nutzer:innen signalisieren damit, die Pandemie ernst zu nehmen und sich \u2013 sofern m\u00f6glich \u2013 von ihren Mitmenschen fernzuhalten. Das bringt Entbehrungen mit sich. Gerade viele \u00e4ltere Menschen leiden in dieser Situation unter verst\u00e4rkter <a href=\"https:\/\/www.br.de\/nachrichten\/bayern\/corona-einsamkeit-besuchsdienst-telefoniert-mit-senioren,RuguFwU\">Einsamkeit<\/a> und der notwendigen Abschottung von der eigenen Familie. Auch <a href=\"https:\/\/www.deutsche-depressionshilfe.de\/corona\">Menschen mit Depressionen<\/a> oder anderen Erkrankungen haben auf besondere Weise mit dem Krisenmodus zu k\u00e4mpfen. Und wer h\u00e4tte die sch\u00f6nen Fr\u00fchlingstage nicht einfach gerne mit Freund:innen im Wanderurlaub verbracht oder an jedem warmen Tag mit den Kindern die Eisdiele aufgesucht? <\/p>\n\n\n\n<p><strong>Gleichzeitig m\u00fcssen wir jedoch feststellen: sich \u00fcberhaupt \u201esozial distanzieren\u201c zu k\u00f6nnen, ist ein Privileg, das sehr vielen Menschen \u2013 in Deutschland und weltweit \u2013 nicht zuteilwird.<\/strong> Ihnen stehen weder die r\u00e4umlichen M\u00f6glichkeiten noch die finanziellen Mittel zur Verf\u00fcgung, sich zu distanzieren. <\/p>\n\n\n\n<h2 class=\"wp-block-heading\">Welches Zuhause?<\/h2>\n\n\n\n<p>Wer zum Beispiel unter prek\u00e4ren Wohnverh\u00e4ltnissen lebt, sich Zimmer, K\u00fcchen oder Toiletten mit anderen teilen muss, ist einer wesentlich h\u00f6heren Ansteckungsgefahr ausgesetzt. H\u00e4ufig ist es schlichtweg nicht m\u00f6glich, zu anderen gen\u00fcgend Abstand zu halten oder Fl\u00e4chen und Gegenst\u00e4nde so oft wie n\u00f6tig zu desinfizieren. Das betrifft etwa <a href=\"https:\/\/www.tagesschau.de\/inland\/coronavirus-obdachlose-109.html\">obdachlose Menschen<\/a> und <a href=\"https:\/\/www.zeit.de\/gesellschaft\/zeitgeschehen\/2020-03\/fluechtlingsunterkuenfte-coronavirus-ansteckung-fluechtlinge-quarantaene-social-distancing-gefluechtete\">Gefl\u00fcchtete<\/a> in Sammelunterk\u00fcnften, und Andere, die unter solch beengten Verh\u00e4ltnissen leben. Aber auch Obdachlose, die auf der Stra\u00dfe schlafen und sich zum Selbstschutz oft nicht v\u00f6llig alleine an einem Ort niederlassen.<\/p>\n\n\n\n<figure class=\"wp-block-image size-large\"><img loading=\"lazy\" decoding=\"async\" width=\"1024\" height=\"683\" src=\"https:\/\/www.menschenrechte.org\/blog\/wp-content\/uploads\/2020\/04\/homeless-2090507_1920-1024x683.jpg\" alt=\"\" class=\"wp-image-410\" srcset=\"https:\/\/www.menschenrechte.org\/blog\/wp-content\/uploads\/2020\/04\/homeless-2090507_1920-1024x683.jpg 1024w, https:\/\/www.menschenrechte.org\/blog\/wp-content\/uploads\/2020\/04\/homeless-2090507_1920-300x200.jpg 300w, https:\/\/www.menschenrechte.org\/blog\/wp-content\/uploads\/2020\/04\/homeless-2090507_1920-768x512.jpg 768w, https:\/\/www.menschenrechte.org\/blog\/wp-content\/uploads\/2020\/04\/homeless-2090507_1920-1536x1024.jpg 1536w, https:\/\/www.menschenrechte.org\/blog\/wp-content\/uploads\/2020\/04\/homeless-2090507_1920-640x427.jpg 640w, https:\/\/www.menschenrechte.org\/blog\/wp-content\/uploads\/2020\/04\/homeless-2090507_1920-1040x693.jpg 1040w, https:\/\/www.menschenrechte.org\/blog\/wp-content\/uploads\/2020\/04\/homeless-2090507_1920-1320x880.jpg 1320w, https:\/\/www.menschenrechte.org\/blog\/wp-content\/uploads\/2020\/04\/homeless-2090507_1920.jpg 1920w\" sizes=\"auto, (max-width: 1024px) 100vw, 1024px\" \/><\/figure>\n\n\n\n<p>Wer aufgrund von finanzieller Not nur wenig Wohnraum\nzur Verf\u00fcgung hat, dem fehlt es h\u00e4ufig auch an den n\u00f6tigen Mitteln, um andere Schutzma\u00dfnahmen\neinzuhalten. Wir sind aufgerufen, so selten wie m\u00f6glich einkaufen zu gehen.\nDoch wie macht man das, wenn man Geld etwa nur im Wochenrhythmus zur Verf\u00fcgung\nhat? Oder wenn es in einer kleinen Wohneinheit bei einer Familie mit mehreren\nKindern und anderen Angeh\u00f6rigen schlichtweg an Lagerm\u00f6glichkeiten f\u00fcr\nLebensmittel fehlt?<\/p>\n\n\n\n<h2 class=\"wp-block-heading\">Home Office?<\/h2>\n\n\n\n<p>Arbeiter:innen, die sich als <a href=\"https:\/\/www.migazin.de\/2020\/04\/03\/verzweifelte-tageloehner-corona-hausarrest-milliarden\/\">Tagel\u00f6hner:innen<\/a>\noder mit anderen Gelegenheitsberufen \u00fcber Wasser halten, k\u00f6nnen sich beim\nWegfall ihrer Arbeit oft auf keine Ersparnisse verlassen. In Deutschland fallen\nso gerade die Menschen durchs Netz, die ihre Arbeit z.B. aufgrund von Angst vor\nAbschiebung nicht anmelden konnten. Und auch in vielen anderen L\u00e4ndern wissen\nMillionen Menschen nicht, wie sie einen Monat oder gar eine Woche ohne Arbeit\n\u00fcber die Runden kommen sollen. Bietet sich dann eine Jobgelegenheit, haben\ndiese Menschen nicht das Privileg, zum Wohle der eigenen Gesundheit abzusagen. <\/p>\n\n\n\n<p>Ebenfalls nicht einfach der Arbeit fernbleiben k\u00f6nnen unz\u00e4hlige Menschen in <a href=\"https:\/\/www.zeit.de\/wirtschaft\/2020-03\/pflegekraefte-systemrelevante-berufe-unterbezahlung-corona-krise-ungerechtigkeit\">sozialen Berufen, in der Pflege, in Krankenh\u00e4usern<\/a>, aber auch in Superm\u00e4rkten oder Reinigungsunternehmen. Hoffen wir, dass sich Gesellschaft und Politik auch <a href=\"https:\/\/www.menschenrechte.org\/blog\/schoene-neue-welt\/\">nach Corona<\/a> daran erinnern, was sie leisten. <\/p>\n\n\n\n<figure class=\"wp-block-image size-large\"><img loading=\"lazy\" decoding=\"async\" width=\"1024\" height=\"678\" src=\"https:\/\/www.menschenrechte.org\/blog\/wp-content\/uploads\/2020\/04\/passengers-1150043_1920-1024x678.jpg\" alt=\"\" class=\"wp-image-411\" srcset=\"https:\/\/www.menschenrechte.org\/blog\/wp-content\/uploads\/2020\/04\/passengers-1150043_1920-1024x678.jpg 1024w, https:\/\/www.menschenrechte.org\/blog\/wp-content\/uploads\/2020\/04\/passengers-1150043_1920-300x199.jpg 300w, https:\/\/www.menschenrechte.org\/blog\/wp-content\/uploads\/2020\/04\/passengers-1150043_1920-768x509.jpg 768w, https:\/\/www.menschenrechte.org\/blog\/wp-content\/uploads\/2020\/04\/passengers-1150043_1920-1536x1018.jpg 1536w, https:\/\/www.menschenrechte.org\/blog\/wp-content\/uploads\/2020\/04\/passengers-1150043_1920-640x424.jpg 640w, https:\/\/www.menschenrechte.org\/blog\/wp-content\/uploads\/2020\/04\/passengers-1150043_1920-1040x689.jpg 1040w, https:\/\/www.menschenrechte.org\/blog\/wp-content\/uploads\/2020\/04\/passengers-1150043_1920-1320x875.jpg 1320w, https:\/\/www.menschenrechte.org\/blog\/wp-content\/uploads\/2020\/04\/passengers-1150043_1920.jpg 1920w\" sizes=\"auto, (max-width: 1024px) 100vw, 1024px\" \/><\/figure>\n\n\n\n<p><strong>Distanz wahren zu k\u00f6nnen, ist ein Privileg.<\/strong> <em>\u201eHome Office\u201c<\/em> mag vielen gerade wie ein Fluch erscheinen und verbunden sein mit Alltagsproblemen und \u00c4ngsten; zugleich bleibt der Gedanke daran f\u00fcr unz\u00e4hlige Menschen nichts als ein weitentfernter Traum. Das m\u00fcssen wir bedenken, wenn wir \u2013 national und international \u2013 \u00fcber Ma\u00dfnahmen und Forderungen sprechen.<\/p>\n","protected":false},"excerpt":{"rendered":"<p>Unsere Facebook-Timelines der letzten Wochen sind voll davon: Sonnenunterg\u00e4nge hinter dem Balkon, gem\u00fctliche Fernsehabende mit Pizza und Streaming-Dienst, Kinder im&#8230;<\/p>\n","protected":false},"author":9,"featured_media":414,"comment_status":"open","ping_status":"open","sticky":false,"template":"","format":"standard","meta":{"footnotes":""},"categories":[15,1],"tags":[32,53,52,51],"coauthors":[30],"class_list":["post-405","post","type-post","status-publish","format-standard","has-post-thumbnail","hentry","category-aktuelles","category-allgemein","tag-corona","tag-privileg","tag-stayathome","tag-wirbleibenzuhase","post-archive"],"yoast_head":"<!-- This site is optimized with the Yoast SEO plugin v26.5 - https:\/\/yoast.com\/wordpress\/plugins\/seo\/ -->\n<title>#WirBleibenZuhause als Privileg - Menschenrechte - der Blog.<\/title>\n<meta name=\"robots\" content=\"index, follow, max-snippet:-1, max-image-preview:large, max-video-preview:-1\" \/>\n<link rel=\"canonical\" href=\"https:\/\/www.menschenrechte.org\/blog\/wirbleibenzuhause-als-privileg\/\" \/>\n<meta property=\"og:locale\" content=\"de_DE\" \/>\n<meta property=\"og:type\" content=\"article\" \/>\n<meta property=\"og:title\" content=\"#WirBleibenZuhause als Privileg - Menschenrechte - der Blog.\" \/>\n<meta property=\"og:description\" content=\"Unsere Facebook-Timelines der letzten Wochen sind voll davon: Sonnenunterg\u00e4nge hinter dem Balkon, gem\u00fctliche Fernsehabende mit Pizza und Streaming-Dienst, Kinder im...\" \/>\n<meta property=\"og:url\" content=\"https:\/\/www.menschenrechte.org\/blog\/wirbleibenzuhause-als-privileg\/\" \/>\n<meta property=\"og:site_name\" content=\"Menschenrechte - der Blog.\" \/>\n<meta property=\"article:publisher\" content=\"https:\/\/www.facebook.com\/NuernbergerMenschenrechtszentrum\/?eid=ARAoGFhiOGk5kmEnso1qow5TUUEWiHvB739MeabiJgTeX-H10uOy1x45ym-gISJGHPSkma6NciCJ1mFN\" \/>\n<meta property=\"article:published_time\" content=\"2020-04-19T17:42:37+00:00\" \/>\n<meta property=\"article:modified_time\" content=\"2020-04-19T17:42:40+00:00\" \/>\n<meta property=\"og:image\" content=\"https:\/\/www.menschenrechte.org\/blog\/wp-content\/uploads\/2020\/04\/WirBleibenZuhause2.png\" \/>\n\t<meta property=\"og:image:width\" content=\"494\" \/>\n\t<meta property=\"og:image:height\" content=\"199\" \/>\n\t<meta property=\"og:image:type\" content=\"image\/png\" \/>\n<meta name=\"author\" content=\"Nadja Kutscher\" \/>\n<meta name=\"twitter:label1\" content=\"Verfasst von\" \/>\n\t<meta name=\"twitter:data1\" content=\"Nadja Kutscher\" \/>\n\t<meta name=\"twitter:label2\" content=\"Gesch\u00e4tzte Lesezeit\" \/>\n\t<meta name=\"twitter:data2\" content=\"3\u00a0Minuten\" \/>\n\t<meta name=\"twitter:label3\" content=\"Written by\" \/>\n\t<meta name=\"twitter:data3\" content=\"Nadja Kutscher\" \/>\n<script type=\"application\/ld+json\" class=\"yoast-schema-graph\">{\"@context\":\"https:\/\/schema.org\",\"@graph\":[{\"@type\":\"Article\",\"@id\":\"https:\/\/www.menschenrechte.org\/blog\/wirbleibenzuhause-als-privileg\/#article\",\"isPartOf\":{\"@id\":\"https:\/\/www.menschenrechte.org\/blog\/wirbleibenzuhause-als-privileg\/\"},\"author\":{\"name\":\"Nadja Kutscher\",\"@id\":\"https:\/\/www.menschenrechte.org\/blog\/#\/schema\/person\/46118df6017d51860d04209352a7382f\"},\"headline\":\"#WirBleibenZuhause als Privileg\",\"datePublished\":\"2020-04-19T17:42:37+00:00\",\"dateModified\":\"2020-04-19T17:42:40+00:00\",\"mainEntityOfPage\":{\"@id\":\"https:\/\/www.menschenrechte.org\/blog\/wirbleibenzuhause-als-privileg\/\"},\"wordCount\":671,\"commentCount\":0,\"publisher\":{\"@id\":\"https:\/\/www.menschenrechte.org\/blog\/#organization\"},\"image\":{\"@id\":\"https:\/\/www.menschenrechte.org\/blog\/wirbleibenzuhause-als-privileg\/#primaryimage\"},\"thumbnailUrl\":\"https:\/\/www.menschenrechte.org\/blog\/wp-content\/uploads\/2020\/04\/WirBleibenZuhause2.png\",\"keywords\":[\"Corona\",\"Privileg\",\"Stayathome\",\"WirBleibenZuhase\"],\"articleSection\":[\"Aktuelles\"],\"inLanguage\":\"de\",\"potentialAction\":[{\"@type\":\"CommentAction\",\"name\":\"Comment\",\"target\":[\"https:\/\/www.menschenrechte.org\/blog\/wirbleibenzuhause-als-privileg\/#respond\"]}]},{\"@type\":\"WebPage\",\"@id\":\"https:\/\/www.menschenrechte.org\/blog\/wirbleibenzuhause-als-privileg\/\",\"url\":\"https:\/\/www.menschenrechte.org\/blog\/wirbleibenzuhause-als-privileg\/\",\"name\":\"#WirBleibenZuhause als Privileg - Menschenrechte - der Blog.\",\"isPartOf\":{\"@id\":\"https:\/\/www.menschenrechte.org\/blog\/#website\"},\"primaryImageOfPage\":{\"@id\":\"https:\/\/www.menschenrechte.org\/blog\/wirbleibenzuhause-als-privileg\/#primaryimage\"},\"image\":{\"@id\":\"https:\/\/www.menschenrechte.org\/blog\/wirbleibenzuhause-als-privileg\/#primaryimage\"},\"thumbnailUrl\":\"https:\/\/www.menschenrechte.org\/blog\/wp-content\/uploads\/2020\/04\/WirBleibenZuhause2.png\",\"datePublished\":\"2020-04-19T17:42:37+00:00\",\"dateModified\":\"2020-04-19T17:42:40+00:00\",\"breadcrumb\":{\"@id\":\"https:\/\/www.menschenrechte.org\/blog\/wirbleibenzuhause-als-privileg\/#breadcrumb\"},\"inLanguage\":\"de\",\"potentialAction\":[{\"@type\":\"ReadAction\",\"target\":[\"https:\/\/www.menschenrechte.org\/blog\/wirbleibenzuhause-als-privileg\/\"]}]},{\"@type\":\"ImageObject\",\"inLanguage\":\"de\",\"@id\":\"https:\/\/www.menschenrechte.org\/blog\/wirbleibenzuhause-als-privileg\/#primaryimage\",\"url\":\"https:\/\/www.menschenrechte.org\/blog\/wp-content\/uploads\/2020\/04\/WirBleibenZuhause2.png\",\"contentUrl\":\"https:\/\/www.menschenrechte.org\/blog\/wp-content\/uploads\/2020\/04\/WirBleibenZuhause2.png\",\"width\":494,\"height\":199},{\"@type\":\"BreadcrumbList\",\"@id\":\"https:\/\/www.menschenrechte.org\/blog\/wirbleibenzuhause-als-privileg\/#breadcrumb\",\"itemListElement\":[{\"@type\":\"ListItem\",\"position\":1,\"name\":\"Startseite\",\"item\":\"https:\/\/www.menschenrechte.org\/blog\/\"},{\"@type\":\"ListItem\",\"position\":2,\"name\":\"#WirBleibenZuhause als Privileg\"}]},{\"@type\":\"WebSite\",\"@id\":\"https:\/\/www.menschenrechte.org\/blog\/#website\",\"url\":\"https:\/\/www.menschenrechte.org\/blog\/\",\"name\":\"Menschenrechte - der Blog.\",\"description\":\"N\u00fcrnberger Menschenrechtszentrum\",\"publisher\":{\"@id\":\"https:\/\/www.menschenrechte.org\/blog\/#organization\"},\"potentialAction\":[{\"@type\":\"SearchAction\",\"target\":{\"@type\":\"EntryPoint\",\"urlTemplate\":\"https:\/\/www.menschenrechte.org\/blog\/?s={search_term_string}\"},\"query-input\":{\"@type\":\"PropertyValueSpecification\",\"valueRequired\":true,\"valueName\":\"search_term_string\"}}],\"inLanguage\":\"de\"},{\"@type\":\"Organization\",\"@id\":\"https:\/\/www.menschenrechte.org\/blog\/#organization\",\"name\":\"N\u00fcrnberger Menschenrechtszentrum\",\"url\":\"https:\/\/www.menschenrechte.org\/blog\/\",\"logo\":{\"@type\":\"ImageObject\",\"inLanguage\":\"de\",\"@id\":\"https:\/\/www.menschenrechte.org\/blog\/#\/schema\/logo\/image\/\",\"url\":\"https:\/\/www.menschenrechte.org\/blog\/wp-content\/uploads\/2020\/02\/NMRZ_jpg-scaled.jpg\",\"contentUrl\":\"https:\/\/www.menschenrechte.org\/blog\/wp-content\/uploads\/2020\/02\/NMRZ_jpg-scaled.jpg\",\"width\":2560,\"height\":345,\"caption\":\"N\u00fcrnberger Menschenrechtszentrum\"},\"image\":{\"@id\":\"https:\/\/www.menschenrechte.org\/blog\/#\/schema\/logo\/image\/\"},\"sameAs\":[\"https:\/\/www.facebook.com\/NuernbergerMenschenrechtszentrum\/?eid=ARAoGFhiOGk5kmEnso1qow5TUUEWiHvB739MeabiJgTeX-H10uOy1x45ym-gISJGHPSkma6NciCJ1mFN\",\"https:\/\/www.instagram.com\/nbg_menschenrechtszentrum\/\"]},{\"@type\":\"Person\",\"@id\":\"https:\/\/www.menschenrechte.org\/blog\/#\/schema\/person\/46118df6017d51860d04209352a7382f\",\"name\":\"Nadja Kutscher\",\"image\":{\"@type\":\"ImageObject\",\"inLanguage\":\"de\",\"@id\":\"https:\/\/www.menschenrechte.org\/blog\/#\/schema\/person\/image\/9df4b28396dcc73606fa352350c8bd45\",\"url\":\"https:\/\/secure.gravatar.com\/avatar\/25f1e7ec70b3e2289b41af242971795f90412a1299c43f3fc4160eb35115b5f2?s=96&d=mm&r=g\",\"contentUrl\":\"https:\/\/secure.gravatar.com\/avatar\/25f1e7ec70b3e2289b41af242971795f90412a1299c43f3fc4160eb35115b5f2?s=96&d=mm&r=g\",\"caption\":\"Nadja Kutscher\"},\"description\":\"Nadja ist Politikwissenschaftlerin und \u00dcbersetzerin. Sie ist Mitglied des N\u00fcrnberger Menschenrechtszentrums und arbeitet zu den Themenbereichen Gender, Sexismus, Rechtsextremismus und Rassismus.\",\"sameAs\":[\"http:\/\/www.kutscher-uebersetzungen.de\"],\"url\":\"https:\/\/www.menschenrechte.org\/blog\/author\/nadja\/\"}]}<\/script>\n<!-- \/ Yoast SEO plugin. -->","yoast_head_json":{"title":"#WirBleibenZuhause als Privileg - Menschenrechte - der Blog.","robots":{"index":"index","follow":"follow","max-snippet":"max-snippet:-1","max-image-preview":"max-image-preview:large","max-video-preview":"max-video-preview:-1"},"canonical":"https:\/\/www.menschenrechte.org\/blog\/wirbleibenzuhause-als-privileg\/","og_locale":"de_DE","og_type":"article","og_title":"#WirBleibenZuhause als Privileg - Menschenrechte - der Blog.","og_description":"Unsere Facebook-Timelines der letzten Wochen sind voll davon: Sonnenunterg\u00e4nge hinter dem Balkon, gem\u00fctliche Fernsehabende mit Pizza und Streaming-Dienst, Kinder im...","og_url":"https:\/\/www.menschenrechte.org\/blog\/wirbleibenzuhause-als-privileg\/","og_site_name":"Menschenrechte - der Blog.","article_publisher":"https:\/\/www.facebook.com\/NuernbergerMenschenrechtszentrum\/?eid=ARAoGFhiOGk5kmEnso1qow5TUUEWiHvB739MeabiJgTeX-H10uOy1x45ym-gISJGHPSkma6NciCJ1mFN","article_published_time":"2020-04-19T17:42:37+00:00","article_modified_time":"2020-04-19T17:42:40+00:00","og_image":[{"width":494,"height":199,"url":"https:\/\/www.menschenrechte.org\/blog\/wp-content\/uploads\/2020\/04\/WirBleibenZuhause2.png","type":"image\/png"}],"author":"Nadja Kutscher","twitter_misc":{"Verfasst von":"Nadja Kutscher","Gesch\u00e4tzte Lesezeit":"3\u00a0Minuten","Written by":"Nadja Kutscher"},"schema":{"@context":"https:\/\/schema.org","@graph":[{"@type":"Article","@id":"https:\/\/www.menschenrechte.org\/blog\/wirbleibenzuhause-als-privileg\/#article","isPartOf":{"@id":"https:\/\/www.menschenrechte.org\/blog\/wirbleibenzuhause-als-privileg\/"},"author":{"name":"Nadja Kutscher","@id":"https:\/\/www.menschenrechte.org\/blog\/#\/schema\/person\/46118df6017d51860d04209352a7382f"},"headline":"#WirBleibenZuhause als Privileg","datePublished":"2020-04-19T17:42:37+00:00","dateModified":"2020-04-19T17:42:40+00:00","mainEntityOfPage":{"@id":"https:\/\/www.menschenrechte.org\/blog\/wirbleibenzuhause-als-privileg\/"},"wordCount":671,"commentCount":0,"publisher":{"@id":"https:\/\/www.menschenrechte.org\/blog\/#organization"},"image":{"@id":"https:\/\/www.menschenrechte.org\/blog\/wirbleibenzuhause-als-privileg\/#primaryimage"},"thumbnailUrl":"https:\/\/www.menschenrechte.org\/blog\/wp-content\/uploads\/2020\/04\/WirBleibenZuhause2.png","keywords":["Corona","Privileg","Stayathome","WirBleibenZuhase"],"articleSection":["Aktuelles"],"inLanguage":"de","potentialAction":[{"@type":"CommentAction","name":"Comment","target":["https:\/\/www.menschenrechte.org\/blog\/wirbleibenzuhause-als-privileg\/#respond"]}]},{"@type":"WebPage","@id":"https:\/\/www.menschenrechte.org\/blog\/wirbleibenzuhause-als-privileg\/","url":"https:\/\/www.menschenrechte.org\/blog\/wirbleibenzuhause-als-privileg\/","name":"#WirBleibenZuhause als Privileg - Menschenrechte - der Blog.","isPartOf":{"@id":"https:\/\/www.menschenrechte.org\/blog\/#website"},"primaryImageOfPage":{"@id":"https:\/\/www.menschenrechte.org\/blog\/wirbleibenzuhause-als-privileg\/#primaryimage"},"image":{"@id":"https:\/\/www.menschenrechte.org\/blog\/wirbleibenzuhause-als-privileg\/#primaryimage"},"thumbnailUrl":"https:\/\/www.menschenrechte.org\/blog\/wp-content\/uploads\/2020\/04\/WirBleibenZuhause2.png","datePublished":"2020-04-19T17:42:37+00:00","dateModified":"2020-04-19T17:42:40+00:00","breadcrumb":{"@id":"https:\/\/www.menschenrechte.org\/blog\/wirbleibenzuhause-als-privileg\/#breadcrumb"},"inLanguage":"de","potentialAction":[{"@type":"ReadAction","target":["https:\/\/www.menschenrechte.org\/blog\/wirbleibenzuhause-als-privileg\/"]}]},{"@type":"ImageObject","inLanguage":"de","@id":"https:\/\/www.menschenrechte.org\/blog\/wirbleibenzuhause-als-privileg\/#primaryimage","url":"https:\/\/www.menschenrechte.org\/blog\/wp-content\/uploads\/2020\/04\/WirBleibenZuhause2.png","contentUrl":"https:\/\/www.menschenrechte.org\/blog\/wp-content\/uploads\/2020\/04\/WirBleibenZuhause2.png","width":494,"height":199},{"@type":"BreadcrumbList","@id":"https:\/\/www.menschenrechte.org\/blog\/wirbleibenzuhause-als-privileg\/#breadcrumb","itemListElement":[{"@type":"ListItem","position":1,"name":"Startseite","item":"https:\/\/www.menschenrechte.org\/blog\/"},{"@type":"ListItem","position":2,"name":"#WirBleibenZuhause als Privileg"}]},{"@type":"WebSite","@id":"https:\/\/www.menschenrechte.org\/blog\/#website","url":"https:\/\/www.menschenrechte.org\/blog\/","name":"Menschenrechte - der Blog.","description":"N\u00fcrnberger Menschenrechtszentrum","publisher":{"@id":"https:\/\/www.menschenrechte.org\/blog\/#organization"},"potentialAction":[{"@type":"SearchAction","target":{"@type":"EntryPoint","urlTemplate":"https:\/\/www.menschenrechte.org\/blog\/?s={search_term_string}"},"query-input":{"@type":"PropertyValueSpecification","valueRequired":true,"valueName":"search_term_string"}}],"inLanguage":"de"},{"@type":"Organization","@id":"https:\/\/www.menschenrechte.org\/blog\/#organization","name":"N\u00fcrnberger Menschenrechtszentrum","url":"https:\/\/www.menschenrechte.org\/blog\/","logo":{"@type":"ImageObject","inLanguage":"de","@id":"https:\/\/www.menschenrechte.org\/blog\/#\/schema\/logo\/image\/","url":"https:\/\/www.menschenrechte.org\/blog\/wp-content\/uploads\/2020\/02\/NMRZ_jpg-scaled.jpg","contentUrl":"https:\/\/www.menschenrechte.org\/blog\/wp-content\/uploads\/2020\/02\/NMRZ_jpg-scaled.jpg","width":2560,"height":345,"caption":"N\u00fcrnberger Menschenrechtszentrum"},"image":{"@id":"https:\/\/www.menschenrechte.org\/blog\/#\/schema\/logo\/image\/"},"sameAs":["https:\/\/www.facebook.com\/NuernbergerMenschenrechtszentrum\/?eid=ARAoGFhiOGk5kmEnso1qow5TUUEWiHvB739MeabiJgTeX-H10uOy1x45ym-gISJGHPSkma6NciCJ1mFN","https:\/\/www.instagram.com\/nbg_menschenrechtszentrum\/"]},{"@type":"Person","@id":"https:\/\/www.menschenrechte.org\/blog\/#\/schema\/person\/46118df6017d51860d04209352a7382f","name":"Nadja Kutscher","image":{"@type":"ImageObject","inLanguage":"de","@id":"https:\/\/www.menschenrechte.org\/blog\/#\/schema\/person\/image\/9df4b28396dcc73606fa352350c8bd45","url":"https:\/\/secure.gravatar.com\/avatar\/25f1e7ec70b3e2289b41af242971795f90412a1299c43f3fc4160eb35115b5f2?s=96&d=mm&r=g","contentUrl":"https:\/\/secure.gravatar.com\/avatar\/25f1e7ec70b3e2289b41af242971795f90412a1299c43f3fc4160eb35115b5f2?s=96&d=mm&r=g","caption":"Nadja Kutscher"},"description":"Nadja ist Politikwissenschaftlerin und \u00dcbersetzerin. Sie ist Mitglied des N\u00fcrnberger Menschenrechtszentrums und arbeitet zu den Themenbereichen Gender, Sexismus, Rechtsextremismus und Rassismus.","sameAs":["http:\/\/www.kutscher-uebersetzungen.de"],"url":"https:\/\/www.menschenrechte.org\/blog\/author\/nadja\/"}]}},"_links":{"self":[{"href":"https:\/\/www.menschenrechte.org\/blog\/wp-json\/wp\/v2\/posts\/405","targetHints":{"allow":["GET"]}}],"collection":[{"href":"https:\/\/www.menschenrechte.org\/blog\/wp-json\/wp\/v2\/posts"}],"about":[{"href":"https:\/\/www.menschenrechte.org\/blog\/wp-json\/wp\/v2\/types\/post"}],"author":[{"embeddable":true,"href":"https:\/\/www.menschenrechte.org\/blog\/wp-json\/wp\/v2\/users\/9"}],"replies":[{"embeddable":true,"href":"https:\/\/www.menschenrechte.org\/blog\/wp-json\/wp\/v2\/comments?post=405"}],"version-history":[{"count":1,"href":"https:\/\/www.menschenrechte.org\/blog\/wp-json\/wp\/v2\/posts\/405\/revisions"}],"predecessor-version":[{"id":413,"href":"https:\/\/www.menschenrechte.org\/blog\/wp-json\/wp\/v2\/posts\/405\/revisions\/413"}],"wp:featuredmedia":[{"embeddable":true,"href":"https:\/\/www.menschenrechte.org\/blog\/wp-json\/wp\/v2\/media\/414"}],"wp:attachment":[{"href":"https:\/\/www.menschenrechte.org\/blog\/wp-json\/wp\/v2\/media?parent=405"}],"wp:term":[{"taxonomy":"category","embeddable":true,"href":"https:\/\/www.menschenrechte.org\/blog\/wp-json\/wp\/v2\/categories?post=405"},{"taxonomy":"post_tag","embeddable":true,"href":"https:\/\/www.menschenrechte.org\/blog\/wp-json\/wp\/v2\/tags?post=405"},{"taxonomy":"author","embeddable":true,"href":"https:\/\/www.menschenrechte.org\/blog\/wp-json\/wp\/v2\/coauthors?post=405"}],"curies":[{"name":"wp","href":"https:\/\/api.w.org\/{rel}","templated":true}]}}