{"id":645,"date":"2020-10-12T10:12:33","date_gmt":"2020-10-12T08:12:33","guid":{"rendered":"https:\/\/www.menschenrechte.org\/blog\/?p=645"},"modified":"2020-10-12T10:12:35","modified_gmt":"2020-10-12T08:12:35","slug":"der-dia-de-la-raza","status":"publish","type":"post","link":"https:\/\/www.menschenrechte.org\/blog\/der-dia-de-la-raza\/","title":{"rendered":"Der \u201eD\u00eda de la raza\u201c"},"content":{"rendered":"\n<p><strong>Am 12. Oktober feiert das N\u00fcrnberger Menschenrechtszentrum Geburtstag.<\/strong> Ganz Amerika , und noch einige andere Teile der Welt, feiern den Tag stattdessen in Erinnerung an den 12. Oktober 1492, an dem ein Matrose den Kolumbus mit dem Schrei \u201eLand in Sicht\u201c erschreckte. Zwar wusste schon im 18. Jahrhundert Georg Christoph Lichtenberg: \u201eDer Amerikaner, der den Kolumbus zuerst entdeckte, machte eine b\u00f6se Entdeckung.\u201c Gleichwohl ist der Tag der \u201eEntdeckung Amerikas\u201c von Alaska bis Feuerland ein Feiertag mit einer langen Geschichte. Und mit vielen Namen: In den USA wird er seit 1934 landesweit als <em>Columbus Day<\/em> gefeiert, auf Initiative der fundamentalistisch-katholischen <em>Knights of Columbus<\/em>. <\/p>\n\n\n\n<p>Dieses Jahr allerdings ging es Kolumbus schlecht in den USA. Mindestens drei\u00dfig seiner Statuen wurden gest\u00fcrzt oder entfernt, darunter auch die in den undankbaren St\u00e4dten Columbus (Wisconsin) und Columbia (South Carolina), deren Namenspatron er doch ist. Ob deren Namen auch ge\u00e4ndert werden \u2013 man darf gespannt sein, Diskussionen haben jedenfalls begonnen, ebenso wie in New Yorks Eliteuniversit\u00e4t <em>Columbia University<\/em>.<\/p>\n\n\n\n<p>Weitaus komplizierter d\u00fcrfte eine Namens\u00e4nderung aber z.B. in Kolumbien werden. W\u00e4hrend in den USA das\u00a0Gedenken an Kolumbus immer ein bisschen gebremst war, weil er nun mal f\u00fcr den hispanischen Katholizismus steht, der wei\u00dfen Rassisten dort fast genauso verhasst ist wie Schwarze und Juden, stehen Kolumbus, die \u00fcbrigen <em>Conquistadores<\/em> und \u00fcberhaupt die spanische Kultur im Zentrum der lateinamerikanischen Tradition. Der 12. Oktober ist daher in Lateinamerika mehr als nur ein Kolumbustag: der <em>D\u00eda de la Raza<\/em>, der \u201eTag der Rasse\u201c, oder genauer, nach dem Beschluss der <em>Uni\u00f3n Ibero-Americana<\/em> von 1914, der Tag der <em>Fiesta de la Raza Espa\u00f1ola<\/em>, der \u201eFesttag der spanischen Rasse\u201c.<\/p>\n\n\n\n<p>Wie schon die Rede von einer \u201espanischen Rasse\u201c zeigt \u2013 nicht einmal die Nazis wagten von einer \u201edeutschen Rasse\u201c zu sprechen \u2013 hat <em>raza<\/em> im Spanischen einen ziemlich breiten Bedeutungshorizont, der wenig mit dem biologistischen Rassebegriff gemein hat. So k\u00f6nnen ihn sogar auch indigenistische Gruppen f\u00fcr sich beanspruchen, wie etwa in der ersten H\u00e4lfte des 20. Jahrhunderts der bolivianische Romanschriftsteller Alcides Arguedas, der in seinem Hauptwerk <em>La Raza de bronze<\/em> (La Paz 1919) den Wert der indigenen Bev\u00f6lkerung als \u201ebronzene Rasse\u201c feiern wollte, deren Farbe mit ihrer St\u00e4rke korrespondierte. Umgekehrt entwarf 1925 der mexikanische Philosoph und Politiker Jos\u00e9 Vasconcelos in seinem einflussreichen Buch <em>La Raza C\u00f3smica<\/em> (Die kosmische Rasse) die mexikanische Staatsideologie einer einzigen gro\u00dfen mestizischen Bev\u00f6lkerung. Dank dieser Umdeutung feiert man in Mexiko auch bis heute am 12. Oktober den <em>D\u00eda de la Raza<\/em>.<\/p>\n\n\n\n<div class=\"wp-block-image\"><figure class=\"aligncenter size-large\"><img loading=\"lazy\" decoding=\"async\" width=\"599\" height=\"899\" src=\"https:\/\/www.menschenrechte.org\/blog\/wp-content\/uploads\/2020\/10\/Biblioteca_del_Senado_de_la_Provincia_-_52_-_Por_una_raza_fuerte_laboriosa_pacifista_y_soberana.jpg\" alt=\"\" class=\"wp-image-646\" srcset=\"https:\/\/www.menschenrechte.org\/blog\/wp-content\/uploads\/2020\/10\/Biblioteca_del_Senado_de_la_Provincia_-_52_-_Por_una_raza_fuerte_laboriosa_pacifista_y_soberana.jpg 599w, https:\/\/www.menschenrechte.org\/blog\/wp-content\/uploads\/2020\/10\/Biblioteca_del_Senado_de_la_Provincia_-_52_-_Por_una_raza_fuerte_laboriosa_pacifista_y_soberana-200x300.jpg 200w\" sizes=\"auto, (max-width: 599px) 100vw, 599px\" \/><figcaption>&#8222;F\u00fcr eine starke, t\u00fcchtige, friedliche und souver\u00e4ne Rasse&#8220; (Quelle: Revista Judicial n\u00ba180)<\/figcaption><\/figure><\/div>\n\n\n\n<p>Trotzdem kann die Rede vom <em>D\u00eda de la raza<\/em> nat\u00fcrlich ihren Ruch von Dominanz- und \u00dcberlegenheitsanspruch nicht verbergen. Und so ist auch in den \u00fcbrigen lateinamerikanischen L\u00e4ndern der 12. Oktober zwar immer noch Feiertag, aber die <em>raza<\/em> ist weitgehend aus dieser <em>fiesta<\/em> verschwunden. In Argentinien etwa, wo man noch unter der Regierung von General Per\u00f3n den 12. Oktober unter dem Motto <em>Por una raza fuerte, laboriosa, pacifista y soberana<\/em> (f\u00fcr eine starke, t\u00fcchtige, friedliche und souver\u00e4ne Rasse &#8211; siehe Bild) beging, hei\u00dft der Tag heute <em>D\u00eda del Respeto a la Diversidad Cultural<\/em> (Tag des Respekts f\u00fcr kulturelle Vielfalt). In Peru nennt er sich mittlerweile einigerma\u00dfen sperrig <em>D\u00eda de los Pueblos Originarios y del Di\u00e1logo Intercultural<\/em> (Tag der Ursprungsv\u00f6lker und des interkulturellen Dialogs), im benachbarten Ecuador etwas einfacher <em>D\u00eda de la Interculturalidad<\/em>, und in Costa Rica <em>D\u00eda de las Culturas<\/em>.<\/p>\n\n\n\n<p>Einigen L\u00e4ndern mit linksnationalistischen Regierungen (oder was immer daraus geworden ist) geht das nicht weit genug. Sie stellen sich rhetorisch gegen alles spanische Erbe und ganz auf die Seite der indigenen Bev\u00f6lkerung. In Bolivien wurde der Tag unter der Regierung von Evo Morales, der den Namen des Landes in \u201ePlurinationaler Staat Bolivien\u201c \u00e4nderte und insgesamt 36 indigene Sprachen zu offiziellen Staatssprachen erkl\u00e4rte, in <em>D\u00eda de la Descolonizaci\u00f3n<\/em> (Tag der Entkolonialisierung) umbenannt. In Venezuela und Nicaragua hei\u00dft er heute <em>D\u00eda de la Resistencia Ind\u00edgena<\/em> (Tag des indigenen Widerstands).<\/p>\n\n\n\n<p>So sch\u00f6n es ist, wenn das Symbol einer kolonialen Eroberung aus der Bezeichnung des Tags, an dem diese ihren Anfang nahm, verschwindet: noch sch\u00f6ner w\u00e4re es, wenn dem auch eine Politik entspr\u00e4che, die den Interessen der indigenen V\u00f6lker und aller Menschen gerecht wird, die f\u00fcr wirkliche Gleichberechtigung, f\u00fcr soziale Gerechtigkeit und den Erhalt der Lebensgrundlagen k\u00e4mpfen. Die vielen neuen Namen f\u00fcr den <em>D\u00eda de la raza<\/em> sind zweifellos auch das Ergebnis langer K\u00e4mpfe der unterdr\u00fcckten indigenen V\u00f6lker und anderer sozialer K\u00e4mpfe. Sie sind aber auch der Versuch der dominanten Politikkasten, die sich nach wie vor zu gro\u00dfen Teilen aus den Familien der Eroberer rekrutieren, sich ein nationalistisch-indigenes M\u00e4ntelchen umzuh\u00e4ngen. Die in den USA ausgebildete m\u00f6rderische Eliteeinheit der salvadorianischen Milit\u00e4rs, die unter anderem f\u00fcr die Ermordung der sechs Jesuiten und ihrer Haush\u00e4lterin im Jahr 1989 verantwortlich war, nannte sich stolz <em>Batall\u00f3n Atlacatl<\/em>, nach dem legend\u00e4ren indigenen F\u00fcrsten, der als einer der letzten Anfang des 16. Jahrhunderts gegen die spanischen Eroberer Widerstand geleistet haben soll. Auch in Guatemala, Peru und andern Staaten schm\u00fcckten sich die repressiven Eliteeinheiten gerne mit alten indigenen Namen, w\u00e4hrend sie gegen die lebende indigene Bev\u00f6lkerung vorgingen. Namen \u00e4ndern noch nicht die Herrschaftsverh\u00e4ltnisse, auch wenn sie deren Krise andeuten. So bleibt der Kampf um die Bezeichnung des 12. Oktober in ganz Amerika ein interessanter Spiegel der Verh\u00e4ltnisse. Der Weg von der Symbolpolitik zu den Ver\u00e4nderungen, die die neuen Namen darstellen sollen, ist noch immer weit.<\/p>\n\n\n\n<p><strong>Das N\u00fcrnberger Menschenrechtszentrum ist einstweilen mit seinem Namen ganz zufrieden. Und feiert am 12. Oktober wie jedes Jahr schlicht Geburtstag.<\/strong><\/p>\n","protected":false},"excerpt":{"rendered":"<p>Am 12. Oktober feiert das N\u00fcrnberger Menschenrechtszentrum Geburtstag. Ganz Amerika , und noch einige andere Teile der Welt, feiern den&#8230;<\/p>\n","protected":false},"author":8,"featured_media":647,"comment_status":"open","ping_status":"open","sticky":false,"template":"","format":"standard","meta":{"footnotes":""},"categories":[1],"tags":[88,85,74,89,86,87,84],"coauthors":[29],"class_list":["post-645","post","type-post","status-publish","format-standard","has-post-thumbnail","hentry","category-allgemein","tag-feiertag","tag-geburtstag","tag-kolonialismus","tag-kolumbus","tag-nmrz","tag-nuernberger-menschenrechtszentrum","tag-rasse","post-archive"],"yoast_head":"<!-- This site is optimized with the Yoast SEO plugin v26.5 - https:\/\/yoast.com\/wordpress\/plugins\/seo\/ -->\n<title>Der \u201eD\u00eda de la raza\u201c - Menschenrechte - der Blog.<\/title>\n<meta name=\"robots\" content=\"index, follow, max-snippet:-1, max-image-preview:large, max-video-preview:-1\" \/>\n<link rel=\"canonical\" href=\"https:\/\/www.menschenrechte.org\/blog\/der-dia-de-la-raza\/\" \/>\n<meta property=\"og:locale\" content=\"de_DE\" \/>\n<meta property=\"og:type\" content=\"article\" \/>\n<meta property=\"og:title\" content=\"Der \u201eD\u00eda de la raza\u201c - Menschenrechte - der Blog.\" \/>\n<meta property=\"og:description\" content=\"Am 12. Oktober feiert das N\u00fcrnberger Menschenrechtszentrum Geburtstag. Ganz Amerika , und noch einige andere Teile der Welt, feiern den...\" \/>\n<meta property=\"og:url\" content=\"https:\/\/www.menschenrechte.org\/blog\/der-dia-de-la-raza\/\" \/>\n<meta property=\"og:site_name\" content=\"Menschenrechte - der Blog.\" \/>\n<meta property=\"article:publisher\" content=\"https:\/\/www.facebook.com\/NuernbergerMenschenrechtszentrum\/?eid=ARAoGFhiOGk5kmEnso1qow5TUUEWiHvB739MeabiJgTeX-H10uOy1x45ym-gISJGHPSkma6NciCJ1mFN\" \/>\n<meta property=\"article:published_time\" content=\"2020-10-12T08:12:33+00:00\" \/>\n<meta property=\"article:modified_time\" content=\"2020-10-12T08:12:35+00:00\" \/>\n<meta property=\"og:image\" content=\"https:\/\/www.menschenrechte.org\/blog\/wp-content\/uploads\/2020\/10\/Screenshot-NMRZ.jpg\" \/>\n\t<meta property=\"og:image:width\" content=\"849\" \/>\n\t<meta property=\"og:image:height\" content=\"879\" \/>\n\t<meta property=\"og:image:type\" content=\"image\/jpeg\" \/>\n<meta name=\"author\" content=\"Rainer Huhle\" \/>\n<meta name=\"twitter:label1\" content=\"Verfasst von\" \/>\n\t<meta name=\"twitter:data1\" content=\"Rainer Huhle\" \/>\n\t<meta name=\"twitter:label2\" content=\"Gesch\u00e4tzte Lesezeit\" \/>\n\t<meta name=\"twitter:data2\" content=\"5\u00a0Minuten\" \/>\n\t<meta name=\"twitter:label3\" content=\"Written by\" \/>\n\t<meta name=\"twitter:data3\" content=\"Rainer Huhle\" \/>\n<script type=\"application\/ld+json\" class=\"yoast-schema-graph\">{\"@context\":\"https:\/\/schema.org\",\"@graph\":[{\"@type\":\"Article\",\"@id\":\"https:\/\/www.menschenrechte.org\/blog\/der-dia-de-la-raza\/#article\",\"isPartOf\":{\"@id\":\"https:\/\/www.menschenrechte.org\/blog\/der-dia-de-la-raza\/\"},\"author\":{\"name\":\"Rainer Huhle\",\"@id\":\"https:\/\/www.menschenrechte.org\/blog\/#\/schema\/person\/b95feca5abe16bd591a715498b32332d\"},\"headline\":\"Der \u201eD\u00eda de la raza\u201c\",\"datePublished\":\"2020-10-12T08:12:33+00:00\",\"dateModified\":\"2020-10-12T08:12:35+00:00\",\"mainEntityOfPage\":{\"@id\":\"https:\/\/www.menschenrechte.org\/blog\/der-dia-de-la-raza\/\"},\"wordCount\":960,\"commentCount\":0,\"publisher\":{\"@id\":\"https:\/\/www.menschenrechte.org\/blog\/#organization\"},\"image\":{\"@id\":\"https:\/\/www.menschenrechte.org\/blog\/der-dia-de-la-raza\/#primaryimage\"},\"thumbnailUrl\":\"https:\/\/www.menschenrechte.org\/blog\/wp-content\/uploads\/2020\/10\/Screenshot-NMRZ.jpg\",\"keywords\":[\"Feiertag\",\"Geburtstag\",\"Kolonialismus\",\"Kolumbus\",\"NMRZ\",\"N\u00fcrnberger Menschenrechtszentrum\",\"Rasse\"],\"inLanguage\":\"de\",\"potentialAction\":[{\"@type\":\"CommentAction\",\"name\":\"Comment\",\"target\":[\"https:\/\/www.menschenrechte.org\/blog\/der-dia-de-la-raza\/#respond\"]}]},{\"@type\":\"WebPage\",\"@id\":\"https:\/\/www.menschenrechte.org\/blog\/der-dia-de-la-raza\/\",\"url\":\"https:\/\/www.menschenrechte.org\/blog\/der-dia-de-la-raza\/\",\"name\":\"Der \u201eD\u00eda de la raza\u201c - Menschenrechte - der Blog.\",\"isPartOf\":{\"@id\":\"https:\/\/www.menschenrechte.org\/blog\/#website\"},\"primaryImageOfPage\":{\"@id\":\"https:\/\/www.menschenrechte.org\/blog\/der-dia-de-la-raza\/#primaryimage\"},\"image\":{\"@id\":\"https:\/\/www.menschenrechte.org\/blog\/der-dia-de-la-raza\/#primaryimage\"},\"thumbnailUrl\":\"https:\/\/www.menschenrechte.org\/blog\/wp-content\/uploads\/2020\/10\/Screenshot-NMRZ.jpg\",\"datePublished\":\"2020-10-12T08:12:33+00:00\",\"dateModified\":\"2020-10-12T08:12:35+00:00\",\"breadcrumb\":{\"@id\":\"https:\/\/www.menschenrechte.org\/blog\/der-dia-de-la-raza\/#breadcrumb\"},\"inLanguage\":\"de\",\"potentialAction\":[{\"@type\":\"ReadAction\",\"target\":[\"https:\/\/www.menschenrechte.org\/blog\/der-dia-de-la-raza\/\"]}]},{\"@type\":\"ImageObject\",\"inLanguage\":\"de\",\"@id\":\"https:\/\/www.menschenrechte.org\/blog\/der-dia-de-la-raza\/#primaryimage\",\"url\":\"https:\/\/www.menschenrechte.org\/blog\/wp-content\/uploads\/2020\/10\/Screenshot-NMRZ.jpg\",\"contentUrl\":\"https:\/\/www.menschenrechte.org\/blog\/wp-content\/uploads\/2020\/10\/Screenshot-NMRZ.jpg\",\"width\":849,\"height\":879},{\"@type\":\"BreadcrumbList\",\"@id\":\"https:\/\/www.menschenrechte.org\/blog\/der-dia-de-la-raza\/#breadcrumb\",\"itemListElement\":[{\"@type\":\"ListItem\",\"position\":1,\"name\":\"Startseite\",\"item\":\"https:\/\/www.menschenrechte.org\/blog\/\"},{\"@type\":\"ListItem\",\"position\":2,\"name\":\"Der \u201eD\u00eda de la raza\u201c\"}]},{\"@type\":\"WebSite\",\"@id\":\"https:\/\/www.menschenrechte.org\/blog\/#website\",\"url\":\"https:\/\/www.menschenrechte.org\/blog\/\",\"name\":\"Menschenrechte - der Blog.\",\"description\":\"N\u00fcrnberger Menschenrechtszentrum\",\"publisher\":{\"@id\":\"https:\/\/www.menschenrechte.org\/blog\/#organization\"},\"potentialAction\":[{\"@type\":\"SearchAction\",\"target\":{\"@type\":\"EntryPoint\",\"urlTemplate\":\"https:\/\/www.menschenrechte.org\/blog\/?s={search_term_string}\"},\"query-input\":{\"@type\":\"PropertyValueSpecification\",\"valueRequired\":true,\"valueName\":\"search_term_string\"}}],\"inLanguage\":\"de\"},{\"@type\":\"Organization\",\"@id\":\"https:\/\/www.menschenrechte.org\/blog\/#organization\",\"name\":\"N\u00fcrnberger Menschenrechtszentrum\",\"url\":\"https:\/\/www.menschenrechte.org\/blog\/\",\"logo\":{\"@type\":\"ImageObject\",\"inLanguage\":\"de\",\"@id\":\"https:\/\/www.menschenrechte.org\/blog\/#\/schema\/logo\/image\/\",\"url\":\"https:\/\/www.menschenrechte.org\/blog\/wp-content\/uploads\/2020\/02\/NMRZ_jpg-scaled.jpg\",\"contentUrl\":\"https:\/\/www.menschenrechte.org\/blog\/wp-content\/uploads\/2020\/02\/NMRZ_jpg-scaled.jpg\",\"width\":2560,\"height\":345,\"caption\":\"N\u00fcrnberger Menschenrechtszentrum\"},\"image\":{\"@id\":\"https:\/\/www.menschenrechte.org\/blog\/#\/schema\/logo\/image\/\"},\"sameAs\":[\"https:\/\/www.facebook.com\/NuernbergerMenschenrechtszentrum\/?eid=ARAoGFhiOGk5kmEnso1qow5TUUEWiHvB739MeabiJgTeX-H10uOy1x45ym-gISJGHPSkma6NciCJ1mFN\",\"https:\/\/www.instagram.com\/nbg_menschenrechtszentrum\/\"]},{\"@type\":\"Person\",\"@id\":\"https:\/\/www.menschenrechte.org\/blog\/#\/schema\/person\/b95feca5abe16bd591a715498b32332d\",\"name\":\"Rainer Huhle\",\"image\":{\"@type\":\"ImageObject\",\"inLanguage\":\"de\",\"@id\":\"https:\/\/www.menschenrechte.org\/blog\/#\/schema\/person\/image\/034613246d6c7735a755f0c0cd80e158\",\"url\":\"https:\/\/secure.gravatar.com\/avatar\/b69f685f6b948df0e8414e678cd23e2d1c9683988715d301b21aea08dbb1eea6?s=96&d=mm&r=g\",\"contentUrl\":\"https:\/\/secure.gravatar.com\/avatar\/b69f685f6b948df0e8414e678cd23e2d1c9683988715d301b21aea08dbb1eea6?s=96&d=mm&r=g\",\"caption\":\"Rainer Huhle\"},\"description\":\"Rainer ist Gr\u00fcndungsmitglied des N\u00fcrnberger Menschenrechtszentrums.\",\"url\":\"https:\/\/www.menschenrechte.org\/blog\/author\/rainer\/\"}]}<\/script>\n<!-- \/ Yoast SEO plugin. -->","yoast_head_json":{"title":"Der \u201eD\u00eda de la raza\u201c - Menschenrechte - der Blog.","robots":{"index":"index","follow":"follow","max-snippet":"max-snippet:-1","max-image-preview":"max-image-preview:large","max-video-preview":"max-video-preview:-1"},"canonical":"https:\/\/www.menschenrechte.org\/blog\/der-dia-de-la-raza\/","og_locale":"de_DE","og_type":"article","og_title":"Der \u201eD\u00eda de la raza\u201c - Menschenrechte - der Blog.","og_description":"Am 12. Oktober feiert das N\u00fcrnberger Menschenrechtszentrum Geburtstag. Ganz Amerika , und noch einige andere Teile der Welt, feiern den...","og_url":"https:\/\/www.menschenrechte.org\/blog\/der-dia-de-la-raza\/","og_site_name":"Menschenrechte - der Blog.","article_publisher":"https:\/\/www.facebook.com\/NuernbergerMenschenrechtszentrum\/?eid=ARAoGFhiOGk5kmEnso1qow5TUUEWiHvB739MeabiJgTeX-H10uOy1x45ym-gISJGHPSkma6NciCJ1mFN","article_published_time":"2020-10-12T08:12:33+00:00","article_modified_time":"2020-10-12T08:12:35+00:00","og_image":[{"width":849,"height":879,"url":"https:\/\/www.menschenrechte.org\/blog\/wp-content\/uploads\/2020\/10\/Screenshot-NMRZ.jpg","type":"image\/jpeg"}],"author":"Rainer Huhle","twitter_misc":{"Verfasst von":"Rainer Huhle","Gesch\u00e4tzte Lesezeit":"5\u00a0Minuten","Written by":"Rainer Huhle"},"schema":{"@context":"https:\/\/schema.org","@graph":[{"@type":"Article","@id":"https:\/\/www.menschenrechte.org\/blog\/der-dia-de-la-raza\/#article","isPartOf":{"@id":"https:\/\/www.menschenrechte.org\/blog\/der-dia-de-la-raza\/"},"author":{"name":"Rainer Huhle","@id":"https:\/\/www.menschenrechte.org\/blog\/#\/schema\/person\/b95feca5abe16bd591a715498b32332d"},"headline":"Der \u201eD\u00eda de la raza\u201c","datePublished":"2020-10-12T08:12:33+00:00","dateModified":"2020-10-12T08:12:35+00:00","mainEntityOfPage":{"@id":"https:\/\/www.menschenrechte.org\/blog\/der-dia-de-la-raza\/"},"wordCount":960,"commentCount":0,"publisher":{"@id":"https:\/\/www.menschenrechte.org\/blog\/#organization"},"image":{"@id":"https:\/\/www.menschenrechte.org\/blog\/der-dia-de-la-raza\/#primaryimage"},"thumbnailUrl":"https:\/\/www.menschenrechte.org\/blog\/wp-content\/uploads\/2020\/10\/Screenshot-NMRZ.jpg","keywords":["Feiertag","Geburtstag","Kolonialismus","Kolumbus","NMRZ","N\u00fcrnberger Menschenrechtszentrum","Rasse"],"inLanguage":"de","potentialAction":[{"@type":"CommentAction","name":"Comment","target":["https:\/\/www.menschenrechte.org\/blog\/der-dia-de-la-raza\/#respond"]}]},{"@type":"WebPage","@id":"https:\/\/www.menschenrechte.org\/blog\/der-dia-de-la-raza\/","url":"https:\/\/www.menschenrechte.org\/blog\/der-dia-de-la-raza\/","name":"Der \u201eD\u00eda de la raza\u201c - Menschenrechte - der Blog.","isPartOf":{"@id":"https:\/\/www.menschenrechte.org\/blog\/#website"},"primaryImageOfPage":{"@id":"https:\/\/www.menschenrechte.org\/blog\/der-dia-de-la-raza\/#primaryimage"},"image":{"@id":"https:\/\/www.menschenrechte.org\/blog\/der-dia-de-la-raza\/#primaryimage"},"thumbnailUrl":"https:\/\/www.menschenrechte.org\/blog\/wp-content\/uploads\/2020\/10\/Screenshot-NMRZ.jpg","datePublished":"2020-10-12T08:12:33+00:00","dateModified":"2020-10-12T08:12:35+00:00","breadcrumb":{"@id":"https:\/\/www.menschenrechte.org\/blog\/der-dia-de-la-raza\/#breadcrumb"},"inLanguage":"de","potentialAction":[{"@type":"ReadAction","target":["https:\/\/www.menschenrechte.org\/blog\/der-dia-de-la-raza\/"]}]},{"@type":"ImageObject","inLanguage":"de","@id":"https:\/\/www.menschenrechte.org\/blog\/der-dia-de-la-raza\/#primaryimage","url":"https:\/\/www.menschenrechte.org\/blog\/wp-content\/uploads\/2020\/10\/Screenshot-NMRZ.jpg","contentUrl":"https:\/\/www.menschenrechte.org\/blog\/wp-content\/uploads\/2020\/10\/Screenshot-NMRZ.jpg","width":849,"height":879},{"@type":"BreadcrumbList","@id":"https:\/\/www.menschenrechte.org\/blog\/der-dia-de-la-raza\/#breadcrumb","itemListElement":[{"@type":"ListItem","position":1,"name":"Startseite","item":"https:\/\/www.menschenrechte.org\/blog\/"},{"@type":"ListItem","position":2,"name":"Der \u201eD\u00eda de la raza\u201c"}]},{"@type":"WebSite","@id":"https:\/\/www.menschenrechte.org\/blog\/#website","url":"https:\/\/www.menschenrechte.org\/blog\/","name":"Menschenrechte - der Blog.","description":"N\u00fcrnberger Menschenrechtszentrum","publisher":{"@id":"https:\/\/www.menschenrechte.org\/blog\/#organization"},"potentialAction":[{"@type":"SearchAction","target":{"@type":"EntryPoint","urlTemplate":"https:\/\/www.menschenrechte.org\/blog\/?s={search_term_string}"},"query-input":{"@type":"PropertyValueSpecification","valueRequired":true,"valueName":"search_term_string"}}],"inLanguage":"de"},{"@type":"Organization","@id":"https:\/\/www.menschenrechte.org\/blog\/#organization","name":"N\u00fcrnberger Menschenrechtszentrum","url":"https:\/\/www.menschenrechte.org\/blog\/","logo":{"@type":"ImageObject","inLanguage":"de","@id":"https:\/\/www.menschenrechte.org\/blog\/#\/schema\/logo\/image\/","url":"https:\/\/www.menschenrechte.org\/blog\/wp-content\/uploads\/2020\/02\/NMRZ_jpg-scaled.jpg","contentUrl":"https:\/\/www.menschenrechte.org\/blog\/wp-content\/uploads\/2020\/02\/NMRZ_jpg-scaled.jpg","width":2560,"height":345,"caption":"N\u00fcrnberger Menschenrechtszentrum"},"image":{"@id":"https:\/\/www.menschenrechte.org\/blog\/#\/schema\/logo\/image\/"},"sameAs":["https:\/\/www.facebook.com\/NuernbergerMenschenrechtszentrum\/?eid=ARAoGFhiOGk5kmEnso1qow5TUUEWiHvB739MeabiJgTeX-H10uOy1x45ym-gISJGHPSkma6NciCJ1mFN","https:\/\/www.instagram.com\/nbg_menschenrechtszentrum\/"]},{"@type":"Person","@id":"https:\/\/www.menschenrechte.org\/blog\/#\/schema\/person\/b95feca5abe16bd591a715498b32332d","name":"Rainer Huhle","image":{"@type":"ImageObject","inLanguage":"de","@id":"https:\/\/www.menschenrechte.org\/blog\/#\/schema\/person\/image\/034613246d6c7735a755f0c0cd80e158","url":"https:\/\/secure.gravatar.com\/avatar\/b69f685f6b948df0e8414e678cd23e2d1c9683988715d301b21aea08dbb1eea6?s=96&d=mm&r=g","contentUrl":"https:\/\/secure.gravatar.com\/avatar\/b69f685f6b948df0e8414e678cd23e2d1c9683988715d301b21aea08dbb1eea6?s=96&d=mm&r=g","caption":"Rainer Huhle"},"description":"Rainer ist Gr\u00fcndungsmitglied des N\u00fcrnberger Menschenrechtszentrums.","url":"https:\/\/www.menschenrechte.org\/blog\/author\/rainer\/"}]}},"_links":{"self":[{"href":"https:\/\/www.menschenrechte.org\/blog\/wp-json\/wp\/v2\/posts\/645","targetHints":{"allow":["GET"]}}],"collection":[{"href":"https:\/\/www.menschenrechte.org\/blog\/wp-json\/wp\/v2\/posts"}],"about":[{"href":"https:\/\/www.menschenrechte.org\/blog\/wp-json\/wp\/v2\/types\/post"}],"author":[{"embeddable":true,"href":"https:\/\/www.menschenrechte.org\/blog\/wp-json\/wp\/v2\/users\/8"}],"replies":[{"embeddable":true,"href":"https:\/\/www.menschenrechte.org\/blog\/wp-json\/wp\/v2\/comments?post=645"}],"version-history":[{"count":1,"href":"https:\/\/www.menschenrechte.org\/blog\/wp-json\/wp\/v2\/posts\/645\/revisions"}],"predecessor-version":[{"id":648,"href":"https:\/\/www.menschenrechte.org\/blog\/wp-json\/wp\/v2\/posts\/645\/revisions\/648"}],"wp:featuredmedia":[{"embeddable":true,"href":"https:\/\/www.menschenrechte.org\/blog\/wp-json\/wp\/v2\/media\/647"}],"wp:attachment":[{"href":"https:\/\/www.menschenrechte.org\/blog\/wp-json\/wp\/v2\/media?parent=645"}],"wp:term":[{"taxonomy":"category","embeddable":true,"href":"https:\/\/www.menschenrechte.org\/blog\/wp-json\/wp\/v2\/categories?post=645"},{"taxonomy":"post_tag","embeddable":true,"href":"https:\/\/www.menschenrechte.org\/blog\/wp-json\/wp\/v2\/tags?post=645"},{"taxonomy":"author","embeddable":true,"href":"https:\/\/www.menschenrechte.org\/blog\/wp-json\/wp\/v2\/coauthors?post=645"}],"curies":[{"name":"wp","href":"https:\/\/api.w.org\/{rel}","templated":true}]}}