{"id":650,"date":"2020-10-21T15:00:00","date_gmt":"2020-10-21T13:00:00","guid":{"rendered":"https:\/\/www.menschenrechte.org\/blog\/?p=650"},"modified":"2020-10-20T14:52:13","modified_gmt":"2020-10-20T12:52:13","slug":"das-weibliche-gesicht-der-proteste-in-belarus-feminismus-oder-kampf-fuer-menschenrechte","status":"publish","type":"post","link":"https:\/\/www.menschenrechte.org\/blog\/das-weibliche-gesicht-der-proteste-in-belarus-feminismus-oder-kampf-fuer-menschenrechte\/","title":{"rendered":"Das weibliche Gesicht der Proteste in Belarus  \u2013 Feminismus oder Kampf f\u00fcr Menschenrechte?"},"content":{"rendered":"\n<p>By Eva Kirchner &#8211;<\/p>\n\n\n\n<p>\u201emein pflug steht fest, bewegt sich nicht vom fleck\u201c so hei\u00dft es in einem Gedicht der belarusischen Lyrikerin Volha Hapeyeva. Sp\u00e4ter hei\u00dft es dann noch \u201eallein mein braches feld hei\u00dft niemanden willkommen\u201c.<\/p>\n\n\n\n<p>Diese Zeilen k\u00f6nnten fast schon sinnbildlich f\u00fcr das von Lukaschenko gezeichnete Belarus stehen. Seit 1994 ist Lukaschenko quasi Alleinherrscher des Landes in Osteuropa, das von manchen Medien auch als die \u201e<a aria-label=\"undefined (opens in a new tab)\" href=\"https:\/\/www.deutschlandfunkkultur.de\/wendezeit-in-belarus-europas-letzte-diktatur-vor-dem-ende.1083.de.html?dram:article_id=482688\" target=\"_blank\" rel=\"noreferrer noopener\">letzte Diktatur Europas<\/a>\u201c bezeichnet wird. Das Land, das in den letzten Jahren oft hinter den Radar europ\u00e4ischer Medien fiel, ist seit wenigen Monaten daf\u00fcr aber umso pr\u00e4senter: Lukaschenkos selbst erkl\u00e4rter Wahlsieg scheint die Bev\u00f6lkerung Belarus\u00b4 wachzur\u00fctteln. <strong>Doch die Proteste in Belarus haben ein erfrischend neues Gesicht: Sie sind weiblich.<\/strong><\/p>\n\n\n\n<h2 class=\"wp-block-heading\">Das weibliche Gesicht der Opposition<\/h2>\n\n\n\n<p>Im patriarchalen Belarus ist die Rollenverteilung noch sehr traditionell<strong>. Auch auf dem <a href=\"http:\/\/hdr.undp.org\/en\/composite\/GII\" target=\"_blank\" aria-label=\"undefined (opens in a new tab)\" rel=\"noreferrer noopener\">Gender Equality Index 2019<\/a> liegt Belarus gerade einmal auf Platz 50<\/strong>. Von einer emanzipierten Gesellschaft kann also nicht die Rede sein. Doch sind Frauen pl\u00f6tzlich die treibende Kraft der Protestbewegung?<\/p>\n\n\n\n<p>Um eine Antwort auf diese Frage zu finden, lohnt es sich, erst einmal einen Blick auf die drei f\u00fchrenden Oppositionellen zu werfen: Swetlana Tichanowskaja, Maria Kolesnikowa und Veronika Zepkalo. <strong>Auch wenn die drei Frauen eigentlich nie selbst Politikerinnen werden wollten, so wurden sie doch von Lukaschenko untersch\u00e4tzt<\/strong>. Die drei Oppositionspolitiker, die sie eigentlich unterst\u00fctzen, mussten entweder ins Exil fliehen oder wurden verhaftet. An ihre Stellen traten dann ihre weiblichen Unterst\u00fctzerinnen. Swetlana Tichanowskaja gilt dabei sogar als die wirkliche Siegerin der Pr\u00e4sidentschaftswahl. Wegen anhaltender Drohungen floh sie jedoch kurz nach der Wahl nach Litauen &#8211; und wurde nun in Russland und Belarus zur Fahndung ausgeschrieben. Auch Maria Kolesnikowa ist mittlerweile gezwungenerma\u00dfen politisch handlungsunf\u00e4hig: Sie wurde entf\u00fchrt und sitzt nun in Untersuchungshaft. Ihr wird die Gef\u00e4hrdung der nationalen Sicherheit vorgeworfen. Auch Veronika Zepkalo musste kurz vor der Wahl fliehen und lebt mittlerweile in Polen. Diese Nachrichten k\u00f6nnten Resignation und Verzweiflung hervorrufen. Doch in Belarus scheint vielmehr das Gegenteil zu passieren: Die Proteste setzten sich seit Wochen fort. Und auch hier zeigt sich wieder: <strong>Das Gesicht der Opposition ist weiblich. Und es s\u00e4t Hoffnung in das bisher brach liegende Land Belarus.<\/strong><\/p>\n\n\n\n<h2 class=\"wp-block-heading\">Das weibliche Gesicht der Proteste<\/h2>\n\n\n\n<p>Lange wurden Frauen von Lukaschenko untersch\u00e4tzt, er ging sogar so weit, sie als ungeeignet f\u00fcr die Politik zu bezeichnen. Doch als sie sich dazu entschieden f\u00fcr ihre Kinder und M\u00e4nner einzustehen, bewiesen sie, dass dem definitiv nicht so ist. Mit wei\u00dfen und roten Kleidern, singend und mit Blumen in der Hand protestieren vor allem Frauen gegen Gewalt. Anfangs formierten sich die Frauen in Solidarit\u00e4tsketten und bildeten menschliche Schutzk\u00e4fige, um die Polizisten von Gewalthandlungen abzuhalten. <strong>Protestierende M\u00e4nner wurden n\u00e4mlich \u00fcberwiegend gewaltsam verhaftet<\/strong>. Daher blieb den Frauen nicht viel anderes \u00fcbrig, als selbst an den Protesten teilzunehmen. Da die Hemmschwelle der Polizisten gegen\u00fcber Frauen zumindest anfangs noch sehr hoch war, konnten diese deeskalierend in die Proteste eingreifen. Doch diese sank leider auch zunehmend: Teilweise wurden <a href=\"https:\/\/www.zeit.de\/politik\/ausland\/2020-09\/belarus-frauen-proteste-festnahmen-polizei-gewalt\" target=\"_blank\" aria-label=\"undefined (opens in a new tab)\" rel=\"noreferrer noopener\">mehr als 300 Frauen festgenommen<\/a>. Dennoch l\u00e4sst sich die belarusische Bev\u00f6lkerung nicht stoppen. Seit Wochen versammeln sich nicht nur in Minsk, sondern in ganz Belarus Millionen Menschen zu friedlichen Protesten, teilweise sogar t\u00e4glich.<\/p>\n\n\n\n<h2 class=\"wp-block-heading\">Feminismus oder Kampf f\u00fcr Menschenrechte?<\/h2>\n\n\n\n<p>Dennoch ist es wichtig, bei den Protesten zu differenzieren. Oder genauer: bei seinen Urspr\u00fcngen. Viele europ\u00e4ische Medien feiern die von Frauen geleiteten Proteste, bezeichnen die Frauen in wei\u00df-roten Kleidern und mit Blumen in der Hand als \u201emodern\u201c und \u201ecool\u201c. Eine <a aria-label=\"undefined (opens in a new tab)\" href=\"https:\/\/www.spiegel.de\/kultur\/belarus-wo-bleibt-die-solidaritaet-westlicher-feministinnen-a-ca05c9a2-6f32-4693-a524-4f436eb87bfb\" target=\"_blank\" rel=\"noreferrer noopener\">Spiegel-Autorin stellte sogar die fehlende Solidarit\u00e4t<\/a> westlicher Feminist*innen in Frage. <strong>Die Proteste als Ausbr\u00fcche feministischer Natur zu bezeichnen, ist allerdings zu kurz gegriffen.<\/strong><\/p>\n\n\n\n<p>Lukaschenko baut das osteurop\u00e4ische Land seit 1994 systematisch zu einer Autokratie um. Bereits die Wahl im <a aria-label=\"undefined (opens in a new tab)\" href=\"https:\/\/www.bpb.de\/geschichte\/zeitgeschichte\/deutschlandarchiv\/314788\/auf-dem-weg-zu-einem-freien-belarus\" target=\"_blank\" rel=\"noreferrer noopener\">Jahr 1994 stuft<\/a>e die OSZE als unfair ein. 1996 l\u00f6ste er dann durch ein Referendum das Parlament auf und \u00e4nderte die Verfassung. Auch die Legitimit\u00e4t dieses Referendums ist stark umstritten. Die darauf folgenden Wahlperioden entschied Lukaschenko angeblich immer f\u00fcr sich. Eine <a aria-label=\"undefined (opens in a new tab)\" href=\"https:\/\/www.zois-berlin.de\/publikationen\/zois-spotlight\/praesidentschaftswahlen-in-belarus-wunsch-nach-veraenderung\/\" target=\"_blank\" rel=\"noreferrer noopener\">Studie<\/a> des Zentrums f\u00fcr Osteuropa- und internationale Studien (ZOiS) zeigt allerdings gegenteiliges: <strong>gerade einmal 10% der jungen W\u00e4hler*innen w\u00fcrden f\u00fcr Lukaschenko stimmen<\/strong>. Oppositionelle werden strukturell unterdr\u00fcckt, politische Partizipation ist quasi unm\u00f6glich. <strong>Die Proteste sind ein verzweifelter Ruf nach Menschenrechten und nach Sicherheit<\/strong>. Dass die Proteste von Frauen geleitet werden, hat nicht damit zu tun, dass sie aus den traditionellen Rollenbildern ausbrechen m\u00f6chten. Sondern damit, dass M\u00e4nner verhaftet werden oder heftige Gewalthandlungen von Seiten der Polizei bef\u00fcrchten m\u00fcssen.<\/p>\n\n\n\n<p>Maria Kolesnikowa sagte selbst in einem <a href=\"https:\/\/www.sueddeutsche.de\/politik\/kampf-gegen-lukaschenko-wir-koennen-versuchen-diese-diktatur-zu-ruinieren-1.5000577\" target=\"_blank\" aria-label=\"undefined (opens in a new tab)\" rel=\"noreferrer noopener\">Interview mit der SZ<\/a>, dass Feminismus ein noch negativ konnotiertes Wort ist. Dies \u00e4ndere sich zwar zurzeit &#8211; von einem emanzipierten Aufstand zu sprechen, w\u00e4re jedoch falsch. Auch die LGBTIQ*-Szene hat in Belarus noch einen sehr schweren Stand und wird kaum toleriert. <strong>Ein breiter gesellschaftlicher Wandel bleibt bisher also aus<\/strong>. Auch wenn zweifelsohne eine wichtige Bewegung ins Rollen gebracht wurde.<\/p>\n\n\n\n<figure class=\"wp-block-image size-large\"><img loading=\"lazy\" decoding=\"async\" width=\"683\" height=\"1024\" src=\"https:\/\/www.menschenrechte.org\/blog\/wp-content\/uploads\/2020\/10\/Belarus-683x1024.jpeg\" alt=\"Kostenloses Stock Foto zu 2020, demokratie, drau\u00dfen\" class=\"wp-image-654\" srcset=\"https:\/\/www.menschenrechte.org\/blog\/wp-content\/uploads\/2020\/10\/Belarus-683x1024.jpeg 683w, https:\/\/www.menschenrechte.org\/blog\/wp-content\/uploads\/2020\/10\/Belarus-200x300.jpeg 200w, https:\/\/www.menschenrechte.org\/blog\/wp-content\/uploads\/2020\/10\/Belarus-768x1152.jpeg 768w, https:\/\/www.menschenrechte.org\/blog\/wp-content\/uploads\/2020\/10\/Belarus-640x960.jpeg 640w, https:\/\/www.menschenrechte.org\/blog\/wp-content\/uploads\/2020\/10\/Belarus.jpeg 867w\" sizes=\"auto, (max-width: 683px) 100vw, 683px\" \/><\/figure>\n\n\n\n<h2 class=\"wp-block-heading\">Belarus\u00b4 Zukunft?<\/h2>\n\n\n\n<p>Bleibt nur noch die Frage nach einer Nachfolge Lukaschenko. Maria Tichanowskaja, die aussichtsreichste Oppositionelle Lukaschenkos, hat n\u00e4mlich vor kurzem selbst zugegeben, dass sie <a aria-label=\"undefined (opens in a new tab)\" href=\"https:\/\/www.zeit.de\/2020\/42\/swetlana-tichanowskaja-exil-belarus-praesidentschaftswahl\" target=\"_blank\" rel=\"noreferrer noopener\">nicht die Pr\u00e4sidentin Belarus<\/a>\u00b4 werden m\u00f6chte. <\/p>\n\n\n\n<p>Im am Anfang zitierten Gedicht hei\u00dft es \u00fcbrigens weiter \u201eich schaue auf die nachbarfelder, kornblumen im roggen, unter kamille der flachs\u201c. Bleibt also zu hoffen, dass sich Belarus vom brach liegenden Land in ein bl\u00fchendes Feld verwandeln wird. Es scheint zumindest in Sichtweite zu sein.<\/p>\n","protected":false},"excerpt":{"rendered":"<p>By Eva Kirchner &#8211; \u201emein pflug steht fest, bewegt sich nicht vom fleck\u201c so hei\u00dft es in einem Gedicht der&#8230;<\/p>\n","protected":false},"author":1,"featured_media":653,"comment_status":"open","ping_status":"open","sticky":false,"template":"","format":"standard","meta":{"footnotes":""},"categories":[1],"tags":[90,59,82,91],"coauthors":[21],"class_list":["post-650","post","type-post","status-publish","format-standard","has-post-thumbnail","hentry","category-allgemein","tag-belarus","tag-demokratie","tag-feminismus","tag-menschenrechte","post-archive"],"yoast_head":"<!-- This site is optimized with the Yoast SEO plugin v26.5 - https:\/\/yoast.com\/wordpress\/plugins\/seo\/ -->\n<title>Das weibliche Gesicht der Proteste in Belarus \u2013 Feminismus oder Kampf f\u00fcr Menschenrechte? - Menschenrechte - der Blog.<\/title>\n<meta name=\"robots\" content=\"index, follow, max-snippet:-1, max-image-preview:large, max-video-preview:-1\" \/>\n<link rel=\"canonical\" href=\"https:\/\/www.menschenrechte.org\/blog\/das-weibliche-gesicht-der-proteste-in-belarus-feminismus-oder-kampf-fuer-menschenrechte\/\" \/>\n<meta property=\"og:locale\" content=\"de_DE\" \/>\n<meta property=\"og:type\" content=\"article\" \/>\n<meta property=\"og:title\" content=\"Das weibliche Gesicht der Proteste in Belarus \u2013 Feminismus oder Kampf f\u00fcr Menschenrechte? - Menschenrechte - der Blog.\" \/>\n<meta property=\"og:description\" content=\"By Eva Kirchner &#8211; \u201emein pflug steht fest, bewegt sich nicht vom fleck\u201c so hei\u00dft es in einem Gedicht der...\" \/>\n<meta property=\"og:url\" content=\"https:\/\/www.menschenrechte.org\/blog\/das-weibliche-gesicht-der-proteste-in-belarus-feminismus-oder-kampf-fuer-menschenrechte\/\" \/>\n<meta property=\"og:site_name\" content=\"Menschenrechte - der Blog.\" \/>\n<meta property=\"article:publisher\" content=\"https:\/\/www.facebook.com\/NuernbergerMenschenrechtszentrum\/?eid=ARAoGFhiOGk5kmEnso1qow5TUUEWiHvB739MeabiJgTeX-H10uOy1x45ym-gISJGHPSkma6NciCJ1mFN\" \/>\n<meta property=\"article:published_time\" content=\"2020-10-21T13:00:00+00:00\" \/>\n<meta property=\"og:image\" content=\"https:\/\/www.menschenrechte.org\/blog\/wp-content\/uploads\/2020\/10\/Lukaschenko.png\" \/>\n\t<meta property=\"og:image:width\" content=\"1120\" \/>\n\t<meta property=\"og:image:height\" content=\"746\" \/>\n\t<meta property=\"og:image:type\" content=\"image\/png\" \/>\n<meta name=\"author\" content=\"NMRZ\" \/>\n<meta name=\"twitter:label1\" content=\"Verfasst von\" \/>\n\t<meta name=\"twitter:data1\" content=\"NMRZ\" \/>\n\t<meta name=\"twitter:label2\" content=\"Gesch\u00e4tzte Lesezeit\" \/>\n\t<meta name=\"twitter:data2\" content=\"5\u00a0Minuten\" \/>\n\t<meta name=\"twitter:label3\" content=\"Written by\" \/>\n\t<meta name=\"twitter:data3\" content=\"NMRZ\" \/>\n<script type=\"application\/ld+json\" class=\"yoast-schema-graph\">{\"@context\":\"https:\/\/schema.org\",\"@graph\":[{\"@type\":\"Article\",\"@id\":\"https:\/\/www.menschenrechte.org\/blog\/das-weibliche-gesicht-der-proteste-in-belarus-feminismus-oder-kampf-fuer-menschenrechte\/#article\",\"isPartOf\":{\"@id\":\"https:\/\/www.menschenrechte.org\/blog\/das-weibliche-gesicht-der-proteste-in-belarus-feminismus-oder-kampf-fuer-menschenrechte\/\"},\"author\":{\"name\":\"NMRZ\",\"@id\":\"https:\/\/www.menschenrechte.org\/blog\/#\/schema\/person\/06acdc67c4693501f5e5afa70bdcf76f\"},\"headline\":\"Das weibliche Gesicht der Proteste in Belarus \u2013 Feminismus oder Kampf f\u00fcr Menschenrechte?\",\"datePublished\":\"2020-10-21T13:00:00+00:00\",\"mainEntityOfPage\":{\"@id\":\"https:\/\/www.menschenrechte.org\/blog\/das-weibliche-gesicht-der-proteste-in-belarus-feminismus-oder-kampf-fuer-menschenrechte\/\"},\"wordCount\":926,\"commentCount\":0,\"publisher\":{\"@id\":\"https:\/\/www.menschenrechte.org\/blog\/#organization\"},\"image\":{\"@id\":\"https:\/\/www.menschenrechte.org\/blog\/das-weibliche-gesicht-der-proteste-in-belarus-feminismus-oder-kampf-fuer-menschenrechte\/#primaryimage\"},\"thumbnailUrl\":\"https:\/\/www.menschenrechte.org\/blog\/wp-content\/uploads\/2020\/10\/Lukaschenko.png\",\"keywords\":[\"Belarus\",\"Demokratie\",\"Feminismus\",\"Menschenrechte\"],\"inLanguage\":\"de\",\"potentialAction\":[{\"@type\":\"CommentAction\",\"name\":\"Comment\",\"target\":[\"https:\/\/www.menschenrechte.org\/blog\/das-weibliche-gesicht-der-proteste-in-belarus-feminismus-oder-kampf-fuer-menschenrechte\/#respond\"]}]},{\"@type\":\"WebPage\",\"@id\":\"https:\/\/www.menschenrechte.org\/blog\/das-weibliche-gesicht-der-proteste-in-belarus-feminismus-oder-kampf-fuer-menschenrechte\/\",\"url\":\"https:\/\/www.menschenrechte.org\/blog\/das-weibliche-gesicht-der-proteste-in-belarus-feminismus-oder-kampf-fuer-menschenrechte\/\",\"name\":\"Das weibliche Gesicht der Proteste in Belarus \u2013 Feminismus oder Kampf f\u00fcr Menschenrechte? - Menschenrechte - der Blog.\",\"isPartOf\":{\"@id\":\"https:\/\/www.menschenrechte.org\/blog\/#website\"},\"primaryImageOfPage\":{\"@id\":\"https:\/\/www.menschenrechte.org\/blog\/das-weibliche-gesicht-der-proteste-in-belarus-feminismus-oder-kampf-fuer-menschenrechte\/#primaryimage\"},\"image\":{\"@id\":\"https:\/\/www.menschenrechte.org\/blog\/das-weibliche-gesicht-der-proteste-in-belarus-feminismus-oder-kampf-fuer-menschenrechte\/#primaryimage\"},\"thumbnailUrl\":\"https:\/\/www.menschenrechte.org\/blog\/wp-content\/uploads\/2020\/10\/Lukaschenko.png\",\"datePublished\":\"2020-10-21T13:00:00+00:00\",\"breadcrumb\":{\"@id\":\"https:\/\/www.menschenrechte.org\/blog\/das-weibliche-gesicht-der-proteste-in-belarus-feminismus-oder-kampf-fuer-menschenrechte\/#breadcrumb\"},\"inLanguage\":\"de\",\"potentialAction\":[{\"@type\":\"ReadAction\",\"target\":[\"https:\/\/www.menschenrechte.org\/blog\/das-weibliche-gesicht-der-proteste-in-belarus-feminismus-oder-kampf-fuer-menschenrechte\/\"]}]},{\"@type\":\"ImageObject\",\"inLanguage\":\"de\",\"@id\":\"https:\/\/www.menschenrechte.org\/blog\/das-weibliche-gesicht-der-proteste-in-belarus-feminismus-oder-kampf-fuer-menschenrechte\/#primaryimage\",\"url\":\"https:\/\/www.menschenrechte.org\/blog\/wp-content\/uploads\/2020\/10\/Lukaschenko.png\",\"contentUrl\":\"https:\/\/www.menschenrechte.org\/blog\/wp-content\/uploads\/2020\/10\/Lukaschenko.png\",\"width\":1120,\"height\":746},{\"@type\":\"BreadcrumbList\",\"@id\":\"https:\/\/www.menschenrechte.org\/blog\/das-weibliche-gesicht-der-proteste-in-belarus-feminismus-oder-kampf-fuer-menschenrechte\/#breadcrumb\",\"itemListElement\":[{\"@type\":\"ListItem\",\"position\":1,\"name\":\"Startseite\",\"item\":\"https:\/\/www.menschenrechte.org\/blog\/\"},{\"@type\":\"ListItem\",\"position\":2,\"name\":\"Das weibliche Gesicht der Proteste in Belarus \u2013 Feminismus oder Kampf f\u00fcr Menschenrechte?\"}]},{\"@type\":\"WebSite\",\"@id\":\"https:\/\/www.menschenrechte.org\/blog\/#website\",\"url\":\"https:\/\/www.menschenrechte.org\/blog\/\",\"name\":\"Menschenrechte - der Blog.\",\"description\":\"N\u00fcrnberger Menschenrechtszentrum\",\"publisher\":{\"@id\":\"https:\/\/www.menschenrechte.org\/blog\/#organization\"},\"potentialAction\":[{\"@type\":\"SearchAction\",\"target\":{\"@type\":\"EntryPoint\",\"urlTemplate\":\"https:\/\/www.menschenrechte.org\/blog\/?s={search_term_string}\"},\"query-input\":{\"@type\":\"PropertyValueSpecification\",\"valueRequired\":true,\"valueName\":\"search_term_string\"}}],\"inLanguage\":\"de\"},{\"@type\":\"Organization\",\"@id\":\"https:\/\/www.menschenrechte.org\/blog\/#organization\",\"name\":\"N\u00fcrnberger Menschenrechtszentrum\",\"url\":\"https:\/\/www.menschenrechte.org\/blog\/\",\"logo\":{\"@type\":\"ImageObject\",\"inLanguage\":\"de\",\"@id\":\"https:\/\/www.menschenrechte.org\/blog\/#\/schema\/logo\/image\/\",\"url\":\"https:\/\/www.menschenrechte.org\/blog\/wp-content\/uploads\/2020\/02\/NMRZ_jpg-scaled.jpg\",\"contentUrl\":\"https:\/\/www.menschenrechte.org\/blog\/wp-content\/uploads\/2020\/02\/NMRZ_jpg-scaled.jpg\",\"width\":2560,\"height\":345,\"caption\":\"N\u00fcrnberger Menschenrechtszentrum\"},\"image\":{\"@id\":\"https:\/\/www.menschenrechte.org\/blog\/#\/schema\/logo\/image\/\"},\"sameAs\":[\"https:\/\/www.facebook.com\/NuernbergerMenschenrechtszentrum\/?eid=ARAoGFhiOGk5kmEnso1qow5TUUEWiHvB739MeabiJgTeX-H10uOy1x45ym-gISJGHPSkma6NciCJ1mFN\",\"https:\/\/www.instagram.com\/nbg_menschenrechtszentrum\/\"]},{\"@type\":\"Person\",\"@id\":\"https:\/\/www.menschenrechte.org\/blog\/#\/schema\/person\/06acdc67c4693501f5e5afa70bdcf76f\",\"name\":\"NMRZ\",\"image\":{\"@type\":\"ImageObject\",\"inLanguage\":\"de\",\"@id\":\"https:\/\/www.menschenrechte.org\/blog\/#\/schema\/person\/image\/161f673012c491a9c5277070adef6cf1\",\"url\":\"https:\/\/secure.gravatar.com\/avatar\/588f2eb7057970b2ce2156de5f2e9056d9137d5f273cc1cdb181b1d011e66f1a?s=96&d=mm&r=g\",\"contentUrl\":\"https:\/\/secure.gravatar.com\/avatar\/588f2eb7057970b2ce2156de5f2e9056d9137d5f273cc1cdb181b1d011e66f1a?s=96&d=mm&r=g\",\"caption\":\"NMRZ\"},\"url\":\"https:\/\/www.menschenrechte.org\/blog\/author\/menschenrechte\/\"}]}<\/script>\n<!-- \/ Yoast SEO plugin. -->","yoast_head_json":{"title":"Das weibliche Gesicht der Proteste in Belarus \u2013 Feminismus oder Kampf f\u00fcr Menschenrechte? - Menschenrechte - der Blog.","robots":{"index":"index","follow":"follow","max-snippet":"max-snippet:-1","max-image-preview":"max-image-preview:large","max-video-preview":"max-video-preview:-1"},"canonical":"https:\/\/www.menschenrechte.org\/blog\/das-weibliche-gesicht-der-proteste-in-belarus-feminismus-oder-kampf-fuer-menschenrechte\/","og_locale":"de_DE","og_type":"article","og_title":"Das weibliche Gesicht der Proteste in Belarus \u2013 Feminismus oder Kampf f\u00fcr Menschenrechte? - Menschenrechte - der Blog.","og_description":"By Eva Kirchner &#8211; \u201emein pflug steht fest, bewegt sich nicht vom fleck\u201c so hei\u00dft es in einem Gedicht der...","og_url":"https:\/\/www.menschenrechte.org\/blog\/das-weibliche-gesicht-der-proteste-in-belarus-feminismus-oder-kampf-fuer-menschenrechte\/","og_site_name":"Menschenrechte - der Blog.","article_publisher":"https:\/\/www.facebook.com\/NuernbergerMenschenrechtszentrum\/?eid=ARAoGFhiOGk5kmEnso1qow5TUUEWiHvB739MeabiJgTeX-H10uOy1x45ym-gISJGHPSkma6NciCJ1mFN","article_published_time":"2020-10-21T13:00:00+00:00","og_image":[{"width":1120,"height":746,"url":"https:\/\/www.menschenrechte.org\/blog\/wp-content\/uploads\/2020\/10\/Lukaschenko.png","type":"image\/png"}],"author":"NMRZ","twitter_misc":{"Verfasst von":"NMRZ","Gesch\u00e4tzte Lesezeit":"5\u00a0Minuten","Written by":"NMRZ"},"schema":{"@context":"https:\/\/schema.org","@graph":[{"@type":"Article","@id":"https:\/\/www.menschenrechte.org\/blog\/das-weibliche-gesicht-der-proteste-in-belarus-feminismus-oder-kampf-fuer-menschenrechte\/#article","isPartOf":{"@id":"https:\/\/www.menschenrechte.org\/blog\/das-weibliche-gesicht-der-proteste-in-belarus-feminismus-oder-kampf-fuer-menschenrechte\/"},"author":{"name":"NMRZ","@id":"https:\/\/www.menschenrechte.org\/blog\/#\/schema\/person\/06acdc67c4693501f5e5afa70bdcf76f"},"headline":"Das weibliche Gesicht der Proteste in Belarus \u2013 Feminismus oder Kampf f\u00fcr Menschenrechte?","datePublished":"2020-10-21T13:00:00+00:00","mainEntityOfPage":{"@id":"https:\/\/www.menschenrechte.org\/blog\/das-weibliche-gesicht-der-proteste-in-belarus-feminismus-oder-kampf-fuer-menschenrechte\/"},"wordCount":926,"commentCount":0,"publisher":{"@id":"https:\/\/www.menschenrechte.org\/blog\/#organization"},"image":{"@id":"https:\/\/www.menschenrechte.org\/blog\/das-weibliche-gesicht-der-proteste-in-belarus-feminismus-oder-kampf-fuer-menschenrechte\/#primaryimage"},"thumbnailUrl":"https:\/\/www.menschenrechte.org\/blog\/wp-content\/uploads\/2020\/10\/Lukaschenko.png","keywords":["Belarus","Demokratie","Feminismus","Menschenrechte"],"inLanguage":"de","potentialAction":[{"@type":"CommentAction","name":"Comment","target":["https:\/\/www.menschenrechte.org\/blog\/das-weibliche-gesicht-der-proteste-in-belarus-feminismus-oder-kampf-fuer-menschenrechte\/#respond"]}]},{"@type":"WebPage","@id":"https:\/\/www.menschenrechte.org\/blog\/das-weibliche-gesicht-der-proteste-in-belarus-feminismus-oder-kampf-fuer-menschenrechte\/","url":"https:\/\/www.menschenrechte.org\/blog\/das-weibliche-gesicht-der-proteste-in-belarus-feminismus-oder-kampf-fuer-menschenrechte\/","name":"Das weibliche Gesicht der Proteste in Belarus \u2013 Feminismus oder Kampf f\u00fcr Menschenrechte? - Menschenrechte - der Blog.","isPartOf":{"@id":"https:\/\/www.menschenrechte.org\/blog\/#website"},"primaryImageOfPage":{"@id":"https:\/\/www.menschenrechte.org\/blog\/das-weibliche-gesicht-der-proteste-in-belarus-feminismus-oder-kampf-fuer-menschenrechte\/#primaryimage"},"image":{"@id":"https:\/\/www.menschenrechte.org\/blog\/das-weibliche-gesicht-der-proteste-in-belarus-feminismus-oder-kampf-fuer-menschenrechte\/#primaryimage"},"thumbnailUrl":"https:\/\/www.menschenrechte.org\/blog\/wp-content\/uploads\/2020\/10\/Lukaschenko.png","datePublished":"2020-10-21T13:00:00+00:00","breadcrumb":{"@id":"https:\/\/www.menschenrechte.org\/blog\/das-weibliche-gesicht-der-proteste-in-belarus-feminismus-oder-kampf-fuer-menschenrechte\/#breadcrumb"},"inLanguage":"de","potentialAction":[{"@type":"ReadAction","target":["https:\/\/www.menschenrechte.org\/blog\/das-weibliche-gesicht-der-proteste-in-belarus-feminismus-oder-kampf-fuer-menschenrechte\/"]}]},{"@type":"ImageObject","inLanguage":"de","@id":"https:\/\/www.menschenrechte.org\/blog\/das-weibliche-gesicht-der-proteste-in-belarus-feminismus-oder-kampf-fuer-menschenrechte\/#primaryimage","url":"https:\/\/www.menschenrechte.org\/blog\/wp-content\/uploads\/2020\/10\/Lukaschenko.png","contentUrl":"https:\/\/www.menschenrechte.org\/blog\/wp-content\/uploads\/2020\/10\/Lukaschenko.png","width":1120,"height":746},{"@type":"BreadcrumbList","@id":"https:\/\/www.menschenrechte.org\/blog\/das-weibliche-gesicht-der-proteste-in-belarus-feminismus-oder-kampf-fuer-menschenrechte\/#breadcrumb","itemListElement":[{"@type":"ListItem","position":1,"name":"Startseite","item":"https:\/\/www.menschenrechte.org\/blog\/"},{"@type":"ListItem","position":2,"name":"Das weibliche Gesicht der Proteste in Belarus \u2013 Feminismus oder Kampf f\u00fcr Menschenrechte?"}]},{"@type":"WebSite","@id":"https:\/\/www.menschenrechte.org\/blog\/#website","url":"https:\/\/www.menschenrechte.org\/blog\/","name":"Menschenrechte - der Blog.","description":"N\u00fcrnberger Menschenrechtszentrum","publisher":{"@id":"https:\/\/www.menschenrechte.org\/blog\/#organization"},"potentialAction":[{"@type":"SearchAction","target":{"@type":"EntryPoint","urlTemplate":"https:\/\/www.menschenrechte.org\/blog\/?s={search_term_string}"},"query-input":{"@type":"PropertyValueSpecification","valueRequired":true,"valueName":"search_term_string"}}],"inLanguage":"de"},{"@type":"Organization","@id":"https:\/\/www.menschenrechte.org\/blog\/#organization","name":"N\u00fcrnberger Menschenrechtszentrum","url":"https:\/\/www.menschenrechte.org\/blog\/","logo":{"@type":"ImageObject","inLanguage":"de","@id":"https:\/\/www.menschenrechte.org\/blog\/#\/schema\/logo\/image\/","url":"https:\/\/www.menschenrechte.org\/blog\/wp-content\/uploads\/2020\/02\/NMRZ_jpg-scaled.jpg","contentUrl":"https:\/\/www.menschenrechte.org\/blog\/wp-content\/uploads\/2020\/02\/NMRZ_jpg-scaled.jpg","width":2560,"height":345,"caption":"N\u00fcrnberger Menschenrechtszentrum"},"image":{"@id":"https:\/\/www.menschenrechte.org\/blog\/#\/schema\/logo\/image\/"},"sameAs":["https:\/\/www.facebook.com\/NuernbergerMenschenrechtszentrum\/?eid=ARAoGFhiOGk5kmEnso1qow5TUUEWiHvB739MeabiJgTeX-H10uOy1x45ym-gISJGHPSkma6NciCJ1mFN","https:\/\/www.instagram.com\/nbg_menschenrechtszentrum\/"]},{"@type":"Person","@id":"https:\/\/www.menschenrechte.org\/blog\/#\/schema\/person\/06acdc67c4693501f5e5afa70bdcf76f","name":"NMRZ","image":{"@type":"ImageObject","inLanguage":"de","@id":"https:\/\/www.menschenrechte.org\/blog\/#\/schema\/person\/image\/161f673012c491a9c5277070adef6cf1","url":"https:\/\/secure.gravatar.com\/avatar\/588f2eb7057970b2ce2156de5f2e9056d9137d5f273cc1cdb181b1d011e66f1a?s=96&d=mm&r=g","contentUrl":"https:\/\/secure.gravatar.com\/avatar\/588f2eb7057970b2ce2156de5f2e9056d9137d5f273cc1cdb181b1d011e66f1a?s=96&d=mm&r=g","caption":"NMRZ"},"url":"https:\/\/www.menschenrechte.org\/blog\/author\/menschenrechte\/"}]}},"_links":{"self":[{"href":"https:\/\/www.menschenrechte.org\/blog\/wp-json\/wp\/v2\/posts\/650","targetHints":{"allow":["GET"]}}],"collection":[{"href":"https:\/\/www.menschenrechte.org\/blog\/wp-json\/wp\/v2\/posts"}],"about":[{"href":"https:\/\/www.menschenrechte.org\/blog\/wp-json\/wp\/v2\/types\/post"}],"author":[{"embeddable":true,"href":"https:\/\/www.menschenrechte.org\/blog\/wp-json\/wp\/v2\/users\/1"}],"replies":[{"embeddable":true,"href":"https:\/\/www.menschenrechte.org\/blog\/wp-json\/wp\/v2\/comments?post=650"}],"version-history":[{"count":2,"href":"https:\/\/www.menschenrechte.org\/blog\/wp-json\/wp\/v2\/posts\/650\/revisions"}],"predecessor-version":[{"id":656,"href":"https:\/\/www.menschenrechte.org\/blog\/wp-json\/wp\/v2\/posts\/650\/revisions\/656"}],"wp:featuredmedia":[{"embeddable":true,"href":"https:\/\/www.menschenrechte.org\/blog\/wp-json\/wp\/v2\/media\/653"}],"wp:attachment":[{"href":"https:\/\/www.menschenrechte.org\/blog\/wp-json\/wp\/v2\/media?parent=650"}],"wp:term":[{"taxonomy":"category","embeddable":true,"href":"https:\/\/www.menschenrechte.org\/blog\/wp-json\/wp\/v2\/categories?post=650"},{"taxonomy":"post_tag","embeddable":true,"href":"https:\/\/www.menschenrechte.org\/blog\/wp-json\/wp\/v2\/tags?post=650"},{"taxonomy":"author","embeddable":true,"href":"https:\/\/www.menschenrechte.org\/blog\/wp-json\/wp\/v2\/coauthors?post=650"}],"curies":[{"name":"wp","href":"https:\/\/api.w.org\/{rel}","templated":true}]}}