{"id":898,"date":"2021-06-02T21:25:41","date_gmt":"2021-06-02T19:25:41","guid":{"rendered":"https:\/\/www.menschenrechte.org\/blog\/?p=898"},"modified":"2021-06-02T21:25:45","modified_gmt":"2021-06-02T19:25:45","slug":"mehr-als-in-stein-gemeisselt","status":"publish","type":"post","link":"https:\/\/www.menschenrechte.org\/blog\/mehr-als-in-stein-gemeisselt\/","title":{"rendered":"Mehr als in Stein gemei\u00dfelt"},"content":{"rendered":"\n<p><strong>Zum Dank an Dani Karavan, dem Sch\u00f6pfer der \u201eStra\u00dfe der Menschenrechte\u201c in N\u00fcrnberg<\/strong><\/p>\n\n\n\n<p>Ob wohl Passantinnen und Passanten, die t\u00e4glich durch die Kart\u00e4usergasse in N\u00fcrnberg eilen oder bummeln, auch mal spontan an einer von Dani Karavans Menschenrechts-S\u00e4ulen stehen bleiben und sich anregen lassen? Wer wei\u00df. Sicher ist aber, dass die Stra\u00dfe der Menschenrechte eine zentrale Adresse f\u00fcr politische Aktionen in N\u00fcrnberg ist. Und, dass sie ein idealer Ausgangspunkt f\u00fcr Menschenrechtsbildung sein kann. Ich war regelm\u00e4\u00dfig mit Gruppen unterwegs, um hier mit ihnen einen Einstieg in einzelne Menschenrechtsfragen oder auch in die ganze Erkl\u00e4rung zu finden. Nat\u00fcrlich waren immer die Erfahrungen und Fragen, die die Menschen dabei mitbringen, wichtig. Aber was konnte ich noch zu den in Stein gemei\u00dfelten Menschenrechtsartikeln erg\u00e4nzen?<br>Dani Karavan selbst gibt eine Reihe von Hinweisen auf den Geist, in dem er diese imposant, fundamental und auch sakral wirkenden S\u00e4ulen mit den kurzen Rechtstexten versehen hat.<\/p>\n\n\n\n<p><em>\u201eLo tirzach&#8220;<\/em> (Du sollst nicht t\u00f6ten) steht an der Innenseite des Tores. Das grundlegende Gebot der Weltreligionen galt dem jetzt im Alter von 90 Jahren verstorbenen israelischen K\u00fcnstler als erstes Gebot jeder Ethik, als Satz am Eingang zum Rechtekatalog. Den ersten Artikel der Allgemeinen Erkl\u00e4rung der Menschenrechte \u2013 <em>\u201eAlle Menschen sind frei und gleich an W\u00fcrde und Rechten geboren\u201c<\/em> \u2013 schreibt er in Jiddisch in Erinnerung an seine 1941 in Lemberg (Lwow) von den Nazis ermordeten Gro\u00dfmutter.<\/p>\n\n\n\n<p>Wenn ich mit der Gruppe weitergehe zu S\u00e4ule drei, kann ich den Geist Karavans mit den S\u00e4tzen aus seiner Einweihungsrede von 1993 zu Wort kommen lassen: <em>\u201eIch nehme Dich an der Hand, kleine Anne Frank \u2013 zu dieser Zeit war ich kleiner als Du \u2013und wir gehen gemeinsam den dritten Artikel der Menschenrechtserkl\u00e4rung lesen, geschrieben in Deiner Sprache, auf Holl\u00e4ndisch, auf dem dritten Pfeiler: &#8218;Recht op Leven, Vrijheid en Onschendbaarheid van de Person&#8216;<\/em> <em>(Recht auf Leben, Freiheit und Sicherheit der Person). Und ich sehe Kinder, viele Kinder, deren Recht auf Leben nicht geachtet worden ist.\u201c<\/em><\/p>\n\n\n\n<div class=\"wp-block-image\"><figure class=\"aligncenter size-large is-resized\"><img loading=\"lazy\" decoding=\"async\" src=\"https:\/\/www.menschenrechte.org\/blog\/wp-content\/uploads\/2021\/06\/Strasse-der-Menschenrechte_sw-1024x678.jpg\" alt=\"\" class=\"wp-image-900\" width=\"515\" height=\"341\" srcset=\"https:\/\/www.menschenrechte.org\/blog\/wp-content\/uploads\/2021\/06\/Strasse-der-Menschenrechte_sw-1024x678.jpg 1024w, https:\/\/www.menschenrechte.org\/blog\/wp-content\/uploads\/2021\/06\/Strasse-der-Menschenrechte_sw-300x199.jpg 300w, https:\/\/www.menschenrechte.org\/blog\/wp-content\/uploads\/2021\/06\/Strasse-der-Menschenrechte_sw-768x509.jpg 768w, https:\/\/www.menschenrechte.org\/blog\/wp-content\/uploads\/2021\/06\/Strasse-der-Menschenrechte_sw-640x424.jpg 640w, https:\/\/www.menschenrechte.org\/blog\/wp-content\/uploads\/2021\/06\/Strasse-der-Menschenrechte_sw-1040x689.jpg 1040w, https:\/\/www.menschenrechte.org\/blog\/wp-content\/uploads\/2021\/06\/Strasse-der-Menschenrechte_sw.jpg 1199w\" sizes=\"auto, (max-width: 515px) 100vw, 515px\" \/><figcaption>Stra\u00dfe der Menschenrechte<\/figcaption><\/figure><\/div>\n\n\n\n<h2 class=\"wp-block-heading\"><strong>In der Mitte: Artikel 15<\/strong><\/h2>\n\n\n\n<p>\u00dcber die S\u00e4ule 15 sagte Karavan am 24. Oktober 2013, bei der Feier zum 20. Jahrestag der Einweihung: <em>\u201eIvrit, wie hebr\u00e4isch auf hebr\u00e4isch hei\u00dft, befindet sich auf der 15. S\u00e4ule &#8211; was der Entfernung zwischen N\u00fcrnberg und Jerusalem entspricht. Auf dieser S\u00e4ule ist das &#8218;Recht des Menschen bez\u00fcglich seines Heimatlandes und Staates&#8216; eingemei\u00dfelt. Diesen Artikel haben auch wir, die Israelis unterzeichnet, und vielleicht ist es endlich an der Zeit, dies in die Tat umzusetzen, und die Rechte der Pal\u00e4stinenser auf eine eigene Heimat, und einen eigenen Staat anzuerkennen. Auf ein Leben in Freiheit und W\u00fcrde.\u201c<\/em> Der dies sagt, war kein Au\u00dfenseiter in Israel. Er gestaltete die Stirnseite der Knesset mit einem gro\u00dfen Relief gestaltet. Allerdings forderte er 2015 aus Protest gegen die undemokratische Politik der Parlamentsmehrheit dessen \u201eEntfernung\u201c. Das Kunstwerk macht die ganze Wand aus und kann somit nicht entfernt werden. Es tr\u00e4gt den Vermerk: <em>\u201eGeschaffen von einem Mitglied von Yesh Din.\u201c <\/em>(nach <a href=\"https:\/\/www.deutschlandfunk.de\/israel-kuenstler-verlangt-aus-protest-gegen-politik-knesset.691.de.html?dram:article_id=361264\" target=\"_blank\" rel=\"noreferrer noopener\">Deutschlandfunk<\/a>)<\/p>\n\n\n\n<p>Yesh Din ist eine israelische Menschenrechtsorganisation in Tel Aviv-Jaffa, die Pal\u00e4stinensern aus den besetzten Gebieten Rechtsbeistand anbietet. Der Name bedeutet auf hebr\u00e4isch <em>\u201eEs gibt Recht\u201c<\/em>. Die Organisation wurde im M\u00e4rz 2005 <a href=\"https:\/\/de.wikipedia.org\/wiki\/Jesch_Din\" target=\"_blank\" rel=\"noreferrer noopener\">gegr\u00fcndet<\/a>. <\/p>\n\n\n\n<p>Zur\u00fcck zu meiner F\u00fchrung, in der ich auch schon mal gefragt wurde, ob denn Karavan ein religi\u00f6ser Mensch sei. Ich habe dann auf einen weiteren Bezug zur Bibel hingewiesen: In der Rede zum 20. Jahrestag der Einweihung der Stra\u00dfe der Menschenrechte im Jahr 2013 fragte er angesichts der Shoah: <em>\u201eGibt es trotzdem einen Gott? Ist der Mensch nach seinem Bilde erschaffen worden? Im Levitikus, dem 3. Buch Mose des Alten Testaments, steht geschrieben: &#8218;V\u00e9ahavta L\u00e9r\u00e9acha Camocha&#8216; (Liebe Deinen N\u00e4chsten wie Dich selbst). Drei Worte, und die gesamte Menschenrechtserkl\u00e4rung ist ausgedr\u00fcckt.&#8220;<\/em><\/p>\n\n\n\n<p>Wir im N\u00fcrnberger Menschenrechtszentrum betonen zwar gerade auch in der Bildungsarbeit den politisch-rechtlichen Charakter der Menschenrechte gegen\u00fcber ihrer \u201anur moralischen\u2018 Dimension; aber motivierend und verbindend ist auch der Geist der Menschenrechte. Karavans S\u00e4ulenreihe l\u00e4sst ihn f\u00fcr aufmerksame Menschen sp\u00fcrbar, auf jeden Fall aber sichtbar werden.<\/p>\n\n\n\n<div class=\"wp-block-image\"><figure class=\"aligncenter size-large is-resized\"><img loading=\"lazy\" decoding=\"async\" src=\"https:\/\/www.menschenrechte.org\/blog\/wp-content\/uploads\/2021\/06\/Dani_Karavan_Berlin_2008_schwarzweiss.jpg\" alt=\"\" class=\"wp-image-899\" width=\"498\" height=\"406\" srcset=\"https:\/\/www.menschenrechte.org\/blog\/wp-content\/uploads\/2021\/06\/Dani_Karavan_Berlin_2008_schwarzweiss.jpg 1024w, https:\/\/www.menschenrechte.org\/blog\/wp-content\/uploads\/2021\/06\/Dani_Karavan_Berlin_2008_schwarzweiss-300x245.jpg 300w, https:\/\/www.menschenrechte.org\/blog\/wp-content\/uploads\/2021\/06\/Dani_Karavan_Berlin_2008_schwarzweiss-768x627.jpg 768w, https:\/\/www.menschenrechte.org\/blog\/wp-content\/uploads\/2021\/06\/Dani_Karavan_Berlin_2008_schwarzweiss-640x523.jpg 640w\" sizes=\"auto, (max-width: 498px) 100vw, 498px\" \/><figcaption>team art in berlin, Dani Karavan Berlin 2008, bearbeitet von NMRZ, CC BY-SA 2.0 <\/figcaption><\/figure><\/div>\n","protected":false},"excerpt":{"rendered":"<p>Zum Dank an Dani Karavan, dem Sch\u00f6pfer der \u201eStra\u00dfe der Menschenrechte\u201c in N\u00fcrnberg Ob wohl Passantinnen und Passanten, die t\u00e4glich&#8230;<\/p>\n","protected":false},"author":10,"featured_media":899,"comment_status":"open","ping_status":"open","sticky":false,"template":"","format":"standard","meta":{"footnotes":""},"categories":[1],"tags":[91,104],"coauthors":[54],"class_list":["post-898","post","type-post","status-publish","format-standard","has-post-thumbnail","hentry","category-allgemein","tag-menschenrechte","tag-nuernberg","post-archive"],"yoast_head":"<!-- This site is optimized with the Yoast SEO plugin v26.5 - https:\/\/yoast.com\/wordpress\/plugins\/seo\/ -->\n<title>Mehr als in Stein gemei\u00dfelt - Menschenrechte - der Blog.<\/title>\n<meta name=\"robots\" content=\"index, follow, max-snippet:-1, max-image-preview:large, max-video-preview:-1\" \/>\n<link rel=\"canonical\" href=\"https:\/\/www.menschenrechte.org\/blog\/mehr-als-in-stein-gemeisselt\/\" \/>\n<meta property=\"og:locale\" content=\"de_DE\" \/>\n<meta property=\"og:type\" content=\"article\" \/>\n<meta property=\"og:title\" content=\"Mehr als in Stein gemei\u00dfelt - Menschenrechte - der Blog.\" \/>\n<meta property=\"og:description\" content=\"Zum Dank an Dani Karavan, dem Sch\u00f6pfer der \u201eStra\u00dfe der Menschenrechte\u201c in N\u00fcrnberg Ob wohl Passantinnen und Passanten, die t\u00e4glich...\" \/>\n<meta property=\"og:url\" content=\"https:\/\/www.menschenrechte.org\/blog\/mehr-als-in-stein-gemeisselt\/\" \/>\n<meta property=\"og:site_name\" content=\"Menschenrechte - der Blog.\" \/>\n<meta property=\"article:publisher\" content=\"https:\/\/www.facebook.com\/NuernbergerMenschenrechtszentrum\/?eid=ARAoGFhiOGk5kmEnso1qow5TUUEWiHvB739MeabiJgTeX-H10uOy1x45ym-gISJGHPSkma6NciCJ1mFN\" \/>\n<meta property=\"article:published_time\" content=\"2021-06-02T19:25:41+00:00\" \/>\n<meta property=\"article:modified_time\" content=\"2021-06-02T19:25:45+00:00\" \/>\n<meta property=\"og:image\" content=\"https:\/\/www.menschenrechte.org\/blog\/wp-content\/uploads\/2021\/06\/Dani_Karavan_Berlin_2008_schwarzweiss.jpg\" \/>\n\t<meta property=\"og:image:width\" content=\"1024\" \/>\n\t<meta property=\"og:image:height\" content=\"836\" \/>\n\t<meta property=\"og:image:type\" content=\"image\/jpeg\" \/>\n<meta name=\"author\" content=\"Otto B\u00f6hm\" \/>\n<meta name=\"twitter:label1\" content=\"Verfasst von\" \/>\n\t<meta name=\"twitter:data1\" content=\"Otto B\u00f6hm\" \/>\n\t<meta name=\"twitter:label2\" content=\"Gesch\u00e4tzte Lesezeit\" \/>\n\t<meta name=\"twitter:data2\" content=\"4\u00a0Minuten\" \/>\n\t<meta name=\"twitter:label3\" content=\"Written by\" \/>\n\t<meta name=\"twitter:data3\" content=\"Otto B\u00f6hm\" \/>\n<script type=\"application\/ld+json\" class=\"yoast-schema-graph\">{\"@context\":\"https:\/\/schema.org\",\"@graph\":[{\"@type\":\"Article\",\"@id\":\"https:\/\/www.menschenrechte.org\/blog\/mehr-als-in-stein-gemeisselt\/#article\",\"isPartOf\":{\"@id\":\"https:\/\/www.menschenrechte.org\/blog\/mehr-als-in-stein-gemeisselt\/\"},\"author\":{\"name\":\"Otto B\u00f6hm\",\"@id\":\"https:\/\/www.menschenrechte.org\/blog\/#\/schema\/person\/b2b10d5ce69cc7e327e2cf59dfae9327\"},\"headline\":\"Mehr als in Stein gemei\u00dfelt\",\"datePublished\":\"2021-06-02T19:25:41+00:00\",\"dateModified\":\"2021-06-02T19:25:45+00:00\",\"mainEntityOfPage\":{\"@id\":\"https:\/\/www.menschenrechte.org\/blog\/mehr-als-in-stein-gemeisselt\/\"},\"wordCount\":711,\"commentCount\":0,\"publisher\":{\"@id\":\"https:\/\/www.menschenrechte.org\/blog\/#organization\"},\"image\":{\"@id\":\"https:\/\/www.menschenrechte.org\/blog\/mehr-als-in-stein-gemeisselt\/#primaryimage\"},\"thumbnailUrl\":\"https:\/\/www.menschenrechte.org\/blog\/wp-content\/uploads\/2021\/06\/Dani_Karavan_Berlin_2008_schwarzweiss.jpg\",\"keywords\":[\"Menschenrechte\",\"N\u00fcrnberg\"],\"inLanguage\":\"de\",\"potentialAction\":[{\"@type\":\"CommentAction\",\"name\":\"Comment\",\"target\":[\"https:\/\/www.menschenrechte.org\/blog\/mehr-als-in-stein-gemeisselt\/#respond\"]}]},{\"@type\":\"WebPage\",\"@id\":\"https:\/\/www.menschenrechte.org\/blog\/mehr-als-in-stein-gemeisselt\/\",\"url\":\"https:\/\/www.menschenrechte.org\/blog\/mehr-als-in-stein-gemeisselt\/\",\"name\":\"Mehr als in Stein gemei\u00dfelt - Menschenrechte - der Blog.\",\"isPartOf\":{\"@id\":\"https:\/\/www.menschenrechte.org\/blog\/#website\"},\"primaryImageOfPage\":{\"@id\":\"https:\/\/www.menschenrechte.org\/blog\/mehr-als-in-stein-gemeisselt\/#primaryimage\"},\"image\":{\"@id\":\"https:\/\/www.menschenrechte.org\/blog\/mehr-als-in-stein-gemeisselt\/#primaryimage\"},\"thumbnailUrl\":\"https:\/\/www.menschenrechte.org\/blog\/wp-content\/uploads\/2021\/06\/Dani_Karavan_Berlin_2008_schwarzweiss.jpg\",\"datePublished\":\"2021-06-02T19:25:41+00:00\",\"dateModified\":\"2021-06-02T19:25:45+00:00\",\"breadcrumb\":{\"@id\":\"https:\/\/www.menschenrechte.org\/blog\/mehr-als-in-stein-gemeisselt\/#breadcrumb\"},\"inLanguage\":\"de\",\"potentialAction\":[{\"@type\":\"ReadAction\",\"target\":[\"https:\/\/www.menschenrechte.org\/blog\/mehr-als-in-stein-gemeisselt\/\"]}]},{\"@type\":\"ImageObject\",\"inLanguage\":\"de\",\"@id\":\"https:\/\/www.menschenrechte.org\/blog\/mehr-als-in-stein-gemeisselt\/#primaryimage\",\"url\":\"https:\/\/www.menschenrechte.org\/blog\/wp-content\/uploads\/2021\/06\/Dani_Karavan_Berlin_2008_schwarzweiss.jpg\",\"contentUrl\":\"https:\/\/www.menschenrechte.org\/blog\/wp-content\/uploads\/2021\/06\/Dani_Karavan_Berlin_2008_schwarzweiss.jpg\",\"width\":1024,\"height\":836,\"caption\":\"team art in berlin, Dani Karavan Berlin 2008, bearbeitet von NMRZ, CC BY-SA 2.0\"},{\"@type\":\"BreadcrumbList\",\"@id\":\"https:\/\/www.menschenrechte.org\/blog\/mehr-als-in-stein-gemeisselt\/#breadcrumb\",\"itemListElement\":[{\"@type\":\"ListItem\",\"position\":1,\"name\":\"Startseite\",\"item\":\"https:\/\/www.menschenrechte.org\/blog\/\"},{\"@type\":\"ListItem\",\"position\":2,\"name\":\"Mehr als in Stein gemei\u00dfelt\"}]},{\"@type\":\"WebSite\",\"@id\":\"https:\/\/www.menschenrechte.org\/blog\/#website\",\"url\":\"https:\/\/www.menschenrechte.org\/blog\/\",\"name\":\"Menschenrechte - der Blog.\",\"description\":\"N\u00fcrnberger Menschenrechtszentrum\",\"publisher\":{\"@id\":\"https:\/\/www.menschenrechte.org\/blog\/#organization\"},\"potentialAction\":[{\"@type\":\"SearchAction\",\"target\":{\"@type\":\"EntryPoint\",\"urlTemplate\":\"https:\/\/www.menschenrechte.org\/blog\/?s={search_term_string}\"},\"query-input\":{\"@type\":\"PropertyValueSpecification\",\"valueRequired\":true,\"valueName\":\"search_term_string\"}}],\"inLanguage\":\"de\"},{\"@type\":\"Organization\",\"@id\":\"https:\/\/www.menschenrechte.org\/blog\/#organization\",\"name\":\"N\u00fcrnberger Menschenrechtszentrum\",\"url\":\"https:\/\/www.menschenrechte.org\/blog\/\",\"logo\":{\"@type\":\"ImageObject\",\"inLanguage\":\"de\",\"@id\":\"https:\/\/www.menschenrechte.org\/blog\/#\/schema\/logo\/image\/\",\"url\":\"https:\/\/www.menschenrechte.org\/blog\/wp-content\/uploads\/2020\/02\/NMRZ_jpg-scaled.jpg\",\"contentUrl\":\"https:\/\/www.menschenrechte.org\/blog\/wp-content\/uploads\/2020\/02\/NMRZ_jpg-scaled.jpg\",\"width\":2560,\"height\":345,\"caption\":\"N\u00fcrnberger Menschenrechtszentrum\"},\"image\":{\"@id\":\"https:\/\/www.menschenrechte.org\/blog\/#\/schema\/logo\/image\/\"},\"sameAs\":[\"https:\/\/www.facebook.com\/NuernbergerMenschenrechtszentrum\/?eid=ARAoGFhiOGk5kmEnso1qow5TUUEWiHvB739MeabiJgTeX-H10uOy1x45ym-gISJGHPSkma6NciCJ1mFN\",\"https:\/\/www.instagram.com\/nbg_menschenrechtszentrum\/\"]},{\"@type\":\"Person\",\"@id\":\"https:\/\/www.menschenrechte.org\/blog\/#\/schema\/person\/b2b10d5ce69cc7e327e2cf59dfae9327\",\"name\":\"Otto B\u00f6hm\",\"image\":{\"@type\":\"ImageObject\",\"inLanguage\":\"de\",\"@id\":\"https:\/\/www.menschenrechte.org\/blog\/#\/schema\/person\/image\/275b4fe748f976db7726b557f7c52fe5\",\"url\":\"https:\/\/secure.gravatar.com\/avatar\/9cedcb8f2758b0775a6fdbc64f4a50fd73964517f9f97da2f0a19f053b8d51c6?s=96&d=mm&r=g\",\"contentUrl\":\"https:\/\/secure.gravatar.com\/avatar\/9cedcb8f2758b0775a6fdbc64f4a50fd73964517f9f97da2f0a19f053b8d51c6?s=96&d=mm&r=g\",\"caption\":\"Otto B\u00f6hm\"},\"description\":\"Dr. Otto B\u00f6hm war Mitarbeiter des Verlages N\u00fcrnberger Presse. Er arbeitet seit vielen Jahren wissenschaftlich und praktisch zur historisch-politischen Menschenrechtsbildung. Im N\u00fcrnberger Menschenrechtszentrum (NMRZ) ist er seit dessen Gr\u00fcndung 1989 aktiv.\",\"url\":\"https:\/\/www.menschenrechte.org\/blog\/author\/otto\/\"}]}<\/script>\n<!-- \/ Yoast SEO plugin. -->","yoast_head_json":{"title":"Mehr als in Stein gemei\u00dfelt - Menschenrechte - der Blog.","robots":{"index":"index","follow":"follow","max-snippet":"max-snippet:-1","max-image-preview":"max-image-preview:large","max-video-preview":"max-video-preview:-1"},"canonical":"https:\/\/www.menschenrechte.org\/blog\/mehr-als-in-stein-gemeisselt\/","og_locale":"de_DE","og_type":"article","og_title":"Mehr als in Stein gemei\u00dfelt - Menschenrechte - der Blog.","og_description":"Zum Dank an Dani Karavan, dem Sch\u00f6pfer der \u201eStra\u00dfe der Menschenrechte\u201c in N\u00fcrnberg Ob wohl Passantinnen und Passanten, die t\u00e4glich...","og_url":"https:\/\/www.menschenrechte.org\/blog\/mehr-als-in-stein-gemeisselt\/","og_site_name":"Menschenrechte - der Blog.","article_publisher":"https:\/\/www.facebook.com\/NuernbergerMenschenrechtszentrum\/?eid=ARAoGFhiOGk5kmEnso1qow5TUUEWiHvB739MeabiJgTeX-H10uOy1x45ym-gISJGHPSkma6NciCJ1mFN","article_published_time":"2021-06-02T19:25:41+00:00","article_modified_time":"2021-06-02T19:25:45+00:00","og_image":[{"width":1024,"height":836,"url":"https:\/\/www.menschenrechte.org\/blog\/wp-content\/uploads\/2021\/06\/Dani_Karavan_Berlin_2008_schwarzweiss.jpg","type":"image\/jpeg"}],"author":"Otto B\u00f6hm","twitter_misc":{"Verfasst von":"Otto B\u00f6hm","Gesch\u00e4tzte Lesezeit":"4\u00a0Minuten","Written by":"Otto B\u00f6hm"},"schema":{"@context":"https:\/\/schema.org","@graph":[{"@type":"Article","@id":"https:\/\/www.menschenrechte.org\/blog\/mehr-als-in-stein-gemeisselt\/#article","isPartOf":{"@id":"https:\/\/www.menschenrechte.org\/blog\/mehr-als-in-stein-gemeisselt\/"},"author":{"name":"Otto B\u00f6hm","@id":"https:\/\/www.menschenrechte.org\/blog\/#\/schema\/person\/b2b10d5ce69cc7e327e2cf59dfae9327"},"headline":"Mehr als in Stein gemei\u00dfelt","datePublished":"2021-06-02T19:25:41+00:00","dateModified":"2021-06-02T19:25:45+00:00","mainEntityOfPage":{"@id":"https:\/\/www.menschenrechte.org\/blog\/mehr-als-in-stein-gemeisselt\/"},"wordCount":711,"commentCount":0,"publisher":{"@id":"https:\/\/www.menschenrechte.org\/blog\/#organization"},"image":{"@id":"https:\/\/www.menschenrechte.org\/blog\/mehr-als-in-stein-gemeisselt\/#primaryimage"},"thumbnailUrl":"https:\/\/www.menschenrechte.org\/blog\/wp-content\/uploads\/2021\/06\/Dani_Karavan_Berlin_2008_schwarzweiss.jpg","keywords":["Menschenrechte","N\u00fcrnberg"],"inLanguage":"de","potentialAction":[{"@type":"CommentAction","name":"Comment","target":["https:\/\/www.menschenrechte.org\/blog\/mehr-als-in-stein-gemeisselt\/#respond"]}]},{"@type":"WebPage","@id":"https:\/\/www.menschenrechte.org\/blog\/mehr-als-in-stein-gemeisselt\/","url":"https:\/\/www.menschenrechte.org\/blog\/mehr-als-in-stein-gemeisselt\/","name":"Mehr als in Stein gemei\u00dfelt - Menschenrechte - der Blog.","isPartOf":{"@id":"https:\/\/www.menschenrechte.org\/blog\/#website"},"primaryImageOfPage":{"@id":"https:\/\/www.menschenrechte.org\/blog\/mehr-als-in-stein-gemeisselt\/#primaryimage"},"image":{"@id":"https:\/\/www.menschenrechte.org\/blog\/mehr-als-in-stein-gemeisselt\/#primaryimage"},"thumbnailUrl":"https:\/\/www.menschenrechte.org\/blog\/wp-content\/uploads\/2021\/06\/Dani_Karavan_Berlin_2008_schwarzweiss.jpg","datePublished":"2021-06-02T19:25:41+00:00","dateModified":"2021-06-02T19:25:45+00:00","breadcrumb":{"@id":"https:\/\/www.menschenrechte.org\/blog\/mehr-als-in-stein-gemeisselt\/#breadcrumb"},"inLanguage":"de","potentialAction":[{"@type":"ReadAction","target":["https:\/\/www.menschenrechte.org\/blog\/mehr-als-in-stein-gemeisselt\/"]}]},{"@type":"ImageObject","inLanguage":"de","@id":"https:\/\/www.menschenrechte.org\/blog\/mehr-als-in-stein-gemeisselt\/#primaryimage","url":"https:\/\/www.menschenrechte.org\/blog\/wp-content\/uploads\/2021\/06\/Dani_Karavan_Berlin_2008_schwarzweiss.jpg","contentUrl":"https:\/\/www.menschenrechte.org\/blog\/wp-content\/uploads\/2021\/06\/Dani_Karavan_Berlin_2008_schwarzweiss.jpg","width":1024,"height":836,"caption":"team art in berlin, Dani Karavan Berlin 2008, bearbeitet von NMRZ, CC BY-SA 2.0"},{"@type":"BreadcrumbList","@id":"https:\/\/www.menschenrechte.org\/blog\/mehr-als-in-stein-gemeisselt\/#breadcrumb","itemListElement":[{"@type":"ListItem","position":1,"name":"Startseite","item":"https:\/\/www.menschenrechte.org\/blog\/"},{"@type":"ListItem","position":2,"name":"Mehr als in Stein gemei\u00dfelt"}]},{"@type":"WebSite","@id":"https:\/\/www.menschenrechte.org\/blog\/#website","url":"https:\/\/www.menschenrechte.org\/blog\/","name":"Menschenrechte - der Blog.","description":"N\u00fcrnberger Menschenrechtszentrum","publisher":{"@id":"https:\/\/www.menschenrechte.org\/blog\/#organization"},"potentialAction":[{"@type":"SearchAction","target":{"@type":"EntryPoint","urlTemplate":"https:\/\/www.menschenrechte.org\/blog\/?s={search_term_string}"},"query-input":{"@type":"PropertyValueSpecification","valueRequired":true,"valueName":"search_term_string"}}],"inLanguage":"de"},{"@type":"Organization","@id":"https:\/\/www.menschenrechte.org\/blog\/#organization","name":"N\u00fcrnberger Menschenrechtszentrum","url":"https:\/\/www.menschenrechte.org\/blog\/","logo":{"@type":"ImageObject","inLanguage":"de","@id":"https:\/\/www.menschenrechte.org\/blog\/#\/schema\/logo\/image\/","url":"https:\/\/www.menschenrechte.org\/blog\/wp-content\/uploads\/2020\/02\/NMRZ_jpg-scaled.jpg","contentUrl":"https:\/\/www.menschenrechte.org\/blog\/wp-content\/uploads\/2020\/02\/NMRZ_jpg-scaled.jpg","width":2560,"height":345,"caption":"N\u00fcrnberger Menschenrechtszentrum"},"image":{"@id":"https:\/\/www.menschenrechte.org\/blog\/#\/schema\/logo\/image\/"},"sameAs":["https:\/\/www.facebook.com\/NuernbergerMenschenrechtszentrum\/?eid=ARAoGFhiOGk5kmEnso1qow5TUUEWiHvB739MeabiJgTeX-H10uOy1x45ym-gISJGHPSkma6NciCJ1mFN","https:\/\/www.instagram.com\/nbg_menschenrechtszentrum\/"]},{"@type":"Person","@id":"https:\/\/www.menschenrechte.org\/blog\/#\/schema\/person\/b2b10d5ce69cc7e327e2cf59dfae9327","name":"Otto B\u00f6hm","image":{"@type":"ImageObject","inLanguage":"de","@id":"https:\/\/www.menschenrechte.org\/blog\/#\/schema\/person\/image\/275b4fe748f976db7726b557f7c52fe5","url":"https:\/\/secure.gravatar.com\/avatar\/9cedcb8f2758b0775a6fdbc64f4a50fd73964517f9f97da2f0a19f053b8d51c6?s=96&d=mm&r=g","contentUrl":"https:\/\/secure.gravatar.com\/avatar\/9cedcb8f2758b0775a6fdbc64f4a50fd73964517f9f97da2f0a19f053b8d51c6?s=96&d=mm&r=g","caption":"Otto B\u00f6hm"},"description":"Dr. Otto B\u00f6hm war Mitarbeiter des Verlages N\u00fcrnberger Presse. Er arbeitet seit vielen Jahren wissenschaftlich und praktisch zur historisch-politischen Menschenrechtsbildung. Im N\u00fcrnberger Menschenrechtszentrum (NMRZ) ist er seit dessen Gr\u00fcndung 1989 aktiv.","url":"https:\/\/www.menschenrechte.org\/blog\/author\/otto\/"}]}},"_links":{"self":[{"href":"https:\/\/www.menschenrechte.org\/blog\/wp-json\/wp\/v2\/posts\/898","targetHints":{"allow":["GET"]}}],"collection":[{"href":"https:\/\/www.menschenrechte.org\/blog\/wp-json\/wp\/v2\/posts"}],"about":[{"href":"https:\/\/www.menschenrechte.org\/blog\/wp-json\/wp\/v2\/types\/post"}],"author":[{"embeddable":true,"href":"https:\/\/www.menschenrechte.org\/blog\/wp-json\/wp\/v2\/users\/10"}],"replies":[{"embeddable":true,"href":"https:\/\/www.menschenrechte.org\/blog\/wp-json\/wp\/v2\/comments?post=898"}],"version-history":[{"count":2,"href":"https:\/\/www.menschenrechte.org\/blog\/wp-json\/wp\/v2\/posts\/898\/revisions"}],"predecessor-version":[{"id":903,"href":"https:\/\/www.menschenrechte.org\/blog\/wp-json\/wp\/v2\/posts\/898\/revisions\/903"}],"wp:featuredmedia":[{"embeddable":true,"href":"https:\/\/www.menschenrechte.org\/blog\/wp-json\/wp\/v2\/media\/899"}],"wp:attachment":[{"href":"https:\/\/www.menschenrechte.org\/blog\/wp-json\/wp\/v2\/media?parent=898"}],"wp:term":[{"taxonomy":"category","embeddable":true,"href":"https:\/\/www.menschenrechte.org\/blog\/wp-json\/wp\/v2\/categories?post=898"},{"taxonomy":"post_tag","embeddable":true,"href":"https:\/\/www.menschenrechte.org\/blog\/wp-json\/wp\/v2\/tags?post=898"},{"taxonomy":"author","embeddable":true,"href":"https:\/\/www.menschenrechte.org\/blog\/wp-json\/wp\/v2\/coauthors?post=898"}],"curies":[{"name":"wp","href":"https:\/\/api.w.org\/{rel}","templated":true}]}}