{"id":959,"date":"2021-11-03T23:49:54","date_gmt":"2021-11-03T22:49:54","guid":{"rendered":"https:\/\/www.menschenrechte.org\/blog\/?p=959"},"modified":"2021-11-03T23:50:32","modified_gmt":"2021-11-03T22:50:32","slug":"frauenrechte-in-afghanistan","status":"publish","type":"post","link":"https:\/\/www.menschenrechte.org\/blog\/frauenrechte-in-afghanistan\/","title":{"rendered":"Frauenrechte in Afghanistan: Welchen Plan verfolgen die Taliban?"},"content":{"rendered":"\n<p>by Mirjam Klinger &#8211; <\/p>\n\n\n\n<p>Nach fast 20 Jahren endete der l\u00e4ngste milit\u00e4rische Einsatz der NATO-Partner mit dem Wiedereinzug der Taliban in das Land am Hindukusch. Am 15. August 2021 waren die Taliban nach Kabul zur\u00fcckgekehrt und hatte die Kontrolle \u00fcber die afghanische Hauptstadt \u00fcbernommen. Schon von 1996 bis 2001 hatte die islamistisch-fundamentalistische Bewegung in Afghanistan geherrscht. Damals zogen zun\u00e4chst US-amerikanische Truppen und danach auch weitere NATO-Mitglieder ins Land, um nach den Anschl\u00e4gen des 11. Septembers mit der <em>Operation Enduring Freedom<\/em> Krieg \u201egegen den Terror\u201c zu f\u00fchren. Dieser Krieg scheint nun zumindest f\u00fcr die USA f\u00fcr beendet.\u00a0\u00a0<\/p>\n\n\n\n<p>Doch wie sehr unterscheidet sich die aktuelle Lage Afghanistans von der letzten Herrschaft der Taliban? Vor allem M\u00e4dchen und Frauen hatten damals unter der strikt an der Scharia orientierten Regierung gelitten. Laut offiziellen Aussagen der Taliban sollen die Rechte der Frauen dieses Mal geachtet werden. Die Taliban gibt sich zu Beginn ihrer zweiten Herrschaft weitaus weniger radikal als noch vor 20 Jahren. Es stellt sich dennoch die Frage, wie weit diesen Aussagen getraut werden kann. Die tats\u00e4chliche Situation der Frauen in Afghanistan zeigt schlie\u00dflich ein deutlich anderes Bild. Seit ihrer Macht\u00fcbernahme haben die Taliban diverse Frauenrechte missachtet oder eingeschr\u00e4nkt.&nbsp;&nbsp;<\/p>\n\n\n\n<div class=\"wp-block-image\"><figure class=\"aligncenter size-large is-resized\"><img loading=\"lazy\" decoding=\"async\" src=\"https:\/\/www.menschenrechte.org\/blog\/wp-content\/uploads\/2021\/11\/afghanistan-1.jpg\" alt=\"\" class=\"wp-image-961\" width=\"532\" height=\"382\" srcset=\"https:\/\/www.menschenrechte.org\/blog\/wp-content\/uploads\/2021\/11\/afghanistan-1.jpg 693w, https:\/\/www.menschenrechte.org\/blog\/wp-content\/uploads\/2021\/11\/afghanistan-1-300x216.jpg 300w, https:\/\/www.menschenrechte.org\/blog\/wp-content\/uploads\/2021\/11\/afghanistan-1-640x460.jpg 640w\" sizes=\"auto, (max-width: 532px) 100vw, 532px\" \/><\/figure><\/div>\n\n\n\n<h2 class=\"wp-block-heading\"><strong>Schulausschluss und Sportverbot&nbsp;<\/strong>&nbsp;<\/h2>\n\n\n\n<p>Laut <a href=\"https:\/\/www.hrw.org\/news\/2021\/09\/29\/list-taliban-policies-violating-womens-rights-afghanistan\" target=\"_blank\" rel=\"noreferrer noopener\">Human Rights Watch<\/a> wird es jeden Tag deutlicher, dass die \u00dcbernahme als herber R\u00fcckschlag f\u00fcr die Frauenrechte in Afghanistan angesehen werden kann. T\u00e4glich werden neue Verbote oder Regelungen verk\u00fcndet. Vor allem im Bereich Bildung nehmen die Einschr\u00e4nkungen immer weiter zu. So ist es Frauen offiziell zwar erlaubt zu studieren, jedoch gibt es daf\u00fcr diverse Auflagen an den Universit\u00e4ten. Es ist Frauen und M\u00e4nnern untersagt gemeinsam an Vorlesungen teilzunehmen. Zudem sind Studentinnen dazu verpflichtet Hijabs zu tragen. Durch einen Vorhang sollen Studentinnen zus\u00e4tzlich von ihren m\u00e4nnlichen Professoren getrennt werden. Diese Vorgaben \u2013 vor allem die strikte Geschlechtertrennung \u2013 sind von den Universit\u00e4ten h\u00e4ufig nicht erf\u00fcllbar. Am 28.09.2021 verk\u00fcndete der neue Kabuler Universit\u00e4tsdirektor Mohammed Aschraf Ghairat \u2013 der ein paar Tage zuvor von der Taliban eingesetzt worden war \u2013 auf Twitter, dass \u201esolange nicht ein echtes islamisches Umfeld f\u00fcr alle gegeben\u201c sei, Frauen nicht zum Studieren oder Arbeiten kommen k\u00f6nnten. Somit sind Frauen in Kabul nun tats\u00e4chlich g\u00e4nzlich von Bildung und auch Beruf ausgeschlossen. Auch an den Schulen sollen M\u00e4dchen \u00fcber 12 Jahren erst einmal nicht mehr am Unterricht teilnehmen. Laut Taliban-Sprechern sei dies jedoch nur vor\u00fcbergehend, bis ein neues \u201eSystem\u201c nach islamischen Werten gefunden worden sei.&nbsp;&nbsp;<\/p>\n\n\n\n<p>Auch in anderen Bereichen vermehren sich die Einschr\u00e4nkungen der Frauenrechte. Weibliche Journalistinnen d\u00fcrfen beispielsweise nicht mehr ihrer Arbeit nachgehen. Ein Taliban-Sprecher riet Frauen gar g\u00e4nzlich dazu zu Hause zu bleiben und nicht zur Arbeit zu gehen. Als Grund daf\u00fcr nannte er die Gefahr von Taliban-K\u00e4mpfern misshandelt zu werden. Angebote f\u00fcr Frauen und M\u00e4dchen, die geschlechtsspezifischer Gewalt ausgesetzt sind, wurden gezielt eingestellt und geschlossen. Au\u00dferdem wird Frauen inzwischen jegliche sportliche Aktivit\u00e4t untersagt. Frauensport sei weder angemessen noch notwendig. Die Demonstrationen, welche Anfang September gegen die Missachtung von Frauenrechten unter anderem in Herat stattgefunden hatten, wurden durch die Taliban gewaltsam beendet. Mehrere Frauen wurden durch Sch\u00fcsse verletzt und Journalist*innen wurde es verboten \u00fcber die Demonstrationen zu berichten. Die beiden afghanischen Journalistinnen Nematullah Nakdi und Taki Darjabi hatten dieses Verbot missachtet und wurden daraufhin nach ihrer Berichterstattung \u00fcber eine Demonstration am 8. September in Kabul von Taliban-K\u00e4mpfern brutal zusammengeschlagen.&nbsp;<\/p>\n\n\n\n<div class=\"wp-block-image\"><figure class=\"aligncenter size-large is-resized\"><img loading=\"lazy\" decoding=\"async\" src=\"https:\/\/www.menschenrechte.org\/blog\/wp-content\/uploads\/2021\/11\/afghanistan-2.jpg\" alt=\"\" class=\"wp-image-962\" width=\"556\" height=\"323\" srcset=\"https:\/\/www.menschenrechte.org\/blog\/wp-content\/uploads\/2021\/11\/afghanistan-2.jpg 780w, https:\/\/www.menschenrechte.org\/blog\/wp-content\/uploads\/2021\/11\/afghanistan-2-300x175.jpg 300w, https:\/\/www.menschenrechte.org\/blog\/wp-content\/uploads\/2021\/11\/afghanistan-2-768x447.jpg 768w, https:\/\/www.menschenrechte.org\/blog\/wp-content\/uploads\/2021\/11\/afghanistan-2-640x373.jpg 640w\" sizes=\"auto, (max-width: 556px) 100vw, 556px\" \/><\/figure><\/div>\n\n\n\n<h2 class=\"wp-block-heading\"><strong>Keine Politikerinnen in der Regierung<\/strong>&nbsp;<\/h2>\n\n\n\n<p>Schaut man sich die neu gebildete Regierung der Taliban an, f\u00e4llt auch hier der Mangel an weiblichen Mitgliedern auf. Zwar beinhaltet das aktuelle Kabinett Vertreter afghanischer Minderheiten und ist somit deutlich diverser als noch vor 20 Jahren, jedoch sind dort bisher keine Frauen aufzufinden. Der Taliban-Sprecher Sabiullah Mudschahid verk\u00fcndete auf einer <a href=\"https:\/\/www.dw.com\/de\/auch-erweiterte-regierung-in-kabul-kommt-ohne-frauen-aus\/a-59249452\" target=\"_blank\" rel=\"noreferrer noopener\">Pressekonferenz<\/a> f\u00fcnf Wochen nach der Macht\u00fcbernahme: &#8222;Wir versuchen, das Kabinett weiter zu st\u00e4rken, und so Gott will, werden Frauen f\u00fcr bestimmte Positionen in den erforderlichen Sektionen ernannt und eines Tages werden wir sie hier bekannt geben&#8220;.&nbsp;&nbsp;<\/p>\n\n\n\n<p>Wenige Tage nach dem Einmarsch der Taliban in Kabul stampften die radikalen Islamisten das Frauenministerium ein und ersetzte dies durch das sogenannte Tugend- und Sittenministerium. Das Tugendministerium war w\u00e4hrend der ersten Herrschaft der Taliban bereits ein Symbol f\u00fcr die willk\u00fcrlichen Repressionen und den Machtmissbrauch der islamistischen Herrscher. Vor allem Frauen und M\u00e4dchen hatten zu dieser Zeit unter den Handlungen des Ministeriums gelitten. Durch \u00f6ffentliche Peitschenhiebe und Inhaftierungen setzte das Ministerium damals r\u00fccksichtslos die Repressionen der Talibanregierung durch. Frauen wurden unter anderem wegen des Tragens von nicht ausreichend blickdichten Socken; dem Zeigen ihrer Handgelenke, H\u00e4nde oder Kn\u00f6chel; und dem Bewegen ohne nahen m\u00e4nnlichen Verwandten in der \u00d6ffentlichkeit von Ministeriumsmitarbeitern auf offener Stra\u00dfe geschlagen. Ob das Tugendministerium dieses Mal genauso radikal vorgehen wird, ist noch abzuwarten.&nbsp;&nbsp;<\/p>\n\n\n\n<h2 class=\"wp-block-heading\"><strong>Druckmittel: Frauenrechte&nbsp;<\/strong>&nbsp;<\/h2>\n\n\n\n<p>Deutlich ist jedoch jetzt schon zu erkennen, welchen klaren Gegensatz es zwischen den Handlungen der Talibanregierung und ihren offiziellen Aussagen an die internationale Gesellschaft gibt. In diversen Statements geben sich die Taliban gem\u00e4\u00dfigt und um Verst\u00e4ndigung bem\u00fcht. Immer wieder wird versichert, dass Frauenrechte geachtet werden, es daf\u00fcr aber zun\u00e4chst Anpassungen an den Islam geben m\u00fcsse. Dieser Widerspruch l\u00e4sst sich durch verschiedene Faktoren begr\u00fcnden. Einerseits sind die Taliban gespalten und haben momentan keine wirklich einheitliche Position. Wie die afghanische Frauenaktivistin Kobra Balooch der <a href=\"https:\/\/www.dw.com\/de\/die-taliban-und-die-m%C3%A4dchenschulen\/a-59258610\" target=\"_blank\" rel=\"noreferrer noopener\">Deutschen Welle<\/a> berichtete, gebe es zwei Fl\u00fcgel innerhalb der Taliban \u2013 den radikalen und den pragmatischen. Dies w\u00fcrde auch begr\u00fcnden, dass in verschiedenen Gebieten Afghanistans unterschiedliche Regeln gelten w\u00fcrden. So wurden beispielsweise Mitte September in der Provinz Balch im Norden Afghanistans Schulen f\u00fcr M\u00e4dchen regul\u00e4r ge\u00f6ffnet. Vor allem der pragmatische Fl\u00fcgel hatte zuletzt die Friedensverhandlungen gef\u00fchrt.&nbsp;&nbsp;<\/p>\n\n\n\n<div class=\"wp-block-image\"><figure class=\"aligncenter size-large is-resized\"><img loading=\"lazy\" decoding=\"async\" src=\"https:\/\/www.menschenrechte.org\/blog\/wp-content\/uploads\/2021\/11\/afghanistan-3.jpg\" alt=\"\" class=\"wp-image-963\" width=\"562\" height=\"372\" srcset=\"https:\/\/www.menschenrechte.org\/blog\/wp-content\/uploads\/2021\/11\/afghanistan-3.jpg 782w, https:\/\/www.menschenrechte.org\/blog\/wp-content\/uploads\/2021\/11\/afghanistan-3-300x199.jpg 300w, https:\/\/www.menschenrechte.org\/blog\/wp-content\/uploads\/2021\/11\/afghanistan-3-768x510.jpg 768w, https:\/\/www.menschenrechte.org\/blog\/wp-content\/uploads\/2021\/11\/afghanistan-3-640x425.jpg 640w\" sizes=\"auto, (max-width: 562px) 100vw, 562px\" \/><\/figure><\/div>\n\n\n\n<p>Dipali Mukhopadhyay \u2013 eine Wissenschaftlerin an der University of Minnesota \u2013 weist darauf hin, dass Gruppen wie die Taliban oft Schwierigkeiten damit haben, den \u00dcbergang von gewaltt\u00e4tigen Aufst\u00e4nden zu einer tats\u00e4chlichen Regierungsf\u00fchrung zu schaffen. Ihnen fehlt die Erfahrung, die Mittel oder das Personal, um hochentwickelte staatliche Dienstleistungen zu erbringen. Stattdessen konzentrieren sich solche Gruppierungen auf die Kontrolle der Sicherheit. Mit ihrem Status als m\u00e4chtigste gewaltt\u00e4tige Gruppierung tauschen sie \u00f6ffentliche Sicherheit gegen Gehorsam. Aus dieser Sicht dient die Einschr\u00e4nkung der Freiheiten von Frauen als Machtdemonstration der Taliban. Das Verschwinden der Frauen und M\u00e4dchen aus dem \u00f6ffentlichen Leben zeige, dass die Taliban gen\u00fcgend Macht verf\u00fcgen, um den \u00f6ffentlichen Raum dramatisch umzugestalten, so Mukhopadhyay. Zudem k\u00f6nne dieses Handeln der Taliban ihre Unterst\u00fctzung unter konservativen Afghanen st\u00e4rken. Vor allem M\u00e4nner hatten die Ver\u00e4nderungen w\u00e4hrend der letzten 20 Jahre mit einem \u00e4u\u00dferst kritischen Blick betrachtet.&nbsp;&nbsp;<\/p>\n\n\n\n<p>Anders sieht es im internationalen Kontext aus. Hier kann das Thema Frauenrechte f\u00fcr die Taliban gar zu einer Art Druckmittel werden. Die Islamisten bem\u00fchen sich seit ihrer Macht\u00fcbernahme um internationale Akzeptanz. Somit steht die Taliban zwischen ihrem eigenen Verst\u00e4ndnis von Recht \u2013 ihren innenpolitischen Pl\u00e4nen und den internationalen Menschenrechten \u2013 und ihren au\u00dfenpolitischen W\u00fcnschen. Ende September baten die Islamisten in einem Schreiben an die Vereinten Nationen um Rederecht bei der laufenden Generaldebatte der UN-Vollversammlung. Die eigene Repr\u00e4sentation bei den Vereinten Nationen w\u00e4re ein Schritt in Richtung internationaler Anerkennung. Au\u00dferdem k\u00f6nnte somit auch der Weg zu internationalen Hilfeleistungen geebnet werden. Bereits jetzt leben viele der 32 Millionen Afghan*innen in Armut und haben nicht ausreichend zu Essen. Sp\u00e4testens im Winter droht laut der UN eine katastrophale Hungersnot im Land. Afghanistan ist somit dringend auf Spenden aus dem Ausland angewiesen. Aktivist*innen und Frauenrechtler*innen fordern aus diesem Grund Geberl\u00e4nder dazu auf die Zahlungen und eventuelle Zusammenarbeit an strenge Bedingungen zu kn\u00fcpfen. Auch der UN-Generalsekret\u00e4r Ant\u00f3nio Guterres bekr\u00e4ftigt, dass die Humanit\u00e4re Hilfe nicht auf Kosten der Fortschritte f\u00fcr Frauen und Minderheiten in den letzten 20 Jahren basieren darf. Die Vorsitzende des afghanischen Frauenvereins \u2013 Nadia Nashir-Karim \u2013 ist jedoch der Meinung, dass unter allen Umst\u00e4nden weiterhin Entwicklungshilfen gezahlt werden m\u00fcssen. Afghanistan drohe ein harter Winter und somit w\u00fcrden Millionen von Zivilisten unter einem Stopp der Hilfen leiden, so Nashir-Karim.&nbsp;&nbsp;<\/p>\n\n\n\n<p>Auch die internationale Gesellschaft steckt beim Thema Frauenrechte in einer Zwickm\u00fchle. Die aktuelle Notlage in Afghanistan ist so gro\u00df, dass das Kn\u00fcpfen der Hilfeleistungen an Bedingungen unm\u00f6glich werden kann. Nur eines ist sicher, f\u00fcr beide Parteien, die Taliban und die internationale Gesellschaft, wird das Thema Frauenrechte auch in der Zukunft eine wichtige Verhandlungsgrundlage sein.&nbsp;<\/p>\n\n\n\n<p>&#8212;&#8212;&#8212;&#8212;&#8212;&#8212;&#8212;&#8212;&#8212;&#8212;&#8212;&#8212;&#8212;&#8212;<\/p>\n\n\n\n<p><em>Mirjam Klinger ist ehemalige Praktikantin des N\u00fcrnberger Menschenrechtszentrums. Sie studiert Politikwissenschaft im 4. Mastersemester an der FAU Erlangen und schreibt aktuell ihre Masterarbeit \u00fcber intersektionalen Feminismus.&nbsp;&nbsp;<\/em><\/p>\n","protected":false},"excerpt":{"rendered":"<p>by Mirjam Klinger &#8211; Nach fast 20 Jahren endete der l\u00e4ngste milit\u00e4rische Einsatz der NATO-Partner mit dem Wiedereinzug der Taliban&#8230;<\/p>\n","protected":false},"author":1,"featured_media":960,"comment_status":"open","ping_status":"open","sticky":false,"template":"","format":"standard","meta":{"footnotes":""},"categories":[1],"tags":[151,82,114,91],"coauthors":[21],"class_list":["post-959","post","type-post","status-publish","format-standard","has-post-thumbnail","hentry","category-allgemein","tag-afghanistan","tag-feminismus","tag-frauenrechte","tag-menschenrechte","post-archive"],"yoast_head":"<!-- This site is optimized with the Yoast SEO plugin v26.5 - https:\/\/yoast.com\/wordpress\/plugins\/seo\/ -->\n<title>Frauenrechte in Afghanistan: Welchen Plan verfolgen die Taliban? - Menschenrechte - der Blog.<\/title>\n<meta name=\"robots\" content=\"index, follow, max-snippet:-1, max-image-preview:large, max-video-preview:-1\" \/>\n<link rel=\"canonical\" href=\"https:\/\/www.menschenrechte.org\/blog\/frauenrechte-in-afghanistan\/\" \/>\n<meta property=\"og:locale\" content=\"de_DE\" \/>\n<meta property=\"og:type\" content=\"article\" \/>\n<meta property=\"og:title\" content=\"Frauenrechte in Afghanistan: Welchen Plan verfolgen die Taliban? - Menschenrechte - der Blog.\" \/>\n<meta property=\"og:description\" content=\"by Mirjam Klinger &#8211; Nach fast 20 Jahren endete der l\u00e4ngste milit\u00e4rische Einsatz der NATO-Partner mit dem Wiedereinzug der Taliban...\" \/>\n<meta property=\"og:url\" content=\"https:\/\/www.menschenrechte.org\/blog\/frauenrechte-in-afghanistan\/\" \/>\n<meta property=\"og:site_name\" content=\"Menschenrechte - der Blog.\" \/>\n<meta property=\"article:publisher\" content=\"https:\/\/www.facebook.com\/NuernbergerMenschenrechtszentrum\/?eid=ARAoGFhiOGk5kmEnso1qow5TUUEWiHvB739MeabiJgTeX-H10uOy1x45ym-gISJGHPSkma6NciCJ1mFN\" \/>\n<meta property=\"article:published_time\" content=\"2021-11-03T22:49:54+00:00\" \/>\n<meta property=\"article:modified_time\" content=\"2021-11-03T22:50:32+00:00\" \/>\n<meta property=\"og:image\" content=\"https:\/\/www.menschenrechte.org\/blog\/wp-content\/uploads\/2021\/11\/afghanistan-Titelbild.jpg\" \/>\n\t<meta property=\"og:image:width\" content=\"726\" \/>\n\t<meta property=\"og:image:height\" content=\"483\" \/>\n\t<meta property=\"og:image:type\" content=\"image\/jpeg\" \/>\n<meta name=\"author\" content=\"NMRZ\" \/>\n<meta name=\"twitter:label1\" content=\"Verfasst von\" \/>\n\t<meta name=\"twitter:data1\" content=\"NMRZ\" \/>\n\t<meta name=\"twitter:label2\" content=\"Gesch\u00e4tzte Lesezeit\" \/>\n\t<meta name=\"twitter:data2\" content=\"7\u00a0Minuten\" \/>\n\t<meta name=\"twitter:label3\" content=\"Written by\" \/>\n\t<meta name=\"twitter:data3\" content=\"NMRZ\" \/>\n<script type=\"application\/ld+json\" class=\"yoast-schema-graph\">{\"@context\":\"https:\/\/schema.org\",\"@graph\":[{\"@type\":\"Article\",\"@id\":\"https:\/\/www.menschenrechte.org\/blog\/frauenrechte-in-afghanistan\/#article\",\"isPartOf\":{\"@id\":\"https:\/\/www.menschenrechte.org\/blog\/frauenrechte-in-afghanistan\/\"},\"author\":{\"name\":\"NMRZ\",\"@id\":\"https:\/\/www.menschenrechte.org\/blog\/#\/schema\/person\/06acdc67c4693501f5e5afa70bdcf76f\"},\"headline\":\"Frauenrechte in Afghanistan: Welchen Plan verfolgen die Taliban?\",\"datePublished\":\"2021-11-03T22:49:54+00:00\",\"dateModified\":\"2021-11-03T22:50:32+00:00\",\"mainEntityOfPage\":{\"@id\":\"https:\/\/www.menschenrechte.org\/blog\/frauenrechte-in-afghanistan\/\"},\"wordCount\":1472,\"commentCount\":0,\"publisher\":{\"@id\":\"https:\/\/www.menschenrechte.org\/blog\/#organization\"},\"image\":{\"@id\":\"https:\/\/www.menschenrechte.org\/blog\/frauenrechte-in-afghanistan\/#primaryimage\"},\"thumbnailUrl\":\"https:\/\/www.menschenrechte.org\/blog\/wp-content\/uploads\/2021\/11\/afghanistan-Titelbild.jpg\",\"keywords\":[\"Afghanistan\",\"Feminismus\",\"Frauenrechte\",\"Menschenrechte\"],\"inLanguage\":\"de\",\"potentialAction\":[{\"@type\":\"CommentAction\",\"name\":\"Comment\",\"target\":[\"https:\/\/www.menschenrechte.org\/blog\/frauenrechte-in-afghanistan\/#respond\"]}]},{\"@type\":\"WebPage\",\"@id\":\"https:\/\/www.menschenrechte.org\/blog\/frauenrechte-in-afghanistan\/\",\"url\":\"https:\/\/www.menschenrechte.org\/blog\/frauenrechte-in-afghanistan\/\",\"name\":\"Frauenrechte in Afghanistan: Welchen Plan verfolgen die Taliban? - Menschenrechte - der Blog.\",\"isPartOf\":{\"@id\":\"https:\/\/www.menschenrechte.org\/blog\/#website\"},\"primaryImageOfPage\":{\"@id\":\"https:\/\/www.menschenrechte.org\/blog\/frauenrechte-in-afghanistan\/#primaryimage\"},\"image\":{\"@id\":\"https:\/\/www.menschenrechte.org\/blog\/frauenrechte-in-afghanistan\/#primaryimage\"},\"thumbnailUrl\":\"https:\/\/www.menschenrechte.org\/blog\/wp-content\/uploads\/2021\/11\/afghanistan-Titelbild.jpg\",\"datePublished\":\"2021-11-03T22:49:54+00:00\",\"dateModified\":\"2021-11-03T22:50:32+00:00\",\"breadcrumb\":{\"@id\":\"https:\/\/www.menschenrechte.org\/blog\/frauenrechte-in-afghanistan\/#breadcrumb\"},\"inLanguage\":\"de\",\"potentialAction\":[{\"@type\":\"ReadAction\",\"target\":[\"https:\/\/www.menschenrechte.org\/blog\/frauenrechte-in-afghanistan\/\"]}]},{\"@type\":\"ImageObject\",\"inLanguage\":\"de\",\"@id\":\"https:\/\/www.menschenrechte.org\/blog\/frauenrechte-in-afghanistan\/#primaryimage\",\"url\":\"https:\/\/www.menschenrechte.org\/blog\/wp-content\/uploads\/2021\/11\/afghanistan-Titelbild.jpg\",\"contentUrl\":\"https:\/\/www.menschenrechte.org\/blog\/wp-content\/uploads\/2021\/11\/afghanistan-Titelbild.jpg\",\"width\":726,\"height\":483,\"caption\":\"Bild von einer afghanischen, verschleierten Frau\"},{\"@type\":\"BreadcrumbList\",\"@id\":\"https:\/\/www.menschenrechte.org\/blog\/frauenrechte-in-afghanistan\/#breadcrumb\",\"itemListElement\":[{\"@type\":\"ListItem\",\"position\":1,\"name\":\"Startseite\",\"item\":\"https:\/\/www.menschenrechte.org\/blog\/\"},{\"@type\":\"ListItem\",\"position\":2,\"name\":\"Frauenrechte in Afghanistan: Welchen Plan verfolgen die Taliban?\"}]},{\"@type\":\"WebSite\",\"@id\":\"https:\/\/www.menschenrechte.org\/blog\/#website\",\"url\":\"https:\/\/www.menschenrechte.org\/blog\/\",\"name\":\"Menschenrechte - der Blog.\",\"description\":\"N\u00fcrnberger Menschenrechtszentrum\",\"publisher\":{\"@id\":\"https:\/\/www.menschenrechte.org\/blog\/#organization\"},\"potentialAction\":[{\"@type\":\"SearchAction\",\"target\":{\"@type\":\"EntryPoint\",\"urlTemplate\":\"https:\/\/www.menschenrechte.org\/blog\/?s={search_term_string}\"},\"query-input\":{\"@type\":\"PropertyValueSpecification\",\"valueRequired\":true,\"valueName\":\"search_term_string\"}}],\"inLanguage\":\"de\"},{\"@type\":\"Organization\",\"@id\":\"https:\/\/www.menschenrechte.org\/blog\/#organization\",\"name\":\"N\u00fcrnberger Menschenrechtszentrum\",\"url\":\"https:\/\/www.menschenrechte.org\/blog\/\",\"logo\":{\"@type\":\"ImageObject\",\"inLanguage\":\"de\",\"@id\":\"https:\/\/www.menschenrechte.org\/blog\/#\/schema\/logo\/image\/\",\"url\":\"https:\/\/www.menschenrechte.org\/blog\/wp-content\/uploads\/2020\/02\/NMRZ_jpg-scaled.jpg\",\"contentUrl\":\"https:\/\/www.menschenrechte.org\/blog\/wp-content\/uploads\/2020\/02\/NMRZ_jpg-scaled.jpg\",\"width\":2560,\"height\":345,\"caption\":\"N\u00fcrnberger Menschenrechtszentrum\"},\"image\":{\"@id\":\"https:\/\/www.menschenrechte.org\/blog\/#\/schema\/logo\/image\/\"},\"sameAs\":[\"https:\/\/www.facebook.com\/NuernbergerMenschenrechtszentrum\/?eid=ARAoGFhiOGk5kmEnso1qow5TUUEWiHvB739MeabiJgTeX-H10uOy1x45ym-gISJGHPSkma6NciCJ1mFN\",\"https:\/\/www.instagram.com\/nbg_menschenrechtszentrum\/\"]},{\"@type\":\"Person\",\"@id\":\"https:\/\/www.menschenrechte.org\/blog\/#\/schema\/person\/06acdc67c4693501f5e5afa70bdcf76f\",\"name\":\"NMRZ\",\"image\":{\"@type\":\"ImageObject\",\"inLanguage\":\"de\",\"@id\":\"https:\/\/www.menschenrechte.org\/blog\/#\/schema\/person\/image\/161f673012c491a9c5277070adef6cf1\",\"url\":\"https:\/\/secure.gravatar.com\/avatar\/588f2eb7057970b2ce2156de5f2e9056d9137d5f273cc1cdb181b1d011e66f1a?s=96&d=mm&r=g\",\"contentUrl\":\"https:\/\/secure.gravatar.com\/avatar\/588f2eb7057970b2ce2156de5f2e9056d9137d5f273cc1cdb181b1d011e66f1a?s=96&d=mm&r=g\",\"caption\":\"NMRZ\"},\"url\":\"https:\/\/www.menschenrechte.org\/blog\/author\/menschenrechte\/\"}]}<\/script>\n<!-- \/ Yoast SEO plugin. -->","yoast_head_json":{"title":"Frauenrechte in Afghanistan: Welchen Plan verfolgen die Taliban? - Menschenrechte - der Blog.","robots":{"index":"index","follow":"follow","max-snippet":"max-snippet:-1","max-image-preview":"max-image-preview:large","max-video-preview":"max-video-preview:-1"},"canonical":"https:\/\/www.menschenrechte.org\/blog\/frauenrechte-in-afghanistan\/","og_locale":"de_DE","og_type":"article","og_title":"Frauenrechte in Afghanistan: Welchen Plan verfolgen die Taliban? - Menschenrechte - der Blog.","og_description":"by Mirjam Klinger &#8211; Nach fast 20 Jahren endete der l\u00e4ngste milit\u00e4rische Einsatz der NATO-Partner mit dem Wiedereinzug der Taliban...","og_url":"https:\/\/www.menschenrechte.org\/blog\/frauenrechte-in-afghanistan\/","og_site_name":"Menschenrechte - der Blog.","article_publisher":"https:\/\/www.facebook.com\/NuernbergerMenschenrechtszentrum\/?eid=ARAoGFhiOGk5kmEnso1qow5TUUEWiHvB739MeabiJgTeX-H10uOy1x45ym-gISJGHPSkma6NciCJ1mFN","article_published_time":"2021-11-03T22:49:54+00:00","article_modified_time":"2021-11-03T22:50:32+00:00","og_image":[{"width":726,"height":483,"url":"https:\/\/www.menschenrechte.org\/blog\/wp-content\/uploads\/2021\/11\/afghanistan-Titelbild.jpg","type":"image\/jpeg"}],"author":"NMRZ","twitter_misc":{"Verfasst von":"NMRZ","Gesch\u00e4tzte Lesezeit":"7\u00a0Minuten","Written by":"NMRZ"},"schema":{"@context":"https:\/\/schema.org","@graph":[{"@type":"Article","@id":"https:\/\/www.menschenrechte.org\/blog\/frauenrechte-in-afghanistan\/#article","isPartOf":{"@id":"https:\/\/www.menschenrechte.org\/blog\/frauenrechte-in-afghanistan\/"},"author":{"name":"NMRZ","@id":"https:\/\/www.menschenrechte.org\/blog\/#\/schema\/person\/06acdc67c4693501f5e5afa70bdcf76f"},"headline":"Frauenrechte in Afghanistan: Welchen Plan verfolgen die Taliban?","datePublished":"2021-11-03T22:49:54+00:00","dateModified":"2021-11-03T22:50:32+00:00","mainEntityOfPage":{"@id":"https:\/\/www.menschenrechte.org\/blog\/frauenrechte-in-afghanistan\/"},"wordCount":1472,"commentCount":0,"publisher":{"@id":"https:\/\/www.menschenrechte.org\/blog\/#organization"},"image":{"@id":"https:\/\/www.menschenrechte.org\/blog\/frauenrechte-in-afghanistan\/#primaryimage"},"thumbnailUrl":"https:\/\/www.menschenrechte.org\/blog\/wp-content\/uploads\/2021\/11\/afghanistan-Titelbild.jpg","keywords":["Afghanistan","Feminismus","Frauenrechte","Menschenrechte"],"inLanguage":"de","potentialAction":[{"@type":"CommentAction","name":"Comment","target":["https:\/\/www.menschenrechte.org\/blog\/frauenrechte-in-afghanistan\/#respond"]}]},{"@type":"WebPage","@id":"https:\/\/www.menschenrechte.org\/blog\/frauenrechte-in-afghanistan\/","url":"https:\/\/www.menschenrechte.org\/blog\/frauenrechte-in-afghanistan\/","name":"Frauenrechte in Afghanistan: Welchen Plan verfolgen die Taliban? - Menschenrechte - der Blog.","isPartOf":{"@id":"https:\/\/www.menschenrechte.org\/blog\/#website"},"primaryImageOfPage":{"@id":"https:\/\/www.menschenrechte.org\/blog\/frauenrechte-in-afghanistan\/#primaryimage"},"image":{"@id":"https:\/\/www.menschenrechte.org\/blog\/frauenrechte-in-afghanistan\/#primaryimage"},"thumbnailUrl":"https:\/\/www.menschenrechte.org\/blog\/wp-content\/uploads\/2021\/11\/afghanistan-Titelbild.jpg","datePublished":"2021-11-03T22:49:54+00:00","dateModified":"2021-11-03T22:50:32+00:00","breadcrumb":{"@id":"https:\/\/www.menschenrechte.org\/blog\/frauenrechte-in-afghanistan\/#breadcrumb"},"inLanguage":"de","potentialAction":[{"@type":"ReadAction","target":["https:\/\/www.menschenrechte.org\/blog\/frauenrechte-in-afghanistan\/"]}]},{"@type":"ImageObject","inLanguage":"de","@id":"https:\/\/www.menschenrechte.org\/blog\/frauenrechte-in-afghanistan\/#primaryimage","url":"https:\/\/www.menschenrechte.org\/blog\/wp-content\/uploads\/2021\/11\/afghanistan-Titelbild.jpg","contentUrl":"https:\/\/www.menschenrechte.org\/blog\/wp-content\/uploads\/2021\/11\/afghanistan-Titelbild.jpg","width":726,"height":483,"caption":"Bild von einer afghanischen, verschleierten Frau"},{"@type":"BreadcrumbList","@id":"https:\/\/www.menschenrechte.org\/blog\/frauenrechte-in-afghanistan\/#breadcrumb","itemListElement":[{"@type":"ListItem","position":1,"name":"Startseite","item":"https:\/\/www.menschenrechte.org\/blog\/"},{"@type":"ListItem","position":2,"name":"Frauenrechte in Afghanistan: Welchen Plan verfolgen die Taliban?"}]},{"@type":"WebSite","@id":"https:\/\/www.menschenrechte.org\/blog\/#website","url":"https:\/\/www.menschenrechte.org\/blog\/","name":"Menschenrechte - der Blog.","description":"N\u00fcrnberger Menschenrechtszentrum","publisher":{"@id":"https:\/\/www.menschenrechte.org\/blog\/#organization"},"potentialAction":[{"@type":"SearchAction","target":{"@type":"EntryPoint","urlTemplate":"https:\/\/www.menschenrechte.org\/blog\/?s={search_term_string}"},"query-input":{"@type":"PropertyValueSpecification","valueRequired":true,"valueName":"search_term_string"}}],"inLanguage":"de"},{"@type":"Organization","@id":"https:\/\/www.menschenrechte.org\/blog\/#organization","name":"N\u00fcrnberger Menschenrechtszentrum","url":"https:\/\/www.menschenrechte.org\/blog\/","logo":{"@type":"ImageObject","inLanguage":"de","@id":"https:\/\/www.menschenrechte.org\/blog\/#\/schema\/logo\/image\/","url":"https:\/\/www.menschenrechte.org\/blog\/wp-content\/uploads\/2020\/02\/NMRZ_jpg-scaled.jpg","contentUrl":"https:\/\/www.menschenrechte.org\/blog\/wp-content\/uploads\/2020\/02\/NMRZ_jpg-scaled.jpg","width":2560,"height":345,"caption":"N\u00fcrnberger Menschenrechtszentrum"},"image":{"@id":"https:\/\/www.menschenrechte.org\/blog\/#\/schema\/logo\/image\/"},"sameAs":["https:\/\/www.facebook.com\/NuernbergerMenschenrechtszentrum\/?eid=ARAoGFhiOGk5kmEnso1qow5TUUEWiHvB739MeabiJgTeX-H10uOy1x45ym-gISJGHPSkma6NciCJ1mFN","https:\/\/www.instagram.com\/nbg_menschenrechtszentrum\/"]},{"@type":"Person","@id":"https:\/\/www.menschenrechte.org\/blog\/#\/schema\/person\/06acdc67c4693501f5e5afa70bdcf76f","name":"NMRZ","image":{"@type":"ImageObject","inLanguage":"de","@id":"https:\/\/www.menschenrechte.org\/blog\/#\/schema\/person\/image\/161f673012c491a9c5277070adef6cf1","url":"https:\/\/secure.gravatar.com\/avatar\/588f2eb7057970b2ce2156de5f2e9056d9137d5f273cc1cdb181b1d011e66f1a?s=96&d=mm&r=g","contentUrl":"https:\/\/secure.gravatar.com\/avatar\/588f2eb7057970b2ce2156de5f2e9056d9137d5f273cc1cdb181b1d011e66f1a?s=96&d=mm&r=g","caption":"NMRZ"},"url":"https:\/\/www.menschenrechte.org\/blog\/author\/menschenrechte\/"}]}},"_links":{"self":[{"href":"https:\/\/www.menschenrechte.org\/blog\/wp-json\/wp\/v2\/posts\/959","targetHints":{"allow":["GET"]}}],"collection":[{"href":"https:\/\/www.menschenrechte.org\/blog\/wp-json\/wp\/v2\/posts"}],"about":[{"href":"https:\/\/www.menschenrechte.org\/blog\/wp-json\/wp\/v2\/types\/post"}],"author":[{"embeddable":true,"href":"https:\/\/www.menschenrechte.org\/blog\/wp-json\/wp\/v2\/users\/1"}],"replies":[{"embeddable":true,"href":"https:\/\/www.menschenrechte.org\/blog\/wp-json\/wp\/v2\/comments?post=959"}],"version-history":[{"count":2,"href":"https:\/\/www.menschenrechte.org\/blog\/wp-json\/wp\/v2\/posts\/959\/revisions"}],"predecessor-version":[{"id":965,"href":"https:\/\/www.menschenrechte.org\/blog\/wp-json\/wp\/v2\/posts\/959\/revisions\/965"}],"wp:featuredmedia":[{"embeddable":true,"href":"https:\/\/www.menschenrechte.org\/blog\/wp-json\/wp\/v2\/media\/960"}],"wp:attachment":[{"href":"https:\/\/www.menschenrechte.org\/blog\/wp-json\/wp\/v2\/media?parent=959"}],"wp:term":[{"taxonomy":"category","embeddable":true,"href":"https:\/\/www.menschenrechte.org\/blog\/wp-json\/wp\/v2\/categories?post=959"},{"taxonomy":"post_tag","embeddable":true,"href":"https:\/\/www.menschenrechte.org\/blog\/wp-json\/wp\/v2\/tags?post=959"},{"taxonomy":"author","embeddable":true,"href":"https:\/\/www.menschenrechte.org\/blog\/wp-json\/wp\/v2\/coauthors?post=959"}],"curies":[{"name":"wp","href":"https:\/\/api.w.org\/{rel}","templated":true}]}}