{"id":152,"date":"2003-09-11T15:20:25","date_gmt":"2003-09-11T13:20:25","guid":{"rendered":"https:\/\/www.menschenrechte.org\/es\/?p=152"},"modified":"2019-02-20T15:23:19","modified_gmt":"2019-02-20T14:23:19","slug":"memoria-y-memoriales","status":"publish","type":"post","link":"https:\/\/www.menschenrechte.org\/es\/2003\/09\/11\/memoria-y-memoriales\/","title":{"rendered":"Memoria y Memoriales"},"content":{"rendered":"<p><strong>por Roberta Bacic<\/strong>, 11 de septiembre 2003<\/p>\n<p>Querid@s amig@s<\/p>\n<p>Las palabras han estado esquivas en estos d\u00ed\u00adas oto\u00f1ales y dorados en este hemisferio del norte. Allende de los mares, en el pa\u00ed\u00ads que acogi\u00f3 a mis padres y me vio nacer, emerge radiante la primavera. Septiembre, desde mi tierna infancia, ha sido un mes especial. Evoca volantines, vacaciones escolares, d\u00ed\u00adas feriados vinculados a la celebraci\u00f3n de la independencia nacional los d\u00ed\u00adas 18 y 19, empanadas, vino tinto, canto y baile de cueca y representaciones de identidad chilensis. Mis padres poco o nada se identificaban con este contexto y yo con esfuerzos trataba de echar ra\u00ed\u00adces y hacerme parte de esta cultura e identidad. Domitila, mi vieja nana y prodigadora de afectos tan profundos como la tierra misma, me tomaba de la mano y compart\u00ed\u00ada conmigo sus nexos y paseos dieciocheros. Ya en la adolescencia, pas\u00e9 varias de estas festividades con compa\u00f1eros y compa\u00f1eras de curso y con ello me acerqu\u00e9 al mundo en que se constru\u00ed\u00ada la unidad popular que llevar\u00ed\u00ada a Salvador Allende a la presidencia. Como no recordar el tiempo en casa de los Vuskovic (Ministro de Econom\u00ed\u00ada), las tardes en casa de los Corval\u00e1n, las visitas a casa de los Benado y tantos y tantos otros que no s\u00f3lo so\u00f1aron, sino se jugaron por construir democr\u00e1ticamente un pa\u00ed\u00ads m\u00e1s justo. Una revoluci\u00f3n vivida y compartida y no impuesta.<\/p>\n<p>Al cruzar el umbral de los 50 he descubierto que es en este contexto que naci\u00f3 mi compromiso primario, de pulso card\u00ed\u00adaco, de piel y raz\u00f3n con lo humano que me llevar\u00ed\u00ada posteriormente tras las huellas de los derechos humanos. Siento que a\u00fan ahora mi acci\u00f3n va m\u00e1s dirigida a paliar los estragos provocados por la violaci\u00f3n a estos derechos que a la construcci\u00f3n de un mundo mejor. La observaci\u00f3n y constaci\u00f3n de la realidad me recuerdan a cada instante que este mundo no es mundo acogedor, seguro o que habr\u00e1 menos guerras, sufrimiento o disminuci\u00f3n de la militarizaci\u00f3n que hasta asume, en nuestros tiempos, una descarada fachada de misiones de paz.<\/p>\n<p>Y hoy estoy ac\u00e1 en N\u00fcremberg, ciudad emblem\u00e1tica vinculada a los horrores del nazismo y la lucha por la justicia, compartiendo con Uds. lo que han sido estos 30 a\u00f1os desde que se diera el golpe militar en Chile. Podr\u00ed\u00ada decir mucho, poco o nada. Los sentimientos y pensamientos se agolpan, pero como menciono al comienzo, esquivas se vuelven las palabras para expresarlo o captarlo. Estoy muy clara que entre lo posible y lo necesario y justo, hay un abismo inmenso, casi tanta distancia como entre donde estamos ahora y mi gente en Chile.<\/p>\n<p>Desde 1973 el 11 de septiembre opac\u00f3 las celebraciones del 18 y 19. Lo fundamental, lo esencial ha sido desde entonces, marcar la lucha por la justicia.<br \/>\nPienso y siento que no es este un espacio para dar cuenta ni de logros ni de fracasos en materia de nuestra lucha por la justicia. M\u00e1s bien es un momento propicio para compartir parte del proceso vivido desde ese d\u00ed\u00ada 11 que cambi\u00f3 inexorablemente el curso de nuestras vidas.<br \/>\nAhora que se cumplen 30 a\u00f1os desde el golpe de estado encabezado por las fuerzas armadas de Chile, capitaneadas por el General Pinochet, es un desaf\u00ed\u00ado el poder relatar parte de lo vivido que da cuenta de que por todo y a pesar de todo la VIDA sigue.<br \/>\nLa historia la cuentan sus protagonistas. Muchos casos emblem\u00e1ticos han recorrido el mundo, las noticias y las pantallas. Aqu\u00ed\u00ad damos voz a unos pocos de los sin voz, a quienes lo sufrieron y no han tenido ocasi\u00f3n de estar presentes. Esta exposici\u00f3n es un intento por mostrar concresiones de los procesos de lucha po la verdad, la justicia, la memoria. El NO al olvido y el NO a la impunidad.<br \/>\nEsta muestra, preparada especialmente para marcar estos 30 a\u00f1os y que forma parte de un archivo personal mucho m\u00e1s extenso, pone su acento en las formas diferentes en que la gente, las familias y las comunidades honran a sus ausentes. He tenido en estos a\u00f1os el privilegio de contar con la amistad y la confianza de muchas de las personas que han tenido familiares desaparecidos y\/o ejecutados por motivos pol\u00ed\u00adticos y me han compartido introspecciones sobre estas vivencias. Personas queridas, cercanas, \u00ed\u00adntimas me han apoyado y acompa\u00f1ado en mis periplos y visitas y tomado algunas de las fotos que ac\u00e1 les comparto. Algunas de las im\u00e1genes muestran tambi\u00e9n los rostros de algunos familiares sobrevivientes. Con ello se materializa parte de nuestra identidad. Esto nos ayudar\u00e1 a los que vivimos lejos de Chile a sentirnos m\u00e1s cerca y &#8211; a los que nos acompa\u00f1an con su solidaridad hacia nuestros procesos &#8211; una visi\u00f3n m\u00e1s \u00ed\u00adntima de algo de nuestra sociedad chilena. Cada foto es en si misma una larga historia de vida y un proceso vital.<br \/>\nPara construir los memoriales fue fundamental el reconocimiento p\u00fablico de lo acontecido, aunque ya antes se hubiese denunciado. Los nombres de las personas honradas y conmemoradas en estas im\u00e1genes han aparecido en el listado de v\u00ed\u00adctimas entregado tanto por la Comisi\u00f3n de Verdad y Reconciliaci\u00f3n, como tambi\u00e9n por la Corporaci\u00f3n Nacional de Reparaci\u00f3n y Reconciliaci\u00f3n.<\/p>\n<p>Londres, 5 de septiembre del 2003<\/p>\n","protected":false},"excerpt":{"rendered":"<p><strong>por Roberta                Bacic<\/strong><\/p>\n<p>Las palabras                han estado esquivas en estos d\u00ed\u00adas oto\u00f1ales y dorados                en este hemisferio del norte. Allende de los mares, en el pa\u00ed\u00ads                que acogi\u00f3 a mis padres y me vio nacer, emerge radiante la                primavera. Septiembre, desde mi tierna infancia, ha sido un mes                especial. Evoca volantines, vacaciones escolares, d\u00ed\u00adas feriados                vinculados a la celebraci\u00f3n de la independencia nacional                los d\u00ed\u00adas 18 y 19, empanadas, vino tinto, canto y baile de                cueca y representaciones de identidad chilensis. [&#8230;]<\/p>\n","protected":false},"author":15,"featured_media":0,"comment_status":"closed","ping_status":"closed","sticky":false,"template":"","format":"standard","meta":{"footnotes":""},"categories":[9,13,5],"tags":[31,23,29],"class_list":["post-152","post","type-post","status-publish","format-standard","hentry","category-america","category-politicas-del-pasado","category-regiones","tag-america-latina","tag-chile","tag-impunidad"],"_links":{"self":[{"href":"https:\/\/www.menschenrechte.org\/es\/wp-json\/wp\/v2\/posts\/152","targetHints":{"allow":["GET"]}}],"collection":[{"href":"https:\/\/www.menschenrechte.org\/es\/wp-json\/wp\/v2\/posts"}],"about":[{"href":"https:\/\/www.menschenrechte.org\/es\/wp-json\/wp\/v2\/types\/post"}],"author":[{"embeddable":true,"href":"https:\/\/www.menschenrechte.org\/es\/wp-json\/wp\/v2\/users\/15"}],"replies":[{"embeddable":true,"href":"https:\/\/www.menschenrechte.org\/es\/wp-json\/wp\/v2\/comments?post=152"}],"version-history":[{"count":1,"href":"https:\/\/www.menschenrechte.org\/es\/wp-json\/wp\/v2\/posts\/152\/revisions"}],"predecessor-version":[{"id":153,"href":"https:\/\/www.menschenrechte.org\/es\/wp-json\/wp\/v2\/posts\/152\/revisions\/153"}],"wp:attachment":[{"href":"https:\/\/www.menschenrechte.org\/es\/wp-json\/wp\/v2\/media?parent=152"}],"wp:term":[{"taxonomy":"category","embeddable":true,"href":"https:\/\/www.menschenrechte.org\/es\/wp-json\/wp\/v2\/categories?post=152"},{"taxonomy":"post_tag","embeddable":true,"href":"https:\/\/www.menschenrechte.org\/es\/wp-json\/wp\/v2\/tags?post=152"}],"curies":[{"name":"wp","href":"https:\/\/api.w.org\/{rel}","templated":true}]}}