{"id":160,"date":"2002-11-15T15:28:07","date_gmt":"2002-11-15T14:28:07","guid":{"rendered":"https:\/\/www.menschenrechte.org\/es\/?p=160"},"modified":"2019-02-20T15:28:55","modified_gmt":"2019-02-20T14:28:55","slug":"proteccion-de-los-derechos-humanos-definiciones-operativas-comision-andina-de-juristas-lima-1997","status":"publish","type":"post","link":"https:\/\/www.menschenrechte.org\/es\/2002\/11\/15\/proteccion-de-los-derechos-humanos-definiciones-operativas-comision-andina-de-juristas-lima-1997\/","title":{"rendered":"Protecci\u00f3n de los derechos humanos. Definiciones operativas, Comisi\u00f3n Andina de Juristas, Lima, 1997"},"content":{"rendered":"<p>Una contribuci\u00f3n m\u00e1s en la difusi\u00f3n del derecho internacional de los derechos humanos puede apreciarse en la publicaci\u00f3n de la Comisi\u00f3n Andina de Juristas titulada \u201eProtecci\u00f3n de los derechos humanos. Definiciones operativas\u201c, dirigida principalmente, como sus autores lo indican, a los operadores jur\u00ed\u00addicos de los pa\u00ed\u00adses de la Comunidad Andina, i.e., las instituciones nacionales llamadas a aplicar y desarrollar el derecho internacional de los derechos humanos en el ordenamiento interno de pa\u00ed\u00adses como Bolivia, Colombia, Chile, Ecuador, Per\u00fa y Venezuela.<\/p>\n<p>El libro contiene un estudio \u201eaproximativo\u201c del derecho vigente referente a la protecci\u00f3n internacional, en especial de los derechos civiles y pol\u00ed\u00adticos, dando a conocer en forma concisa, sistem\u00e1tica, met\u00f3dica y comparativa, tanto el sistema de protecci\u00f3n internacional como el sistema regional interamericano. Su lenguaje sencillo hace comprensible el ya tan complicado estudio del derecho internacional de los derechos humanos, lo que convierte este manual en una herramienta ideal para emprender un estudio en la protecci\u00f3n internacional de los derechos humanos, mas no para un examen profundo del mismo.<\/p>\n<p>Su contenido est\u00e1 estructurado en dos partes. La primera parte, que constituye en s\u00ed\u00ad la introducci\u00f3n, se dedica a hacer una breve descripci\u00f3n de las fuentes y metodolog\u00ed\u00ada empleadas y a realizar un estudio general e introductorio del sistema internacional y regional interamericano de protecci\u00f3n de los derechos humanos. En cuanto al sistema internacional de protecci\u00f3n de los derechos humanos a cargo de la ONU, los autores hacen referencia al mecanismo convencional y extraconvencional existentes y a sus \u00f3rganos competentes. Lo mismo hacen con el sistema regional interamericano se\u00f1alando su base jur\u00ed\u00addica y \u00f3rganos competentes como la Comisi\u00f3n y la Corte Interamericanas. Asimismo, se ocupan de las reglas v\u00e1lidas sobre la restricci\u00f3n de los derechos humanos y la supensi\u00f3n de los mismos en los reg\u00ed\u00admenes de excepci\u00f3n, concentr\u00e1ndose en el car\u00e1cter especial del sistema interamericano que ha conocido bastante bien estos dos recursos, en vista de que los Estados latinoamericanos han hecho uso frecuente y en algunos casos, excesivo de ellos, ya sea realizando aplicaciones extensivas de las restricciones a los derechos humanos hasta el punto de vaciar su contenido esencial, o bien ordenando suspensiones de derechos humanos que constituyen el \u201en\u00facleo duro\u201c o \u201eest\u00e1ndar m\u00ed\u00adnimo\u201c y por tanto, no deben ser objeto de suspensi\u00f3n alguna.<\/p>\n<p>La segunda parte, que conforma propiamente el volumen del libro, desarrolla cada uno de los derechos garantizados en los instrumentos de derechos humanos del sistema universal y del regional, precisando su contenido y alcance general v\u00e1lido en el sistema interamericano. Siguiendo la misma l\u00ed\u00adnea met\u00f3dica, en el desarrollo expositivo de cada derecho se citan como base legal sus normas correspondientes materializadas en la Declaraci\u00f3n Universal de los Derechos del Hombre y el Pacto Internacional de Derechos Civiles y Pol\u00ed\u00adticos, as\u00ed\u00ad como en la Declaraci\u00f3n Americana de Derechos y Deberes del Hombre y en la Convenci\u00f3n Americana de Derechos Humanos con la debida alusi\u00f3n a la suspensi\u00f3n de los derechos.<\/p>\n<p>Esta exposici\u00f3n se complementa con unas referencias oportunas de la jurisprudencia (opiniones, recomendaciones, sentencias) de las instancias internacionales y regionales de protecci\u00f3n de los derechos humanos como el Comit\u00e9 de derechos humanos, la Comisi\u00f3n de Derechos Humanos, la Comisi\u00f3n Interamericana y la Corte Interamericana. Comparativamente se hace tambi\u00e9n referencia de algunas decisiones del Tribunal Europeo de derechos humanos.<\/p>\n<p>As\u00ed\u00ad, se toma atenci\u00f3n al derecho a la vida, a la integridad personal, la libertad personal, libertad de tr\u00e1nsito, garant\u00ed\u00adas del debido proceso, derecho a un recurso efectivo, derecho a la honra, buena reputaci\u00f3n, libertad de conciencia y religi\u00f3n, libertad de opini\u00f3n, expresi\u00f3n e informaci\u00f3n, libertad de reuni\u00f3n, libertad de asociaci\u00f3n, derecho a la participaci\u00f3n pol\u00ed\u00adtica, derecho a constituir una familia y a su protecci\u00f3n, concluyendo con el derecho de no discriminaci\u00f3n e igualdad ante la ley.<\/p>\n<p>Ha de notarse que el trabajo cuidadosamente elaborado por la CAJ tiene un car\u00e1cter m\u00e1s did\u00e1ctico que cr\u00ed\u00adtico sobre los mecanismos internacionales y regionales de protecci\u00f3n de los derechos humanos. Su lectura puede motivar f\u00e1cilmente estudios m\u00e1s profundos en la protecci\u00f3n internacional de uno de los derechos humanos tratados. La escasez de referencias bibliogr\u00e1ficas, necesarias para continuar con ellos, no desmerece la calidad del trabajo realizado en pos de la divulgaci\u00f3n de los derechos humanos en Latinoam\u00e9rica.<\/p>\n<p>(M. C. A\u00f1a\u00f1os Meza)<\/p>\n","protected":false},"excerpt":{"rendered":"<p>Una contribuci\u00f3n m\u00e1s en la difusi\u00f3n del derecho internacional de los derechos humanos puede apreciarse en la publicaci\u00f3n de la Comisi\u00f3n Andina de Juristas titulada \u201eProtecci\u00f3n de los derechos humanos. Definiciones operativas\u201c, dirigida principalmente, como sus autores lo indican, a los operadores jur\u00ed\u00addicos de los pa\u00ed\u00adses de la Comunidad Andina, i.e., las instituciones nacionales llamadas<br \/><span class=\"excerpt_more\"><br \/><a href=\"https:\/\/www.menschenrechte.org\/es\/2002\/11\/15\/proteccion-de-los-derechos-humanos-definiciones-operativas-comision-andina-de-juristas-lima-1997\/\">[ &#8230; ]<\/a><\/span><\/p>\n","protected":false},"author":15,"featured_media":0,"comment_status":"closed","ping_status":"closed","sticky":false,"template":"","format":"standard","meta":{"footnotes":""},"categories":[7],"tags":[31,43],"class_list":["post-160","post","type-post","status-publish","format-standard","hentry","category-resenas","tag-america-latina","tag-derechos-humanos"],"_links":{"self":[{"href":"https:\/\/www.menschenrechte.org\/es\/wp-json\/wp\/v2\/posts\/160","targetHints":{"allow":["GET"]}}],"collection":[{"href":"https:\/\/www.menschenrechte.org\/es\/wp-json\/wp\/v2\/posts"}],"about":[{"href":"https:\/\/www.menschenrechte.org\/es\/wp-json\/wp\/v2\/types\/post"}],"author":[{"embeddable":true,"href":"https:\/\/www.menschenrechte.org\/es\/wp-json\/wp\/v2\/users\/15"}],"replies":[{"embeddable":true,"href":"https:\/\/www.menschenrechte.org\/es\/wp-json\/wp\/v2\/comments?post=160"}],"version-history":[{"count":1,"href":"https:\/\/www.menschenrechte.org\/es\/wp-json\/wp\/v2\/posts\/160\/revisions"}],"predecessor-version":[{"id":161,"href":"https:\/\/www.menschenrechte.org\/es\/wp-json\/wp\/v2\/posts\/160\/revisions\/161"}],"wp:attachment":[{"href":"https:\/\/www.menschenrechte.org\/es\/wp-json\/wp\/v2\/media?parent=160"}],"wp:term":[{"taxonomy":"category","embeddable":true,"href":"https:\/\/www.menschenrechte.org\/es\/wp-json\/wp\/v2\/categories?post=160"},{"taxonomy":"post_tag","embeddable":true,"href":"https:\/\/www.menschenrechte.org\/es\/wp-json\/wp\/v2\/tags?post=160"}],"curies":[{"name":"wp","href":"https:\/\/api.w.org\/{rel}","templated":true}]}}