{"id":77,"date":"2010-08-18T11:47:26","date_gmt":"2010-08-18T09:47:26","guid":{"rendered":"https:\/\/www.menschenrechte.org\/es\/?p=77"},"modified":"2019-02-19T11:50:55","modified_gmt":"2019-02-19T10:50:55","slug":"peru-exposicion","status":"publish","type":"post","link":"https:\/\/www.menschenrechte.org\/es\/2010\/08\/18\/peru-exposicion\/","title":{"rendered":"Per\u00fa Exposici\u00f3n"},"content":{"rendered":"<p><span lang=\"es\"><strong>Cuando la pena se transforma en arte &#8211; Arte popular ayacuchano en los tiempos de violencia<\/strong><\/span><\/p>\n<p><span lang=\"es\">La presentaci\u00f3n del informe de la Comisi\u00f3n de Verdad y Reconciliaci\u00f3n, CVR, es el momento oportuno para recordar no s\u00f3lo los cr\u00ed\u00admenes aberrantes cometidos en el Per\u00fa sino tambi\u00e9n el impacto que esa violencia tuviera en la conciencia de los pueblos.<\/span><\/p>\n<p><span lang=\"es\">Las cifras son una cosa, otra son las huellas que los atropellos de uno y otro de los actores violentos han dejado en el alma de la gente que han sufrido durante tantos a\u00f1os. Mientras reinaba el silencio en grandes partes del Per\u00fa, muchos artistas populares especialmente de la regi\u00f3n de Ayacucho, y entre los desplazados que hu\u00ed\u00adan a las ciudades de la costa, expresaban en sus obras ese dolor profundo de las campesinas y los campesinos, y el rechazo que sent\u00ed\u00adan frente a la violencia deshumanizante. [&#8230;]<\/span><\/p>\n<p><a href=\"https:\/\/www.menschenrechte.org\/\/peru_ausstellung\/peru_ausstellung.htm\" target=\"_blank\" rel=\"noopener\"><img loading=\"lazy\" decoding=\"async\" class=\"alignnone size-full wp-image-2356\" title=\"Peru Ausstellung\" src=\"https:\/\/www.menschenrechte.org\/wp-content\/uploads\/2009\/12\/Peru-Ausstellung.png\" alt=\"Screenshot der Webseite zur Peru Ausstellung\" width=\"436\" height=\"417\" \/><\/a><\/p>\n<p><span lang=\"es\">Hacia la p\u00e1gina web de <a href=\"https:\/\/www.menschenrechte.org\/\/peru_ausstellung\/peru_ausstellung.htm\" target=\"_blank\" rel=\"noopener\">la exposici\u00f3n<\/a><\/span><\/p>\n","protected":false},"excerpt":{"rendered":"<p>Cuando la pena se transforma en arte &#8211; Arte popular ayacuchano en los tiempos de violencia<br \/>\nLa presentaci\u00f3n del informe de la Comisi\u00f3n de Verdad y Reconciliaci\u00f3n, CVR, es el momento oportuno para recordar no s\u00f3lo los cr\u00ed\u00admenes aberrantes cometidos en el Per\u00fa sino tambi\u00e9n el impacto que esa violencia tuviera en la conciencia de los pueblos. [&#8230;]<\/p>\n","protected":false},"author":15,"featured_media":0,"comment_status":"open","ping_status":"open","sticky":false,"template":"","format":"standard","meta":{"footnotes":""},"categories":[12,15,3],"tags":[25,24,26],"class_list":["post-77","post","type-post","status-publish","format-standard","hentry","category-cooperaciones","category-exposiciones","category-proyetos","tag-defensa-de-los-derechos-humanos","tag-peru","tag-tortura"],"_links":{"self":[{"href":"https:\/\/www.menschenrechte.org\/es\/wp-json\/wp\/v2\/posts\/77","targetHints":{"allow":["GET"]}}],"collection":[{"href":"https:\/\/www.menschenrechte.org\/es\/wp-json\/wp\/v2\/posts"}],"about":[{"href":"https:\/\/www.menschenrechte.org\/es\/wp-json\/wp\/v2\/types\/post"}],"author":[{"embeddable":true,"href":"https:\/\/www.menschenrechte.org\/es\/wp-json\/wp\/v2\/users\/15"}],"replies":[{"embeddable":true,"href":"https:\/\/www.menschenrechte.org\/es\/wp-json\/wp\/v2\/comments?post=77"}],"version-history":[{"count":1,"href":"https:\/\/www.menschenrechte.org\/es\/wp-json\/wp\/v2\/posts\/77\/revisions"}],"predecessor-version":[{"id":78,"href":"https:\/\/www.menschenrechte.org\/es\/wp-json\/wp\/v2\/posts\/77\/revisions\/78"}],"wp:attachment":[{"href":"https:\/\/www.menschenrechte.org\/es\/wp-json\/wp\/v2\/media?parent=77"}],"wp:term":[{"taxonomy":"category","embeddable":true,"href":"https:\/\/www.menschenrechte.org\/es\/wp-json\/wp\/v2\/categories?post=77"},{"taxonomy":"post_tag","embeddable":true,"href":"https:\/\/www.menschenrechte.org\/es\/wp-json\/wp\/v2\/tags?post=77"}],"curies":[{"name":"wp","href":"https:\/\/api.w.org\/{rel}","templated":true}]}}